{"id":47329,"date":"2025-04-23T19:21:11","date_gmt":"2025-04-23T19:21:11","guid":{"rendered":"https:\/\/www.europesays.com\/fr\/47329\/"},"modified":"2025-04-23T19:21:11","modified_gmt":"2025-04-23T19:21:11","slug":"christian-mbilli-jouera-le-titre-wbc-par-interim-face-au-polonais-sulecki","status":"publish","type":"post","link":"https:\/\/www.europesays.com\/fr\/47329\/","title":{"rendered":"Christian Mbilli jouera le titre WBC par int\u00e9rim face au Polonais Sulecki"},"content":{"rendered":"<p>Le boxeur fran\u00e7ais affrontera Maciej Sulecki le 27 juin prochain \u00e0 Qu\u00e9bec.<\/p>\n<p class=\"fig-paragraph\">Le boxeur fran\u00e7ais\u00a0<a href=\"http:\/\/www.lefigaro.fr\/sports\/autres-sports\/boxe-christian-mbilli-l-emporte-contre-sergiy-derevyanchenko-20240818\" target=\"_blank\" data-fig-type=\"NewsFlash\" rel=\"noopener\" data-gtm-custom-categorie=\"navigation\" data-gtm-custom-action=\"crossclick\" data-gtm-custom-label=\"Contextuel\" data-gtm-event=\"customEventSPE\" data-fig-domain=\"LEFIGARO\">Christian Mbilli<\/a>\u00a0affrontera le Polonais Maciej Sulecki pour la ceinture int\u00e9rimaire WBC des super-moyens, le 27 juin prochain \u00e0 Qu\u00e9bec (Canada), ont annonc\u00e9 mercredi les promoteurs du combat. Christian Mbilli est invaincu chez les professionnels avec 28 victoires en autant de combats, dont 23 avant la limite, et reste sur une victoire convaincante contre l&rsquo;Ukrainien Sergiy Derevyanchenko, battu par d\u00e9cision unanime (100-90, 98-92, 99-91) mi-ao\u00fbt \u00e0 Qu\u00e9bec.<\/p>\n<p class=\"fig-paragraph\">Ces derni\u00e8res ann\u00e9es, le Fran\u00e7ais a vaincu plusieurs aspirants du top 10 de sa cat\u00e9gorie, au point d&rsquo;atteindre la deuxi\u00e8me place du classement mondial du site de r\u00e9f\u00e9rence boxrec derri\u00e8re le champion unifi\u00e9 Saul \u00abCanelo\u00bb Alvarez. Ce dernier \u00e9tant d\u00e9j\u00e0 engag\u00e9 pour deux combats, le 3 mai prochain contre William Scull et sans doute en septembre face \u00e0 Terence Crawford, la WBC a d\u00e9cid\u00e9 d&rsquo;accorder \u00e0 Mbilli un combat pour le titre par int\u00e9rim.<\/p>\n<p class=\"fig-paragraph\">\u00abJ&rsquo;attends ce moment depuis si longtemps, j&rsquo;ai tellement travaill\u00e9 fort pour m&rsquo;y rendre, que je n&rsquo;ai certainement pas l&rsquo;intention de repartir sans la ceinture le 27 juin\u00bb, a affirm\u00e9 Mbilli. \u00abJe tiens \u00e0 saluer le courage de mon adversaire d&rsquo;avoir accept\u00e9 ce d\u00e9fi. Mais une fois dans le ring, il devra faire face \u00e0 toute l&rsquo;intensit\u00e9 et la rage accumul\u00e9es contre ceux qui ont refus\u00e9 de m&rsquo;affronter avant lui.\u00bb A 35 ans, Sulecki affiche un bilan de 33 victoires dont 13 avant la limite, pour trois d\u00e9faites. Class\u00e9 7e \u00e0 la WBC, il s&rsquo;\u00e9tait empar\u00e9 de la ceinture WBC Silver en f\u00e9vrier dernier en surprenant le Kazakh Ali Akhmedov.<\/p>\n","protected":false},"excerpt":{"rendered":"Le boxeur fran\u00e7ais affrontera Maciej Sulecki le 27 juin prochain \u00e0 Qu\u00e9bec. Le boxeur fran\u00e7ais\u00a0Christian Mbilli\u00a0affrontera le Polonais&hellip;\n","protected":false},"author":2,"featured_media":47330,"comment_status":"","ping_status":"","sticky":false,"template":"","format":"standard","meta":{"footnotes":""},"categories":[1412],"tags":[13740,1451,1452,1453,1454,1455,1011,27,13743,955,1980,60,13741,13742],"class_list":{"0":"post-47329","1":"post","2":"type-post","3":"status-publish","4":"format-standard","5":"has-post-thumbnail","7":"category-f1","8":"tag-boxe","9":"tag-f1","10":"tag-formula-1","11":"tag-formula1","12":"tag-formule-1","13":"tag-formule1","14":"tag-fr","15":"tag-france","16":"tag-ko","17":"tag-match","18":"tag-resultats","19":"tag-sports","20":"tag-wba","21":"tag-wbc"},"share_on_mastodon":{"url":"https:\/\/pubeurope.com\/@fr\/114388905703259609","error":""},"_links":{"self":[{"href":"https:\/\/www.europesays.com\/fr\/wp-json\/wp\/v2\/posts\/47329","targetHints":{"allow":["GET"]}}],"collection":[{"href":"https:\/\/www.europesays.com\/fr\/wp-json\/wp\/v2\/posts"}],"about":[{"href":"https:\/\/www.europesays.com\/fr\/wp-json\/wp\/v2\/types\/post"}],"author":[{"embeddable":true,"href":"https:\/\/www.europesays.com\/fr\/wp-json\/wp\/v2\/users\/2"}],"replies":[{"embeddable":true,"href":"https:\/\/www.europesays.com\/fr\/wp-json\/wp\/v2\/comments?post=47329"}],"version-history":[{"count":0,"href":"https:\/\/www.europesays.com\/fr\/wp-json\/wp\/v2\/posts\/47329\/revisions"}],"wp:featuredmedia":[{"embeddable":true,"href":"https:\/\/www.europesays.com\/fr\/wp-json\/wp\/v2\/media\/47330"}],"wp:attachment":[{"href":"https:\/\/www.europesays.com\/fr\/wp-json\/wp\/v2\/media?parent=47329"}],"wp:term":[{"taxonomy":"category","embeddable":true,"href":"https:\/\/www.europesays.com\/fr\/wp-json\/wp\/v2\/categories?post=47329"},{"taxonomy":"post_tag","embeddable":true,"href":"https:\/\/www.europesays.com\/fr\/wp-json\/wp\/v2\/tags?post=47329"}],"curies":[{"name":"wp","href":"https:\/\/api.w.org\/{rel}","templated":true}]}}