{"id":473295,"date":"2025-10-18T20:38:12","date_gmt":"2025-10-18T20:38:12","guid":{"rendered":"https:\/\/www.europesays.com\/fr\/473295\/"},"modified":"2025-10-18T20:38:12","modified_gmt":"2025-10-18T20:38:12","slug":"les-plus-precaires-mis-a-tres-forte-contribution-par-le-gouvernement-liberation","status":"publish","type":"post","link":"https:\/\/www.europesays.com\/fr\/473295\/","title":{"rendered":"les plus pr\u00e9caires mis \u00e0 tr\u00e8s forte contribution par le gouvernement \u2013 Lib\u00e9ration"},"content":{"rendered":"<p class=\"sc-cPiKLX AiZTS text-element\">\u00abIl n\u2019est pas trop tard pour faire machine arri\u00e8re\u00bb, \u00e9crivaient les quelque 80 associations de solidarit\u00e9 regroup\u00e9es dans le collectif Alerte \u00e0 Fran\u00e7ois Bayrou le 17 juillet, deux jours apr\u00e8s la pr\u00e9sentation des intentions budg\u00e9taires de l\u2019ancien Premier ministre. Elles s\u2019inqui\u00e9taient dans cette lettre des cons\u00e9quences de nombreuses mesures d\u2019\u00e9conomies visant les plus pr\u00e9caires, \u00e0 commencer par <a href=\"https:\/\/www.liberation.fr\/economie\/budget-2026-quest-ce-quune-annee-blanche-la-piste-deconomies-envisagee-par-francois-bayrou-20250713_AORJKRTO35CCHMCABPAE44AICE\/\" target=\"_blank\" rel=\"noopener\" title=\"https:\/\/www.liberation.fr\/economie\/budget-2026-quest-ce-quune-annee-blanche-la-piste-deconomies-envisagee-par-francois-bayrou-20250713_AORJKRTO35CCHMCABPAE44AICE\/\">l\u2019ann\u00e9e blanche<\/a>. Elles n\u2019\u00e9taient pas les seules. Une \u00abinjustice crasse\u00bb, tonnait par exemple le pr\u00e9sident du groupe socialiste \u00e0 l\u2019Assembl\u00e9e nationale, Boris Vallaud, <a href=\"https:\/\/www.liberation.fr\/politique\/boris-vallaud-la-logique-voudrait-que-le-president-de-la-republique-laisse-sa-chance-a-la-gauche-20250826_O2ZPFXQ7CRB3LKGRVKIPVTQZCQ\/\" target=\"_blank\" rel=\"noopener\">dans Lib\u00e9ration<\/a>. <\/p>\n<p class=\"sc-cPiKLX AiZTS text-element\">Trois mois plus tard, les alarmes et les indignations n\u2019y auront rien chang\u00e9. Le locataire de Matignon n\u2019est plus le m\u00eame, mais les mesures concernant les plus pauvres ne sont gu\u00e8re diff\u00e9rentes. Dans les projets de loi de finances (PLF) et celui de financement de la S\u00e9curit\u00e9 sociale (PLFSS) pour l\u2019an prochain,  <\/p>\n","protected":false},"excerpt":{"rendered":"\u00abIl n\u2019est pas trop tard pour faire machine arri\u00e8re\u00bb, \u00e9crivaient les quelque 80 associations de solidarit\u00e9 regroup\u00e9es dans&hellip;\n","protected":false},"author":2,"featured_media":473296,"comment_status":"","ping_status":"","sticky":false,"template":"","format":"standard","meta":{"footnotes":""},"categories":[2],"tags":[11,25548,1011,27,12,10181,25],"class_list":{"0":"post-473295","1":"post","2":"type-post","3":"status-publish","4":"format-standard","5":"has-post-thumbnail","7":"category-actualites","8":"tag-actualites","9":"tag-budget-public","10":"tag-fr","11":"tag-france","12":"tag-news","13":"tag-precarite","14":"tag-republique-francaise"},"share_on_mastodon":{"url":"https:\/\/pubeurope.com\/@fr\/115397099811086593","error":""},"_links":{"self":[{"href":"https:\/\/www.europesays.com\/fr\/wp-json\/wp\/v2\/posts\/473295","targetHints":{"allow":["GET"]}}],"collection":[{"href":"https:\/\/www.europesays.com\/fr\/wp-json\/wp\/v2\/posts"}],"about":[{"href":"https:\/\/www.europesays.com\/fr\/wp-json\/wp\/v2\/types\/post"}],"author":[{"embeddable":true,"href":"https:\/\/www.europesays.com\/fr\/wp-json\/wp\/v2\/users\/2"}],"replies":[{"embeddable":true,"href":"https:\/\/www.europesays.com\/fr\/wp-json\/wp\/v2\/comments?post=473295"}],"version-history":[{"count":0,"href":"https:\/\/www.europesays.com\/fr\/wp-json\/wp\/v2\/posts\/473295\/revisions"}],"wp:featuredmedia":[{"embeddable":true,"href":"https:\/\/www.europesays.com\/fr\/wp-json\/wp\/v2\/media\/473296"}],"wp:attachment":[{"href":"https:\/\/www.europesays.com\/fr\/wp-json\/wp\/v2\/media?parent=473295"}],"wp:term":[{"taxonomy":"category","embeddable":true,"href":"https:\/\/www.europesays.com\/fr\/wp-json\/wp\/v2\/categories?post=473295"},{"taxonomy":"post_tag","embeddable":true,"href":"https:\/\/www.europesays.com\/fr\/wp-json\/wp\/v2\/tags?post=473295"}],"curies":[{"name":"wp","href":"https:\/\/api.w.org\/{rel}","templated":true}]}}