{"id":473299,"date":"2025-10-18T20:40:24","date_gmt":"2025-10-18T20:40:24","guid":{"rendered":"https:\/\/www.europesays.com\/fr\/473299\/"},"modified":"2025-10-18T20:40:24","modified_gmt":"2025-10-18T20:40:24","slug":"anthony-cosson-sacre-a-lisieux","status":"publish","type":"post","link":"https:\/\/www.europesays.com\/fr\/473299\/","title":{"rendered":"Anthony Cosson sacr\u00e9 \u00e0 Lisieux"},"content":{"rendered":"<p>            Par<br \/>\n        <strong><br \/>\n            <a href=\"https:\/\/actu.fr\/auteur\/patrick-oger\" title=\"Consulter tous les articles de Patrick Oger\" target=\"_blank\" rel=\"noopener\">Patrick Oger<\/a><br \/>\n        <\/strong><\/p>\n<p>        Publi\u00e9 le<\/p>\n<p>            18 oct. 2025 \u00e0 21h53        <\/p>\n<p>Ambiance de f\u00eate ce samedi 18 octobre 2025 dans le parc des expositions de Lisieux o\u00f9 les protagonistes de la finale de la Coupe de France des rallyes ont boucl\u00e9 la boucle avec une remise des prix particuli\u00e8rement fastueuse devant, au moins, 1500 spectateurs. Photos et vid\u00e9o.<\/p>\n<p class=\" wall-content\"><a href=\"https:\/\/www.ffsa.org\/disciplines\/rallye\/finale-de-la-coupe-de-france-des-rallyes-lisieux-2025-62329259\/live\" target=\"_blank\" rel=\"noopener\">Le classement final.<\/a><\/p>\n<p>    <img   decoding=\"async\" loading=\"lazy\" src=\"https:\/\/www.europesays.com\/fr\/wp-content\/uploads\/2025\/10\/fq2i6154-960x640.jpg\" alt=\"Le podium de la finale de la Coupe de France 2025 \u00e0 Lisieux.\" width=\"960\" height=\"640\"\/><br \/>\n    Le podium de la finale de la Coupe de France 2025 \u00e0 Lisieux. (\u00a9Le Pays d\u2019Auge)<\/p>\n<p class=\" wall-content\">\n<p>Anthony Cosson, vainqueur\u2026 les Porsches aux trois premi\u00e8res places<\/p>\n<p class=\" wall-content\">Les h\u00e9ros du week-end \u00e0 Lisieux ont \u00e9t\u00e9 r\u00e9compens\u00e9s sur la sc\u00e8ne du parc des expositions et, tout particuli\u00e8rement, le grand vainqueur de cette finale de la Coupe de France : <a href=\"https:\/\/actu.fr\/normandie\/lisieux_14366\/automobile-anthony-cosson-trimphe-sur-la-finale-de-la-coupe-de-france-des-rallyes-lisieux-2025_63319887.html\" target=\"_blank\" rel=\"noopener\">Anthony Cosson<\/a>. Au volant de sa Porsche, il s\u2019est montr\u00e9 le plus r\u00e9gulier et \u00e9videmment le plus rapide. Il s\u2019impose devant deux autres Porsches\u2026 celles de C\u00f4me Ledegar, 2e, et Ghislain Barbier.<\/p>\n<p>La galerie photos<\/p>\n<p class=\" wall-content\">.<\/p>\n<p class=\" wall-content\">Personnalisez votre actualit\u00e9 en ajoutant vos villes et m\u00e9dias en favori avec <a href=\"https:\/\/moncompte.actu.fr\" title=\"D\u00e9couvez Mon Actu\" rel=\"nofollow noopener\" data-trk=\"{&quot;cta&quot;:{&quot;action&quot;:&quot;https:\\\/\\\/moncompte.actu.fr&quot;,&quot;category&quot;:&quot;mon compte&quot;,&quot;from&quot;:&quot;article footer&quot;,&quot;name&quot;:&quot;Mon actu&quot;,&quot;type&quot;:&quot;cta&quot;}}\" target=\"_blank\">Mon Actu<\/a>.<\/p>\n","protected":false},"excerpt":{"rendered":"Par Patrick Oger Publi\u00e9 le 18 oct. 2025 \u00e0 21h53 Ambiance de f\u00eate ce samedi 18 octobre 2025&hellip;\n","protected":false},"author":2,"featured_media":473300,"comment_status":"","ping_status":"","sticky":false,"template":"","format":"standard","meta":{"footnotes":""},"categories":[4],"tags":[11,1011,27,12,25,60,10200],"class_list":{"0":"post-473299","1":"post","2":"type-post","3":"status-publish","4":"format-standard","5":"has-post-thumbnail","7":"category-france","8":"tag-actualites","9":"tag-fr","10":"tag-france","11":"tag-news","12":"tag-republique-francaise","13":"tag-sports","14":"tag-sports-mecaniques"},"share_on_mastodon":{"url":"https:\/\/pubeurope.com\/@fr\/115397108293332072","error":""},"_links":{"self":[{"href":"https:\/\/www.europesays.com\/fr\/wp-json\/wp\/v2\/posts\/473299","targetHints":{"allow":["GET"]}}],"collection":[{"href":"https:\/\/www.europesays.com\/fr\/wp-json\/wp\/v2\/posts"}],"about":[{"href":"https:\/\/www.europesays.com\/fr\/wp-json\/wp\/v2\/types\/post"}],"author":[{"embeddable":true,"href":"https:\/\/www.europesays.com\/fr\/wp-json\/wp\/v2\/users\/2"}],"replies":[{"embeddable":true,"href":"https:\/\/www.europesays.com\/fr\/wp-json\/wp\/v2\/comments?post=473299"}],"version-history":[{"count":0,"href":"https:\/\/www.europesays.com\/fr\/wp-json\/wp\/v2\/posts\/473299\/revisions"}],"wp:featuredmedia":[{"embeddable":true,"href":"https:\/\/www.europesays.com\/fr\/wp-json\/wp\/v2\/media\/473300"}],"wp:attachment":[{"href":"https:\/\/www.europesays.com\/fr\/wp-json\/wp\/v2\/media?parent=473299"}],"wp:term":[{"taxonomy":"category","embeddable":true,"href":"https:\/\/www.europesays.com\/fr\/wp-json\/wp\/v2\/categories?post=473299"},{"taxonomy":"post_tag","embeddable":true,"href":"https:\/\/www.europesays.com\/fr\/wp-json\/wp\/v2\/tags?post=473299"}],"curies":[{"name":"wp","href":"https:\/\/api.w.org\/{rel}","templated":true}]}}