{"id":473308,"date":"2025-10-18T20:47:08","date_gmt":"2025-10-18T20:47:08","guid":{"rendered":"https:\/\/www.europesays.com\/fr\/473308\/"},"modified":"2025-10-18T20:47:08","modified_gmt":"2025-10-18T20:47:08","slug":"max-verstappen-remporte-le-sprint-a-austin-et-reprend-8-points-a-oscar-piastri-et-lando-norris-contraints-a-labandon-lequipe","status":"publish","type":"post","link":"https:\/\/www.europesays.com\/fr\/473308\/","title":{"rendered":"Max Verstappen remporte le sprint \u00e0 Austin et reprend 8 points \u00e0 Oscar Piastri et Lando Norris, contraints \u00e0 l&#039;abandon &#8211; L&#039;\u00c9quipe"},"content":{"rendered":"<ol>\n<li><a href=\"https:\/\/news.google.com\/rss\/articles\/CBMi_gFBVV95cUxPUEJFRFZVS0JoWG90WUt2a21iXzdpYnNzTDRuNlIxMmlkMVU3cHN5NWlLU3dYbHowSk5CZ0loM1Zhem95STdWYlhpY0ktRTlqSmFQT1lJWnR2VENXLWdUN3prNmJrNUtVemwyQUN3Q0JPQmt6Y2MtcmdCUVdxbHQyOVNxbUdSOC10UkhhUERmbUxieDNObUYxNUdPZDJKdHpRWXRxTEpPUm1RYlNmd0hCMnVwbkN1S1BLcnhnai1hN3QxcG1tSUo2RXVIdHk2S1JVOEpwX1V0QzRwTG5NXzlfUDVJVWxFZ2o3dnNpWnRjUnA3cDV2WmdyZVdlbGo0UQ?oc=5\" target=\"_blank\" rel=\"nofollow noopener\">Max Verstappen remporte le sprint \u00e0 Austin et reprend 8 points \u00e0 Oscar Piastri et Lando Norris, contraints \u00e0 l&rsquo;abandon<\/a>&nbsp;&nbsp;L&rsquo;\u00c9quipe<\/li>\n<li><a href=\"https:\/\/news.google.com\/rss\/articles\/CBMivwJBVV95cUxNMEV2WnR2SUpoa0NWUnh3UXFfY0l0UTdqeHRvbWZ0QVYtTEJQMWRnUVJWTnd0SjByUVVybXlveE9oYVZUT2M2M0tnZFRmMXpyNm1uWEJwMVlfQk9FWFNHbjJKTml5Ty1tV2VsU01XNTZkQmwyR2F1QkVqUXVEd1F1UHA2ZmxhNnFlM3YwVWg2c1hmNER5UkRodmdod05KbDlTUFowN1BVOENGU3l6b3h1Y1Vza1pUTzR3YW12NHVXdzU4WjkwV0FPbUkxdXZYWUVVbXZRa1dwMGtleGIyQ0RhaFJDc2xWZEZsMkQ0ZmNkVjYyUU5PVHVyRjJmYlRmQmxzRkd4WmxIVnNIRzRnVllrRE0wYjV1UTlxbnZQRlRHeW44RVdDTl9uYUY3TWVlV3EtWURqUGRhNENvWGIzUmhr?oc=5\" target=\"_blank\" rel=\"nofollow noopener\">\u00ab\u00a0Du pilotage d&rsquo;amateur\u00a0\u00bb : \u00e0 qui la faute ?<\/a>&nbsp;&nbsp;Eurosport<\/li>\n<li><a href=\"https:\/\/news.google.com\/rss\/articles\/CBMi-AFBVV95cUxPd2hfVjY1alMyTFBuWEJVLWhMd25kOXFWVHlLUVhtang5a0pIZmZlUHBfNEwyZm9Fc2R3UFdMUnNHbV9kdFVyQnBpNmRPVWxqX0hGdGZ0WjNGbFB5TThHQlAtbGVnVFczd3ZaSHBCVW9mLUxCWGZoVEtWLWg5RUZxMFROam1XdHhweFpEd1I3NXVSNm12TVY1OGpzeG41cjRUVE9UcGZWNVVScjNabW5TYy1ONEtJWllsWXFnY2hpSVFQNW0xajlMbmVzQUxXS0Y4UGdXNGN4X0plak42OEI5eGdvN3FsUmdCZ245NHBfWDA1U2d6eThlZw?oc=5\" target=\"_blank\" rel=\"nofollow noopener\">F1. Verstappen remporte la course sprint du Grand Prix des \u00c9tats-Unis, double abandon pour McLaren<\/a>&nbsp;&nbsp;Ouest-France<\/li>\n<li><a href=\"https:\/\/news.google.com\/rss\/articles\/CBMixwFBVV95cUxQTkNsNmxReDVWX05UWUhpRjlvaTJQZ3FubHJJdWdpUlVHaE9rS1dqTk8yOFJnczFaaEZhbXFFVUJHRlg3NDRFcndoWjBaeG1na0NkWG5zdDF1cFZoMkFGUC1SZnJvS01NWm15QjB0Z2xUbm5wNFV6OWx4M0MwU0JLdWs3am1uZnFmZnpBQXU0RmFZMEgzNHNFV0tNb3haZE5YdGhUMFliMHNTblgxTU1Eb2tnejA4QkFCS1lUX05VU0VLVWdhOXpZ?oc=5\" target=\"_blank\" rel=\"nofollow noopener\">F1 &#8211; GP des Etats-Unis : Suivez la course sprint en direct<\/a>&nbsp;&nbsp;Orange Actualit\u00e9s | Sports<\/li>\n<li><a href=\"https:\/\/news.google.com\/rss\/articles\/CBMimgFBVV95cUxNU2hIcExET1JkWG0ycHVVSE9tOGJRTE4xXzhYdDZrSmhlWk9ucmRuTFM2SlFjbVAxbnZ0TVFLeC1IdUFqMFVJUGJRVC0zVi0tS3NkU2xzYWxUaDhWNXB2QzRPMzZNbTYtWmtxV3BKN2dEdUo5WlJDRmp1WnpfT19Ld0pLUFhLczJKRjFodmtpOHM1WWU1elp3V3lR?oc=5\" target=\"_blank\" rel=\"nofollow noopener\">Sprint &#8211; Catastrophe pour McLaren, Verstappen se frotte les mains<\/a>&nbsp;&nbsp;Motorsport.com<\/li>\n<\/ol>\n","protected":false},"excerpt":{"rendered":"Max Verstappen remporte le sprint \u00e0 Austin et reprend 8 points \u00e0 Oscar Piastri et Lando Norris, contraints&hellip;\n","protected":false},"author":2,"featured_media":395849,"comment_status":"","ping_status":"","sticky":false,"template":"","format":"standard","meta":{"footnotes":""},"categories":[1412],"tags":[1451,1452,1453,1454,1455,1011,27,60],"class_list":{"0":"post-473308","1":"post","2":"type-post","3":"status-publish","4":"format-standard","5":"has-post-thumbnail","7":"category-f1","8":"tag-f1","9":"tag-formula-1","10":"tag-formula1","11":"tag-formule-1","12":"tag-formule1","13":"tag-fr","14":"tag-france","15":"tag-sports"},"share_on_mastodon":{"url":"https:\/\/pubeurope.com\/@fr\/115397135193052289","error":""},"_links":{"self":[{"href":"https:\/\/www.europesays.com\/fr\/wp-json\/wp\/v2\/posts\/473308","targetHints":{"allow":["GET"]}}],"collection":[{"href":"https:\/\/www.europesays.com\/fr\/wp-json\/wp\/v2\/posts"}],"about":[{"href":"https:\/\/www.europesays.com\/fr\/wp-json\/wp\/v2\/types\/post"}],"author":[{"embeddable":true,"href":"https:\/\/www.europesays.com\/fr\/wp-json\/wp\/v2\/users\/2"}],"replies":[{"embeddable":true,"href":"https:\/\/www.europesays.com\/fr\/wp-json\/wp\/v2\/comments?post=473308"}],"version-history":[{"count":0,"href":"https:\/\/www.europesays.com\/fr\/wp-json\/wp\/v2\/posts\/473308\/revisions"}],"wp:featuredmedia":[{"embeddable":true,"href":"https:\/\/www.europesays.com\/fr\/wp-json\/wp\/v2\/media\/395849"}],"wp:attachment":[{"href":"https:\/\/www.europesays.com\/fr\/wp-json\/wp\/v2\/media?parent=473308"}],"wp:term":[{"taxonomy":"category","embeddable":true,"href":"https:\/\/www.europesays.com\/fr\/wp-json\/wp\/v2\/categories?post=473308"},{"taxonomy":"post_tag","embeddable":true,"href":"https:\/\/www.europesays.com\/fr\/wp-json\/wp\/v2\/tags?post=473308"}],"curies":[{"name":"wp","href":"https:\/\/api.w.org\/{rel}","templated":true}]}}