{"id":473309,"date":"2025-10-18T20:48:13","date_gmt":"2025-10-18T20:48:13","guid":{"rendered":"https:\/\/www.europesays.com\/fr\/473309\/"},"modified":"2025-10-18T20:48:13","modified_gmt":"2025-10-18T20:48:13","slug":"je-nai-pas-gagne-uniquement-parce-que-jetais-maigre-se-defend-pauline-ferrand-prevot-apres-son-triomphe-au-tour-de-france","status":"publish","type":"post","link":"https:\/\/www.europesays.com\/fr\/473309\/","title":{"rendered":"\u00abJe n&rsquo;ai pas gagn\u00e9 uniquement parce que j&rsquo;\u00e9tais maigre\u00bb, se d\u00e9fend Pauline Ferrand-Pr\u00e9vot apr\u00e8s son triomphe au Tour de France"},"content":{"rendered":"<p>\n    La gagnante du Tour de France 2025 s\u2019est exprim\u00e9e ce samedi \u00e0 nos confr\u00e8res de Sud-Ouest sur sa victoire sur le Tour de France cet \u00e9t\u00e9.<\/p>\n<p class=\"fig-paragraph\">La cycliste fran\u00e7aise\u00a0<a href=\"http:\/\/www.lefigaro.fr\/sports\/cyclisme\/mondiaux-de-kigali-championnats-d-europe-apres-une-saison-hors-norme-les-nouveaux-defis-de-pauline-ferrand-prevot-20250926\" target=\"_blank\" data-fig-type=\"Article\" rel=\"noopener\" data-gtm-custom-categorie=\"navigation\" data-gtm-custom-action=\"crossclick\" data-gtm-custom-label=\"Contextuel\" data-gtm-event=\"customEventSPE\" data-fig-domain=\"LEFIGARO\">Pauline Ferrand-Pr\u00e9vot<\/a>\u00a0est revenue sur les critiques concernant son poids qui ont suivi sa victoire dans le Tour de France en ao\u00fbt, estimant qu&rsquo;elle n&rsquo;avait pas gagn\u00e9 \u00abuniquement parce (qu&rsquo;elle \u00e9tait) maigre\u00bb, samedi dans un entretien avec Ouest-France.<\/p>\n<p class=\"fig-paragraph\">Ultra-dominatrice dans les deux derni\u00e8res \u00e9tapes de montagne, qu&rsquo;elle a toutes deux remport\u00e9es pour endosser le maillot jaune et d\u00e9crocher la victoire finale, la Fran\u00e7aise avait \u00e9t\u00e9 critiqu\u00e9e pour sa maigreur, notamment par la coureuse Marlen Reusser. \u00abFerrand-Pr\u00e9vot a \u00e9tabli une nouvelle norme. Quand les coureuses r\u00e9ussissent autant, cela nous met toutes sous pression. Nous esp\u00e9rions secr\u00e8tement qu&rsquo;elle ne parvienne pas\u00bb \u00e0 remporter le Tour, avait d\u00e9clar\u00e9 la Suissesse apr\u00e8s la Grande Boucle.<\/p>\n<p>                                    <a class=\"fig-a11y-skip a11y-hidden\" href=\"#fig-a11y-skip-main-inarticle\"><br \/>\n        Passer la publicit\u00e9<br \/>\n    <\/a><\/p>\n<p>Une saison remplie<\/p>\n<p class=\"fig-paragraph\">\u00abCe qui m&rsquo;a le plus d\u00e9\u00e7ue, c&rsquo;est que les gens ne voyaient que \u00e7a. Ce n&rsquo;est pas parce que j&rsquo;\u00e9tais aff\u00fbt\u00e9e que j&rsquo;allais gagner le Tour. Il y a eu tellement de param\u00e8tres autour, tellement d&rsquo;entra\u00eenements&#8230; J&rsquo;ai essay\u00e9 de tout faire \u00e0 la perfection pour \u00eatre la meilleure possible sur ce Tour. C&rsquo;est aussi mon m\u00e9tier. J&rsquo;ai trouv\u00e9 \u00e7a un peu \u00e9trange de tout remettre sur cette question du poids qui, chez les hommes, pose moins de probl\u00e8mes\u00bb, a comment\u00e9 \u00abPFP\u00bb.\u00abJ&rsquo;\u00e9tais \u00e0 mon poids optimum pour grimper le mieux possible \u00e0 la Madeleine et \u00eatre bien sur les autres \u00e9tapes. C&rsquo;\u00e9tait un raccourci un peu ridicule. Surtout venant de Marlen Reusser qui a aussi perdu pas mal de poids d&rsquo;une ann\u00e9e \u00e0 une autre\u00bb, a poursuivi la Fran\u00e7aise.<\/p>\n<p class=\"fig-paragraph\">\u00c9galement victorieuse dans Paris-Roubaix cette saison, Ferrand-Pr\u00e9vot a d\u00fb renoncer aux Championnats d&rsquo;Europe sur les routes de Dr\u00f4me-Ard\u00e8che d\u00e9but octobre. Malade au retour des Championnats du monde au Rwanda, elle a \u00e9t\u00e9 contrainte de se faire op\u00e9rer \u00e0 la cheville gauche en raison d&rsquo;une inflammation r\u00e9siduelle apparue \u00e0 la suite d&rsquo;une chute survenue en d\u00e9but de saison. \u00abPeut-\u00eatre qu&rsquo;on n&rsquo;avait pas assez bien nettoy\u00e9 la plaie et qu&rsquo;il y a eu quelque chose qui s&rsquo;est mis \u00e0 l&rsquo;int\u00e9rieur. \u00c0 chaque fois que je ressentais un peu de fatigue, je retombais malade et je commen\u00e7ais \u00e0 avoir de la fi\u00e8vre. (&#8230;) Il a fallu op\u00e9rer\u00bb, a indiqu\u00e9 la coureuse de Visma-Lease a bike.<\/p>\n<p class=\"fig-paragraph\">Malgr\u00e9 quelques douleurs, Pauline Ferrand-Pr\u00e9vot profite de cette convalescence pour faire une vraie coupure avant de se tourner vers la saison 2026, avec en ligne de mire un deuxi\u00e8me succ\u00e8s cons\u00e9cutif dans le Tour de France. \u00abLes autres vont travailler encore plus dur pour essayer de me battre. Il faut qu&rsquo;on garde un temps d&rsquo;avance, voir ce qu&rsquo;on peut am\u00e9liorer pour dominer \u00e0 nouveau l&rsquo;ann\u00e9e prochaine\u00bb, a-t-elle estim\u00e9.<\/p>\n","protected":false},"excerpt":{"rendered":"La gagnante du Tour de France 2025 s\u2019est exprim\u00e9e ce samedi \u00e0 nos confr\u00e8res de Sud-Ouest sur sa&hellip;\n","protected":false},"author":2,"featured_media":473310,"comment_status":"","ping_status":"","sticky":false,"template":"","format":"standard","meta":{"footnotes":""},"categories":[1411],"tags":[1154,207,1011,27,8011,60,210],"class_list":{"0":"post-473309","1":"post","2":"type-post","3":"status-publish","4":"format-standard","5":"has-post-thumbnail","7":"category-cyclisme","8":"tag-cycling","9":"tag-cyclisme","10":"tag-fr","11":"tag-france","12":"tag-pauline-ferrand-prevot","13":"tag-sports","14":"tag-tour-de-france"},"share_on_mastodon":{"url":"https:\/\/pubeurope.com\/@fr\/115397139112480631","error":""},"_links":{"self":[{"href":"https:\/\/www.europesays.com\/fr\/wp-json\/wp\/v2\/posts\/473309","targetHints":{"allow":["GET"]}}],"collection":[{"href":"https:\/\/www.europesays.com\/fr\/wp-json\/wp\/v2\/posts"}],"about":[{"href":"https:\/\/www.europesays.com\/fr\/wp-json\/wp\/v2\/types\/post"}],"author":[{"embeddable":true,"href":"https:\/\/www.europesays.com\/fr\/wp-json\/wp\/v2\/users\/2"}],"replies":[{"embeddable":true,"href":"https:\/\/www.europesays.com\/fr\/wp-json\/wp\/v2\/comments?post=473309"}],"version-history":[{"count":0,"href":"https:\/\/www.europesays.com\/fr\/wp-json\/wp\/v2\/posts\/473309\/revisions"}],"wp:featuredmedia":[{"embeddable":true,"href":"https:\/\/www.europesays.com\/fr\/wp-json\/wp\/v2\/media\/473310"}],"wp:attachment":[{"href":"https:\/\/www.europesays.com\/fr\/wp-json\/wp\/v2\/media?parent=473309"}],"wp:term":[{"taxonomy":"category","embeddable":true,"href":"https:\/\/www.europesays.com\/fr\/wp-json\/wp\/v2\/categories?post=473309"},{"taxonomy":"post_tag","embeddable":true,"href":"https:\/\/www.europesays.com\/fr\/wp-json\/wp\/v2\/tags?post=473309"}],"curies":[{"name":"wp","href":"https:\/\/api.w.org\/{rel}","templated":true}]}}