{"id":473311,"date":"2025-10-18T20:49:11","date_gmt":"2025-10-18T20:49:11","guid":{"rendered":"https:\/\/www.europesays.com\/fr\/473311\/"},"modified":"2025-10-18T20:49:11","modified_gmt":"2025-10-18T20:49:11","slug":"lorient-brest-les-compos-probables-du-derby","status":"publish","type":"post","link":"https:\/\/www.europesays.com\/fr\/473311\/","title":{"rendered":"Lorient &#8211; Brest\u00a0: les compos probables du derby"},"content":{"rendered":"<p>Ligue 1 (8e journ\u00e9e). FC Lorient &#8211; Stade Brestois, dimanche (17 h 15)Lorient doit se racheter<\/p>\n<p>Apr\u00e8s une d\u00e9convenue au Paris FC (2-0), le FC Lorient doit rebondir lors du derby, ce dimanche. Et c\u2019est au <a href=\"https:\/\/www.letelegramme.fr\/morbihan\/lorient-56100\/le-fc-lorient-recoit-brest-ce-dimanche-19-octobre-dans-un-moustoir-a-guichets-fermes-6910537.php\" target=\"_blank\" rel=\"noopener\">Moustoir, qui sera plein pour l\u2019occasion<\/a>, que les Merlus ont glan\u00e9 leurs deux seules victoires de la saison, face \u00e0 Rennes (4-0) et Monaco (3-1). Un motif d\u2019espoir pour Olivier Pantaloni, qui mise sur un \u00e9tat d\u2019esprit irr\u00e9prochable de ses hommes.<\/p>\n<p>En plus de la premi\u00e8re apparition dans le groupe d\u2019Adjei, le technicien corse pourra bien compter sur son co-meilleur buteur Aiyegun Tosin (trois buts, comme Pagis), de retour de s\u00e9lection tardivement mais bien pr\u00e9sent pour la rencontre. Il pourrait repartir sur un onze quasi similaire au dernier match.<\/p>\n<p>Au moins un changement \u00e0 Brest<\/p>\n<p>Eric Roy devrait, lui, faire au moins un changement par rapport \u00e0 l\u2019\u00e9quipe qui a commenc\u00e9 face \u00e0 Nantes, avant la tr\u00eave (0-0). Parfois m\u00e9nag\u00e9 cette semaine \u00e0 l\u2019entra\u00eenement, Romain Del Castillo s\u2019est entra\u00een\u00e9 avec le groupe principal, ce samedi, et devrait tenir sa place sur le c\u00f4t\u00e9 droit de l\u2019attaque.<\/p>\n<p>Son pendant \u00e0 gauche pourrait \u00eatre Path\u00e9 Mboup, m\u00eame si <a href=\"https:\/\/www.letelegramme.fr\/sports\/football\/stade-brestois\/stade-brestois-coupe-dans-son-elan-remy-labeau-lascary-absent-plusieurs-semaines-6899885.php\" target=\"_blank\" rel=\"noopener\">R\u00e9my Labeau-Lascary pourrait faire son retour dans l\u2019effectif apr\u00e8s sa luxation au coude contre Angers<\/a>. Lucas Tousart pourrait conna\u00eetre sa premi\u00e8re feuille de match avec le Stade Brestois apr\u00e8s une l\u00e9sion musculaire \u00e0 la cuisse. Mama Bald\u00e9 semble encore un peu juste : l\u2019attaquant, en phase de reprise, s\u2019entra\u00eenait encore seul, ce samedi. L\u2019incertitude est plus grande pour Luck Zogb\u00e9 et Daouda Guindo. Au contraire, Junior Diaz, rentr\u00e9 tard de s\u00e9lection, s\u2019est entra\u00een\u00e9 normalement ce samedi. Le groupe brestois sera communiqu\u00e9 \u00e0 trois heures du coup d\u2019envoi.<\/p>\n<p class=\"titre-tech\">Les compos probables<\/p>\n<p class=\"tech\"><strong class=\"tech\">LORIENT<\/strong>. Mvogo &#8211; Me\u00eft\u00e9, Talbi, Faye &#8211; Le Bris, Avom, Abergel (cap), Kouassi &#8211; Tosin (ou Makengo), Pagis &#8211; Bamba. Entra\u00eeneur : Olivier Pantaloni<\/p>\n<p class=\"tech\">Rempla\u00e7ants : Kamara, Leroy (g.), Silva, Mvuka, Yongwa, Monnier, Adjei, Cadiou, Makengo (ou Tosin), Soumano, Dieng.<\/p>\n<p class=\"tech\">Absents : Karim (genou), Fadiga (cheville), Katseris (ischio-jambiers), Sanusi (cheville), Tour\u00e9 (choix).<\/p>\n<p class=\"tech\"><strong class=\"tech\">BREST<\/strong>. Majecki &#8211; Lala, Chardonnet (cap), Diaz, Locko &#8211; Chotard, Magnetti &#8211; Doumbia &#8211; Del Castillo, Ajorque, Mboup. Entra\u00eeneur : Eric Roy.<\/p>\n<p class=\"tech\">Rempla\u00e7ants (\u00e0 choisir parmi) : Coudert, Jauny (g.) Le Guen, Le Cardinal, Coulibaly, Diop, Kant\u00e9, Makalou, Tousart, Dina-Ebimb\u00e9, Labeau-Lascary.<\/p>\n<p class=\"tech\">Incertains : Bald\u00e9, Zogb\u00e9, Guindo.<\/p>\n<p class=\"tech\">Absent : Bourgault (Coupe du monde U20).<\/p>\n","protected":false},"excerpt":{"rendered":"Ligue 1 (8e journ\u00e9e). FC Lorient &#8211; Stade Brestois, dimanche (17 h 15)Lorient doit se racheter Apr\u00e8s une&hellip;\n","protected":false},"author":2,"featured_media":473312,"comment_status":"","ping_status":"","sticky":false,"template":"","format":"standard","meta":{"footnotes":""},"categories":[1410],"tags":[3450,3166,3317,63,1011,27,66,1781,60,4449],"class_list":{"0":"post-473311","1":"post","2":"type-post","3":"status-publish","4":"format-standard","5":"has-post-thumbnail","7":"category-football","8":"tag-brest","9":"tag-en-continu-sports","10":"tag-fc-lorient","11":"tag-football","12":"tag-fr","13":"tag-france","14":"tag-ligue-1","15":"tag-lorient","16":"tag-sports","17":"tag-stade-brestois"},"share_on_mastodon":{"url":"https:\/\/pubeurope.com\/@fr\/115397143042419499","error":""},"_links":{"self":[{"href":"https:\/\/www.europesays.com\/fr\/wp-json\/wp\/v2\/posts\/473311","targetHints":{"allow":["GET"]}}],"collection":[{"href":"https:\/\/www.europesays.com\/fr\/wp-json\/wp\/v2\/posts"}],"about":[{"href":"https:\/\/www.europesays.com\/fr\/wp-json\/wp\/v2\/types\/post"}],"author":[{"embeddable":true,"href":"https:\/\/www.europesays.com\/fr\/wp-json\/wp\/v2\/users\/2"}],"replies":[{"embeddable":true,"href":"https:\/\/www.europesays.com\/fr\/wp-json\/wp\/v2\/comments?post=473311"}],"version-history":[{"count":0,"href":"https:\/\/www.europesays.com\/fr\/wp-json\/wp\/v2\/posts\/473311\/revisions"}],"wp:featuredmedia":[{"embeddable":true,"href":"https:\/\/www.europesays.com\/fr\/wp-json\/wp\/v2\/media\/473312"}],"wp:attachment":[{"href":"https:\/\/www.europesays.com\/fr\/wp-json\/wp\/v2\/media?parent=473311"}],"wp:term":[{"taxonomy":"category","embeddable":true,"href":"https:\/\/www.europesays.com\/fr\/wp-json\/wp\/v2\/categories?post=473311"},{"taxonomy":"post_tag","embeddable":true,"href":"https:\/\/www.europesays.com\/fr\/wp-json\/wp\/v2\/tags?post=473311"}],"curies":[{"name":"wp","href":"https:\/\/api.w.org\/{rel}","templated":true}]}}