{"id":473313,"date":"2025-10-18T20:50:10","date_gmt":"2025-10-18T20:50:10","guid":{"rendered":"https:\/\/www.europesays.com\/fr\/473313\/"},"modified":"2025-10-18T20:50:10","modified_gmt":"2025-10-18T20:50:10","slug":"portrait-miss-france-2026-19-ans-et-magnifiques-yeux-bleus-qui-est-victoire-dupuis-elue-miss-normandie","status":"publish","type":"post","link":"https:\/\/www.europesays.com\/fr\/473313\/","title":{"rendered":"PORTRAIT Miss France 2026 : 19 ans et magnifiques yeux bleus, qui est Victoire Dupuis \u00e9lue Miss Normandie ?"},"content":{"rendered":"<p>La suite apr\u00e8s la publicit\u00e9<\/p>\n<p>Victoire Dupuis, 19 ans, a d\u00e9croch\u00e9 la couronne de Miss Normandie 2025 \u00a0le vendredi 13 juin au Z\u00e9nith de Caen. Originaire de Rouen et \u00e9tudiante en communication et marketing, elle portera les couleurs de sa r\u00e9gion lors de <a href=\"https:\/\/www.purepeople.com\/article\/la-date-et-le-lieu-de-lelection-miss-france-2026-annonces-une-ville-inedite-a-ete-choisie-pour-levenement_a543161\/1\" rel=\"nofollow noopener\" target=\"_blank\">l\u2019\u00e9lection de Miss France 2026 pr\u00e9vue le 6 d\u00e9cembre prochain<\/a>. Pour la jeune femme aux magnifiques yeux bleus, qui succ\u00e8de \u00e0<a href=\"https:\/\/www.purepeople.com\/article\/portrait-miss-france-2025-qui-est-lucile-lecellier-miss-normandie-2024-qui-avait-deja-tente-sa-chance_a527522\/1\" rel=\"nofollow noopener\" target=\"_blank\"> Lucile Lecellier<\/a>, devenir Miss Normandie repr\u00e9sente l\u2019aboutissement d\u2019un r\u00eave nourri depuis l\u2019enfance. Fascin\u00e9e par l\u2019univers des concours, elle se passionne pour la prise de parole et souhaite transmettre des \u00e9motions \u00e0 travers ses interventions. Elle \u00e9galement une carri\u00e8re \u00e0 la t\u00e9l\u00e9vision en tant que pr\u00e9sentatrice.\u00a0<\/p>\n<p>\u00ab\u00a0J\u2019en r\u00eave depuis que je suis toute petite. Je regarde l\u2019\u00e9mission chaque ann\u00e9e et j\u2019ai toujours \u00e9t\u00e9 fascin\u00e9e par l\u2019univers des Miss. J\u2019adore l\u2019\u00e9loquence, parler en public et transmettre des \u00e9motions\u00a0\u00bb, a-t-elle confi\u00e9 \u00e0 Ouest-France. Victoire Dupuis a choisi de mettre en avant la sant\u00e9 mentale, un sujet qu\u2019elle estime encore trop peu abord\u00e9 dans le d\u00e9bat public. Sa sensibilit\u00e9 et son ouverture lui ont valu le soutien de nombreux habitants de sa r\u00e9gion, qui la voient d\u00e9j\u00e0 comme un mod\u00e8le \u00e0 suivre.<\/p>\n<p>Victoire Dupuis sur les traces d&rsquo;Eve Gilles, \u00e9lue Miss France 2024<\/p>\n<p>Malgr\u00e9 sa notori\u00e9t\u00e9, elle se montre naturelle et \u00e0 l\u2019aise dans ses \u00e9changes avec le public : \u00ab\u00a0Pour moi, c&rsquo;est naturel de parler avec tout le monde, d&rsquo;\u00e9changer avec les gens, ce n&rsquo;est pas du tout g\u00eanant. C&rsquo;est s\u00fbr que parler avec du monde qui nous conna\u00eet, mais que l&rsquo;on ne conna\u00eet pas, au d\u00e9but, c&rsquo;est \u00e9tonnant\u00a0\u00bb, indiquait-elle \u00e0 Ici. Elle reconna\u00eet aussi que la visibilit\u00e9 implique de nouvelles responsabilit\u00e9s et la n\u00e9cessit\u00e9 de g\u00e9rer les attentes de ses admirateurs.<\/p>\n<p>Le sacre a \u00e9t\u00e9 f\u00eat\u00e9 \u00e0 domicile, entour\u00e9e de sa famille, d\u2019amies et de nombreux habitants de Seine-Maritime, venus c\u00e9l\u00e9brer la r\u00e9ussite d\u2019une locale. Les messages de f\u00e9licitations ont soulign\u00e9 sa gentillesse, son charisme et son authenticit\u00e9. \u00c0 quelques mois du concours national, Victoire Dupuis se pr\u00e9pare \u00e0 d\u00e9fendre fi\u00e8rement les couleurs de sa r\u00e9gion. Son engagement, sa maturit\u00e9 et sa personnalit\u00e9 font d\u00e9j\u00e0 d\u2019elle une candidate prometteuse pour Miss France 2026, avec le soutien enthousiaste du public normand.<\/p>\n<p>La derni\u00e8re Miss Normandie \u00e0 avoir remport\u00e9 le concours de Miss France est<a href=\"https:\/\/www.purepeople.com\/article\/eve-gilles-miss-france-2024-livree-a-elle-meme-la-mise-en-garde-du-comite-quelques-regles-rigoureuses-a-respecter_a518015\/1\" rel=\"nofollow noopener\" target=\"_blank\"> \u00c8ve Gilles<\/a>, \u00e9lue Miss Normandie en 2024.<\/p>\n","protected":false},"excerpt":{"rendered":"La suite apr\u00e8s la publicit\u00e9 Victoire Dupuis, 19 ans, a d\u00e9croch\u00e9 la couronne de Miss Normandie 2025 \u00a0le&hellip;\n","protected":false},"author":2,"featured_media":473314,"comment_status":"","ping_status":"","sticky":false,"template":"","format":"standard","meta":{"footnotes":""},"categories":[1359],"tags":[58,59,1011,27,973],"class_list":{"0":"post-473313","1":"post","2":"type-post","3":"status-publish","4":"format-standard","5":"has-post-thumbnail","7":"category-people","8":"tag-divertissement","9":"tag-entertainment","10":"tag-fr","11":"tag-france","12":"tag-people"},"share_on_mastodon":{"url":"https:\/\/pubeurope.com\/@fr\/115397147019590323","error":""},"_links":{"self":[{"href":"https:\/\/www.europesays.com\/fr\/wp-json\/wp\/v2\/posts\/473313","targetHints":{"allow":["GET"]}}],"collection":[{"href":"https:\/\/www.europesays.com\/fr\/wp-json\/wp\/v2\/posts"}],"about":[{"href":"https:\/\/www.europesays.com\/fr\/wp-json\/wp\/v2\/types\/post"}],"author":[{"embeddable":true,"href":"https:\/\/www.europesays.com\/fr\/wp-json\/wp\/v2\/users\/2"}],"replies":[{"embeddable":true,"href":"https:\/\/www.europesays.com\/fr\/wp-json\/wp\/v2\/comments?post=473313"}],"version-history":[{"count":0,"href":"https:\/\/www.europesays.com\/fr\/wp-json\/wp\/v2\/posts\/473313\/revisions"}],"wp:featuredmedia":[{"embeddable":true,"href":"https:\/\/www.europesays.com\/fr\/wp-json\/wp\/v2\/media\/473314"}],"wp:attachment":[{"href":"https:\/\/www.europesays.com\/fr\/wp-json\/wp\/v2\/media?parent=473313"}],"wp:term":[{"taxonomy":"category","embeddable":true,"href":"https:\/\/www.europesays.com\/fr\/wp-json\/wp\/v2\/categories?post=473313"},{"taxonomy":"post_tag","embeddable":true,"href":"https:\/\/www.europesays.com\/fr\/wp-json\/wp\/v2\/tags?post=473313"}],"curies":[{"name":"wp","href":"https:\/\/api.w.org\/{rel}","templated":true}]}}