{"id":473315,"date":"2025-10-18T20:51:25","date_gmt":"2025-10-18T20:51:25","guid":{"rendered":"https:\/\/www.europesays.com\/fr\/473315\/"},"modified":"2025-10-18T20:51:25","modified_gmt":"2025-10-18T20:51:25","slug":"muret-architecture-25-ans-au-service-du-territoire","status":"publish","type":"post","link":"https:\/\/www.europesays.com\/fr\/473315\/","title":{"rendered":"Muret. Architecture : 25 ans au service du territoire"},"content":{"rendered":"<p>Vendredi dernier, l\u2019agence d\u2019Architecture Enzo &amp; Rosso a r\u00e9uni plus de 180 personnes au Domaine du Galant \u00e0 Saint-Hilaire, pour f\u00eater ses 25 ans, marquant un parcours engag\u00e9 autour de la coop\u00e9ration, de la transmission et de la qualit\u00e9 architecturale.<\/p>\n<p>L\u2019\u00e9v\u00e9nement a rassembl\u00e9 clients, \u00e9lus, partenaires, anciens collaborateurs et amis autour d\u2019un moment convivial marqu\u00e9 par les souvenirs, les r\u00e9alisations et les perspectives d\u2019avenir. Fond\u00e9e \u00e0 Muret en 2000 par Nathalie et S\u00e9bastien Perrot, l\u2019agence est devenue SCOP en 2022, incarnant une vision collective du m\u00e9tier, ancr\u00e9e dans l\u2019humain et le territoire. L\u2019agence d\u2019Architecture Enzo &amp; Rosso a notamment con\u00e7u la salle \u00e9v\u00e9nementielle Horizon Pyr\u00e9n\u00e9es \u00e0 Muret.<\/p>\n","protected":false},"excerpt":{"rendered":"Vendredi dernier, l\u2019agence d\u2019Architecture Enzo &amp; Rosso a r\u00e9uni plus de 180 personnes au Domaine du Galant \u00e0&hellip;\n","protected":false},"author":2,"featured_media":473316,"comment_status":"","ping_status":"","sticky":false,"template":"","format":"standard","meta":{"footnotes":""},"categories":[1358],"tags":[1348,1384,1385,1386,58,59,1011,27],"class_list":{"0":"post-473315","1":"post","2":"type-post","3":"status-publish","4":"format-standard","5":"has-post-thumbnail","7":"category-arts-et-design","8":"tag-arts","9":"tag-arts-and-design","10":"tag-arts-et-design","11":"tag-design","12":"tag-divertissement","13":"tag-entertainment","14":"tag-fr","15":"tag-france"},"share_on_mastodon":{"url":"https:\/\/pubeurope.com\/@fr\/115397150974460918","error":""},"_links":{"self":[{"href":"https:\/\/www.europesays.com\/fr\/wp-json\/wp\/v2\/posts\/473315","targetHints":{"allow":["GET"]}}],"collection":[{"href":"https:\/\/www.europesays.com\/fr\/wp-json\/wp\/v2\/posts"}],"about":[{"href":"https:\/\/www.europesays.com\/fr\/wp-json\/wp\/v2\/types\/post"}],"author":[{"embeddable":true,"href":"https:\/\/www.europesays.com\/fr\/wp-json\/wp\/v2\/users\/2"}],"replies":[{"embeddable":true,"href":"https:\/\/www.europesays.com\/fr\/wp-json\/wp\/v2\/comments?post=473315"}],"version-history":[{"count":0,"href":"https:\/\/www.europesays.com\/fr\/wp-json\/wp\/v2\/posts\/473315\/revisions"}],"wp:featuredmedia":[{"embeddable":true,"href":"https:\/\/www.europesays.com\/fr\/wp-json\/wp\/v2\/media\/473316"}],"wp:attachment":[{"href":"https:\/\/www.europesays.com\/fr\/wp-json\/wp\/v2\/media?parent=473315"}],"wp:term":[{"taxonomy":"category","embeddable":true,"href":"https:\/\/www.europesays.com\/fr\/wp-json\/wp\/v2\/categories?post=473315"},{"taxonomy":"post_tag","embeddable":true,"href":"https:\/\/www.europesays.com\/fr\/wp-json\/wp\/v2\/tags?post=473315"}],"curies":[{"name":"wp","href":"https:\/\/api.w.org\/{rel}","templated":true}]}}