{"id":473319,"date":"2025-10-18T20:53:17","date_gmt":"2025-10-18T20:53:17","guid":{"rendered":"https:\/\/www.europesays.com\/fr\/473319\/"},"modified":"2025-10-18T20:53:17","modified_gmt":"2025-10-18T20:53:17","slug":"on-est-tres-hugo-clement-cash-sur-sa-relation-avec-lea-salame","status":"publish","type":"post","link":"https:\/\/www.europesays.com\/fr\/473319\/","title":{"rendered":"\u201cOn est tr\u00e8s\u2026\u201d : Hugo Cl\u00e9ment cash sur sa relation avec L\u00e9a Salam\u00e9"},"content":{"rendered":"<p>Depuis la rentr\u00e9e, <a href=\"https:\/\/www.closermag.fr\/people\/alexandra-rosenfeld-lea-salame-file-un-coup-de-pouce-a-son-compagnon-hugo-clement-3579649\" target=\"_blank\" rel=\"noopener\"><br \/>\nHugo Cl\u00e9ment<\/a> s\u2019est install\u00e9 autour de la table de <a href=\"https:\/\/www.closermag.fr\/tv_tele_realite\/cest-du-bi-yann-barthes-fait-le-gros-forceur-avec-michael-goldman-qui-ne-moufte-pas-3587438\" target=\"_blank\" rel=\"noopener\"><br \/>\nQuelle \u00c9poque !<\/a>, le talk-show de France 2 emmen\u00e9 par<br \/>\n<a href=\"https:\/\/www.closermag.fr\/people\/lea-salame-son-pere-ministre-devoile-comment-il-la-conseillee-ne-pas-se-laisser-impressionner-3587428\" target=\"_blank\" rel=\"noopener\"><br \/>\nL\u00e9a Salam\u00e9<\/a>. \u00c0 36 ans, l\u2019ancien visage du Petit Journal<br \/>\net de <a href=\"https:\/\/www.closermag.fr\/tv_tele_realite\/nque-ta-mere-un-chroniqueur-en-roue-libre-face-camera-il-se-fait-trahir-salement-3587137\" target=\"_blank\" rel=\"noopener\"><br \/>\nQuotidien<\/a> s\u2019essaie \u00e0 un tout <strong>nouvel<br \/>\nexercice<\/strong>. Celui du <strong>chroniqueur en<br \/>\nplateau<\/strong>, loin des terrains hostiles o\u00f9 il tournait ses<br \/>\nenqu\u00eates pour Sur le Front sur France 5. Chaque samedi<br \/>\nsoir, il invite les personnalit\u00e9s pr\u00e9sentes \u00e0 revenir sur un<br \/>\n<strong>objet marquant de leur parcours.<\/strong><\/p>\n<p>Un pari r\u00e9ussi pour celui qui, apr\u00e8s un mois \u00e0 l\u2019antenne, semble<br \/>\navoir <strong>trouv\u00e9 sa place<\/strong> dans une \u00e9quipe soud\u00e9e et<br \/>\ncompl\u00e9mentaire. Suivi par plus <strong>d\u2019un million de<br \/>\nt\u00e9l\u00e9spectateurs<\/strong> en moyenne, Quelle \u00c9poque ! reste<br \/>\nl\u2019un des rendez-vous les plus suivis du week-end sur France 2. Et<br \/>\nsi la <strong>complicit\u00e9<\/strong> entre <a href=\"https:\/\/www.closermag.fr\/tv_tele_realite\/elle-est-croyante-lea-salame-ne-cache-pas-sa-surprise-face-a-hugo-clement-et-quentin-mosimann-3584504\" target=\"_blank\" rel=\"noopener\"><br \/>\nHugo Cl\u00e9ment et L\u00e9a Salam\u00e9<\/a> saute aux yeux \u00e0 l\u2019\u00e9cran, elle se<br \/>\nconfirme aussi en <strong>coulisses.<\/strong><\/p>\n<p>\u201cOn est tr\u00e8s\u2026\u201d : Hugo Cl\u00e9ment et L\u00e9a Salam\u00e9, une<br \/>\nentente naturelle<\/p>\n<p>Interview\u00e9 par <a href=\"https:\/\/www.programme-tv.net\/news\/tv\/389972-hugo-clement-quelle-epoque-se-confie-sur-ses-rapports-avec-lea-salame-les-roles-sont-bien-definis\/\" target=\"_blank\" rel=\"noopener\"><br \/>\nT\u00e9l\u00e9-Loisirs<\/a>, Hugo Cl\u00e9ment n\u2019a pas cach\u00e9 son<br \/>\n<strong>enthousiasme<\/strong> pour cette collaboration avec la<br \/>\njournaliste. \u201cJe prends <strong>beaucoup de plaisir,<\/strong><br \/>\net je pense que cela se voit \u00e0 l\u2019antenne. Je suis <strong>tr\u00e8s<br \/>\ncontent de travailler avec L\u00e9a, que j\u2019admire beaucoup<\/strong>. On<br \/>\nest tr\u00e8s <strong>compl\u00e9mentaires<\/strong>.\u201d Une<br \/>\n<strong>complicit\u00e9<\/strong> \u00e9vidente n\u00e9e d\u2019un<br \/>\n<strong>respect<\/strong> mutuel et d\u2019une r\u00e9partition des r\u00f4les bien<br \/>\nrod\u00e9e. \u201cLes <strong>r\u00f4les<\/strong> sont <strong>bien<br \/>\nd\u00e9finis<\/strong>. \u00c0 aucun moment on ne s\u2019est demand\u00e9 comment faire<br \/>\npour qu\u2019elle reste l\u2019animatrice. C\u2019est une<br \/>\n<strong>\u00e9vidence<\/strong>, c\u2019est son \u00e9mission, et <strong>je<br \/>\nm\u2019ajoute \u00e0 ce dispositif.<\/strong> Tout s\u2019est fait tr\u00e8s<br \/>\n<strong>naturellement<\/strong>.\u201d<\/p>\n<p>Celui qui occupe d\u00e9sormais le fauteuil de <a href=\"https:\/\/www.closermag.fr\/people\/christophe-dechavanne-refait-parler-de-lui-et-cest-un-peu-grace-a-sophie-davant-3567628\" target=\"_blank\" rel=\"noopener\"><br \/>\nChristophe Dechavanne<\/a> a aussi tenu \u00e0 pr\u00e9ciser que son arriv\u00e9e<br \/>\ndans Quelle \u00c9poque ! n\u2019avait rien d\u2019un <strong>caprice<br \/>\npersonnel.<\/strong> \u201cJe ne me suis <strong>pas<br \/>\nauto-embauch\u00e9<\/strong> ! L\u2019id\u00e9e venait de <strong>L\u00e9a et de R\u00e9gis<br \/>\nLamanna-Rodat<\/strong>. Si ma pr\u00e9sence n\u2019avait <strong>pas eu<br \/>\nd\u2019utilit\u00e9, je n\u2019aurais pas insist\u00e9<\/strong>.\u201d explique-t-il<br \/>\navec humour.<\/p>\n<p>Un journaliste \u00e9panoui et<br \/>\nreconnaissant<\/p>\n<p>Au-del\u00e0 de cette <strong>nouvelle exp\u00e9rience<\/strong>, Hugo<br \/>\nCl\u00e9ment reste fid\u00e8le \u00e0 ses <strong>engagements \u00e9cologiques<\/strong><br \/>\net \u00e0 ses <strong>racines<\/strong> journalistiques. \u201cJe<br \/>\n<strong>n\u2019arr\u00eate pas Sur le Front,<\/strong> c\u2019est simplement<br \/>\n<strong>un exercice qui s\u2019ajoute<\/strong>. Dans la vie, je ne<br \/>\nm\u2019int\u00e9resse <strong>pas qu\u2019\u00e0 l\u2019environnement.<\/strong> Je suis<br \/>\n<strong>passionn\u00e9 par plein de choses<\/strong> comme le sport. Et<br \/>\nje suis <strong>content<\/strong> de pouvoir le montrer.\u201d<\/p>\n<p>Toujours attach\u00e9 \u00e0 Quotidien, l\u2019\u00e9mission qui l\u2019a<br \/>\n<strong>r\u00e9v\u00e9l\u00e9<\/strong>, le journaliste reconna\u00eet ce qu\u2019il doit \u00e0<br \/>\ncette aventure t\u00e9l\u00e9visuelle. \u201cJe suis tout \u00e0 fait<br \/>\n<strong>conscient<\/strong> de ce que <strong>Quotidien<\/strong> m\u2019a<br \/>\n<strong>apport\u00e9<\/strong>. Je ne pourrais <strong>pas faire ce que<br \/>\nje fais aujourd\u2019hui sans cette exp\u00e9rience<\/strong>. \u00c7a m\u2019a appris<br \/>\n<strong>un ton, une mani\u00e8re de d\u00e9crypter<br \/>\nl\u2019actualit\u00e9<\/strong><strong>.\u201d<\/strong><\/p>\n","protected":false},"excerpt":{"rendered":"Depuis la rentr\u00e9e, Hugo Cl\u00e9ment s\u2019est install\u00e9 autour de la table de Quelle \u00c9poque !, le talk-show de&hellip;\n","protected":false},"author":2,"featured_media":473320,"comment_status":"","ping_status":"","sticky":false,"template":"","format":"standard","meta":{"footnotes":""},"categories":[1356],"tags":[58,59,1011,27,3806,252,1364],"class_list":{"0":"post-473319","1":"post","2":"type-post","3":"status-publish","4":"format-standard","5":"has-post-thumbnail","7":"category-television","8":"tag-divertissement","9":"tag-entertainment","10":"tag-fr","11":"tag-france","12":"tag-lea-salame","13":"tag-television","14":"tag-tv"},"share_on_mastodon":{"url":"https:\/\/pubeurope.com\/@fr\/115397159010770800","error":""},"_links":{"self":[{"href":"https:\/\/www.europesays.com\/fr\/wp-json\/wp\/v2\/posts\/473319","targetHints":{"allow":["GET"]}}],"collection":[{"href":"https:\/\/www.europesays.com\/fr\/wp-json\/wp\/v2\/posts"}],"about":[{"href":"https:\/\/www.europesays.com\/fr\/wp-json\/wp\/v2\/types\/post"}],"author":[{"embeddable":true,"href":"https:\/\/www.europesays.com\/fr\/wp-json\/wp\/v2\/users\/2"}],"replies":[{"embeddable":true,"href":"https:\/\/www.europesays.com\/fr\/wp-json\/wp\/v2\/comments?post=473319"}],"version-history":[{"count":0,"href":"https:\/\/www.europesays.com\/fr\/wp-json\/wp\/v2\/posts\/473319\/revisions"}],"wp:featuredmedia":[{"embeddable":true,"href":"https:\/\/www.europesays.com\/fr\/wp-json\/wp\/v2\/media\/473320"}],"wp:attachment":[{"href":"https:\/\/www.europesays.com\/fr\/wp-json\/wp\/v2\/media?parent=473319"}],"wp:term":[{"taxonomy":"category","embeddable":true,"href":"https:\/\/www.europesays.com\/fr\/wp-json\/wp\/v2\/categories?post=473319"},{"taxonomy":"post_tag","embeddable":true,"href":"https:\/\/www.europesays.com\/fr\/wp-json\/wp\/v2\/tags?post=473319"}],"curies":[{"name":"wp","href":"https:\/\/api.w.org\/{rel}","templated":true}]}}