{"id":473332,"date":"2025-10-18T21:00:20","date_gmt":"2025-10-18T21:00:20","guid":{"rendered":"https:\/\/www.europesays.com\/fr\/473332\/"},"modified":"2025-10-18T21:00:20","modified_gmt":"2025-10-18T21:00:20","slug":"kering-en-passe-de-ceder-sa-division-beaute-a-loreal-sources-18-10-2025-a-1824","status":"publish","type":"post","link":"https:\/\/www.europesays.com\/fr\/473332\/","title":{"rendered":"Kering en passe de c\u00e9der sa division beaut\u00e9 \u00e0 L&rsquo;Or\u00e9al &#8211; sources &#8211; 18\/10\/2025 \u00e0 18:24"},"content":{"rendered":"<p>        <img fetchpriority=\"high\" decoding=\"async\" src=\"https:\/\/www.europesays.com\/fr\/wp-content\/uploads\/2025\/10\/ad8850e353eac7c9e457d61f592a5af7-760x507.jpg\" alt=\"Le logo du groupe de luxe fran\u00e7ais Kering \u00e0 Paris\" loading=\"eager\" width=\"760\" height=\"507\" style=\"max-width: 100%!important; height: auto;\"\/><\/p>\n<p class=\"c-image-news__legend\">Le logo du groupe de luxe fran\u00e7ais Kering \u00e0 Paris<\/p>\n<p>\n MILAN (Reuters) -Le groupe fran\u00e7ais de luxe Kering, propri\u00e9taire de la marque Gucci, est sur le point de c\u00e9der sa division beaut\u00e9 \u00e0 L&rsquo;Or\u00e9al, ont rapport\u00e9 \u00e0 Reuters deux sources proches du dossier.\n<\/p>\n<p>\n Selon l&rsquo;une des sources, l&rsquo;op\u00e9ration repr\u00e9senterait environ quatre milliards de dollars (3,43 milliards d&rsquo;euros), comme rapport\u00e9 par le WSJ.\n<\/p>\n<p>\n Dans le cadre de cette op\u00e9ration, L&rsquo;Or\u00e9al, num\u00e9ro un mondial des cosm\u00e9tiques, acquerrait la marque de parfums Creed et obtiendrait les droits de d\u00e9veloppement de produits de beaut\u00e9 li\u00e9s aux marques de mode de Kering, notamment Bottega Veneta, Balenciaga et McQueen, a indiqu\u00e9 le quotidien \u00e9conomique et financier am\u00e9ricain.\n<\/p>\n<p>\n Un accord pourrait \u00eatre annonc\u00e9 la semaine prochaine, a ajout\u00e9 le quotidien.\n<\/p>\n<p>\n Kering, contr\u00f4l\u00e9 par la famille Pinault, a lanc\u00e9 sa division beaut\u00e9 en 2023 avec l&rsquo;acquisition de la marque de parfums haut de gamme Creed pour 3,5 milliards d&rsquo;euros en num\u00e9raire.\n<\/p>\n<p>\n Kering s&rsquo;est refus\u00e9 \u00e0 tout commentaire, tandis que l&rsquo;Or\u00e9al n&rsquo;a pas r\u00e9pondu pour le moment \u00e0 une demande de commentaire de Reuters.\n<\/p>\n<p>\n Si l&rsquo;op\u00e9ration \u00e9tait confirm\u00e9e, cette cession constituerait une \u00e9tape majeure pour le nouveau directeur g\u00e9n\u00e9ral de Kering, Luca De Meo, qui a officiellement pris ses fonctions en septembre, alors qu&rsquo;il cherche \u00e0 r\u00e9duire l&rsquo;endettement du groupe, sujet d&rsquo;inqui\u00e9tude pour les investisseurs.\n<\/p>\n<p>\n La dette nette de Kering s&rsquo;\u00e9levait \u00e0 9,5 milliards d&rsquo;euros \u00e0 fin juin.\n<\/p>\n<p>\n Le groupe peine \u00e0 relancer les ventes de sa marque Gucci, dans un march\u00e9 du luxe durement touch\u00e9 par une baisse de la demande des consommateurs, en particulier en Chine.\n<\/p>\n<p>\n Depuis l&rsquo;annonce mi-juin par Kering de l&rsquo;arriv\u00e9e de Luca De Meo, l&rsquo;action du groupe de luxe a bondi d&rsquo;environ 60%.\n<\/p>\n<p>\n L&rsquo;Or\u00e9al a \u00e9galement \u00e9t\u00e9 approch\u00e9 par des repr\u00e9sentants du groupe Armani pour l&rsquo;achat d&rsquo;une participation minoritaire dans le groupe de mode italien, a rapport\u00e9 Reuters ce mois-ci.\n<\/p>\n<p>\n Dans son testament publi\u00e9 le mois dernier, le d\u00e9funt cr\u00e9ateur italien Giorgio Armani a demand\u00e9 \u00e0 ses h\u00e9ritiers de c\u00e9der une participation de 15% dans la maison de couture dans les 18 mois suivant son d\u00e9c\u00e8s, puis de transf\u00e9rer 30% \u00e0 55% suppl\u00e9mentaires au m\u00eame acheteur, ou d&rsquo;envisager une introduction en Bourse \u00e0 d\u00e9faut.\n<\/p>\n<p>\n Le testament indique que la priorit\u00e9 doit \u00eatre donn\u00e9e au conglom\u00e9rat de luxe LVMH, \u00e0 L&rsquo;Or\u00e9al et au fabricant de lunettes EssilorLuxottica.\n<\/p>\n<p>\n (R\u00e9dig\u00e9 par Rajveer Singh Pardesi \u00e0 Bangalore, avec Lisa Jucca et Abigail Summerville; version fran\u00e7aise Claude Chendjou)<\/p>\n","protected":false},"excerpt":{"rendered":"Le logo du groupe de luxe fran\u00e7ais Kering \u00e0 Paris MILAN (Reuters) -Le groupe fran\u00e7ais de luxe Kering,&hellip;\n","protected":false},"author":2,"featured_media":473333,"comment_status":"","ping_status":"","sticky":false,"template":"","format":"standard","meta":{"footnotes":""},"categories":[6],"tags":[400,398,408,35,405,33,34,1011,27,403,402,399,404,401,406,407],"class_list":{"0":"post-473332","1":"post","2":"type-post","3":"status-publish","4":"format-standard","5":"has-post-thumbnail","7":"category-economie","8":"tag-action-cac-40","9":"tag-bourse-de-paris","10":"tag-boursorama","11":"tag-business","12":"tag-cotations","13":"tag-economie","14":"tag-economy","15":"tag-fr","16":"tag-france","17":"tag-indices-devises","18":"tag-investir","19":"tag-investissement","20":"tag-marche-boursier","21":"tag-sicav","22":"tag-trackers","23":"tag-warrants"},"share_on_mastodon":{"url":"https:\/\/pubeurope.com\/@fr\/115397186951189509","error":""},"_links":{"self":[{"href":"https:\/\/www.europesays.com\/fr\/wp-json\/wp\/v2\/posts\/473332","targetHints":{"allow":["GET"]}}],"collection":[{"href":"https:\/\/www.europesays.com\/fr\/wp-json\/wp\/v2\/posts"}],"about":[{"href":"https:\/\/www.europesays.com\/fr\/wp-json\/wp\/v2\/types\/post"}],"author":[{"embeddable":true,"href":"https:\/\/www.europesays.com\/fr\/wp-json\/wp\/v2\/users\/2"}],"replies":[{"embeddable":true,"href":"https:\/\/www.europesays.com\/fr\/wp-json\/wp\/v2\/comments?post=473332"}],"version-history":[{"count":0,"href":"https:\/\/www.europesays.com\/fr\/wp-json\/wp\/v2\/posts\/473332\/revisions"}],"wp:featuredmedia":[{"embeddable":true,"href":"https:\/\/www.europesays.com\/fr\/wp-json\/wp\/v2\/media\/473333"}],"wp:attachment":[{"href":"https:\/\/www.europesays.com\/fr\/wp-json\/wp\/v2\/media?parent=473332"}],"wp:term":[{"taxonomy":"category","embeddable":true,"href":"https:\/\/www.europesays.com\/fr\/wp-json\/wp\/v2\/categories?post=473332"},{"taxonomy":"post_tag","embeddable":true,"href":"https:\/\/www.europesays.com\/fr\/wp-json\/wp\/v2\/tags?post=473332"}],"curies":[{"name":"wp","href":"https:\/\/api.w.org\/{rel}","templated":true}]}}