{"id":473336,"date":"2025-10-18T21:02:11","date_gmt":"2025-10-18T21:02:11","guid":{"rendered":"https:\/\/www.europesays.com\/fr\/473336\/"},"modified":"2025-10-18T21:02:11","modified_gmt":"2025-10-18T21:02:11","slug":"un-riverain-fait-tomber-un-arbre-sur-la-catenaire-le-trafic-sncf-interrompu-entre-cherbourg-et-valognes","status":"publish","type":"post","link":"https:\/\/www.europesays.com\/fr\/473336\/","title":{"rendered":"Un riverain fait tomber un arbre sur la cat\u00e9naire, le trafic SNCF interrompu entre Cherbourg et Valognes"},"content":{"rendered":"<p>            Par<br \/>\n        <strong><br \/>\n            <a href=\"https:\/\/actu.fr\/auteur\/redaction-pressemanche\" title=\"Consulter tous les articles de R\u00e9daction La Presse de la Manche\" rel=\"nofollow noopener\" target=\"_blank\">R\u00e9daction La Presse de la Manche<\/a><br \/>\n        <\/strong><\/p>\n<p>        Publi\u00e9 le<\/p>\n<p>            18 oct. 2025 \u00e0 18h26        <\/p>\n<p><b>Jusqu\u2019\u00e0 nouvel ordre, <\/b>la circulation des trains entre <a href=\"https:\/\/actu.fr\/normandie\/cherbourg-en-cotentin_50129\" rel=\"nofollow noopener\" target=\"_blank\">Cherbourg<\/a> et Valognes <a href=\"https:\/\/actu.fr\/normandie\/manche_50\" rel=\"nofollow noopener\" target=\"_blank\">(Manche<\/a>) est <b>interrompue depuis 17\u00a0heures ce samedi 18\u00a0octobre 2025. <\/b>\u00ab\u2009Un arbre est<b> tomb\u00e9 sur la cat\u00e9naire des suites d\u2019un \u00e9lagage par un riverain<\/b> le long de la voie\u2009\u00bb, ce qui a entra\u00een\u00e9 une <b>rupture <\/b>d\u2019alimentation \u00e9lectrique, explique la SNCF.<\/p>\n<p>L\u2019itin\u00e9raire de nombreux trains modifi\u00e9<\/p>\n<p class=\" wall-content\">Ses \u00e9quipes sont \u00ab<b>\u2009actuellement pleinement mobilis\u00e9es\u2009<\/b>\u00bb pour r\u00e9tablir la circulation.<\/p>\n<p class=\" wall-content\">En attendant, l\u2019itin\u00e9raire de nombreux trains est <b>modifi\u00e9\u2009: <\/b>\u00ab\u20093313 sera terminus Valognes, 3318 sera origine Caen, 3322 sera origine Caen, 3315 sera terminus Caen et 3319 sera terminus Caen\u2009\u00bb, \u00e9num\u00e8re la SNCF.<\/p>\n<p class=\" wall-content\">Personnalisez votre actualit\u00e9 en ajoutant vos villes et m\u00e9dias en favori avec <a href=\"https:\/\/moncompte.actu.fr\" title=\"D\u00e9couvez Mon Actu\" rel=\"nofollow noopener\" data-trk=\"{&quot;cta&quot;:{&quot;action&quot;:&quot;https:\\\/\\\/moncompte.actu.fr&quot;,&quot;category&quot;:&quot;mon compte&quot;,&quot;from&quot;:&quot;article footer&quot;,&quot;name&quot;:&quot;Mon actu&quot;,&quot;type&quot;:&quot;cta&quot;}}\" target=\"_blank\">Mon Actu<\/a>.<\/p>\n","protected":false},"excerpt":{"rendered":"Par R\u00e9daction La Presse de la Manche Publi\u00e9 le 18 oct. 2025 \u00e0 18h26 Jusqu\u2019\u00e0 nouvel ordre, la&hellip;\n","protected":false},"author":2,"featured_media":473337,"comment_status":"","ping_status":"","sticky":false,"template":"","format":"standard","meta":{"footnotes":""},"categories":[4],"tags":[11,3168,118,1011,27,12,25,2215,2803],"class_list":{"0":"post-473336","1":"post","2":"type-post","3":"status-publish","4":"format-standard","5":"has-post-thumbnail","7":"category-france","8":"tag-actualites","9":"tag-cotentin","10":"tag-faits-divers","11":"tag-fr","12":"tag-france","13":"tag-news","14":"tag-republique-francaise","15":"tag-sncf","16":"tag-transport"},"share_on_mastodon":{"url":"https:\/\/pubeurope.com\/@fr\/115397194153210652","error":""},"_links":{"self":[{"href":"https:\/\/www.europesays.com\/fr\/wp-json\/wp\/v2\/posts\/473336","targetHints":{"allow":["GET"]}}],"collection":[{"href":"https:\/\/www.europesays.com\/fr\/wp-json\/wp\/v2\/posts"}],"about":[{"href":"https:\/\/www.europesays.com\/fr\/wp-json\/wp\/v2\/types\/post"}],"author":[{"embeddable":true,"href":"https:\/\/www.europesays.com\/fr\/wp-json\/wp\/v2\/users\/2"}],"replies":[{"embeddable":true,"href":"https:\/\/www.europesays.com\/fr\/wp-json\/wp\/v2\/comments?post=473336"}],"version-history":[{"count":0,"href":"https:\/\/www.europesays.com\/fr\/wp-json\/wp\/v2\/posts\/473336\/revisions"}],"wp:featuredmedia":[{"embeddable":true,"href":"https:\/\/www.europesays.com\/fr\/wp-json\/wp\/v2\/media\/473337"}],"wp:attachment":[{"href":"https:\/\/www.europesays.com\/fr\/wp-json\/wp\/v2\/media?parent=473336"}],"wp:term":[{"taxonomy":"category","embeddable":true,"href":"https:\/\/www.europesays.com\/fr\/wp-json\/wp\/v2\/categories?post=473336"},{"taxonomy":"post_tag","embeddable":true,"href":"https:\/\/www.europesays.com\/fr\/wp-json\/wp\/v2\/tags?post=473336"}],"curies":[{"name":"wp","href":"https:\/\/api.w.org\/{rel}","templated":true}]}}