{"id":473342,"date":"2025-10-18T21:06:36","date_gmt":"2025-10-18T21:06:36","guid":{"rendered":"https:\/\/www.europesays.com\/fr\/473342\/"},"modified":"2025-10-18T21:06:36","modified_gmt":"2025-10-18T21:06:36","slug":"partager-votre-repas-du-dimanche-avec-des-etudiants-etrangers-en-lorraine-cest-possible-voici-comment","status":"publish","type":"post","link":"https:\/\/www.europesays.com\/fr\/473342\/","title":{"rendered":"Partager votre repas du dimanche avec des \u00e9tudiants \u00e9trangers en Lorraine, c&rsquo;est possible : voici comment"},"content":{"rendered":"<p>            Par<br \/>\n        <strong><br \/>\n            <a href=\"https:\/\/actu.fr\/auteur\/pierre-emile-bouchy-actu-fr\" title=\"Consulter tous les articles de Paul-Emile Bouchy\" target=\"_blank\" rel=\"noopener\">Paul-Emile Bouchy<\/a><br \/>\n        <\/strong><\/p>\n<p>        Publi\u00e9 le<\/p>\n<p>            18 oct. 2025 \u00e0 18h02        <\/p>\n<p>Durant le mois de novembre, deux \u00e9v\u00e8nements pour favoriser l\u2019accueil et les \u00e9changes avec les \u00e9tudiants internationaux sont organis\u00e9s \u00e0 <a href=\"https:\/\/actu.fr\/grand-est\/nancy_54395\" target=\"_blank\" rel=\"noopener\">Nancy<\/a> (Meurthe-et-Moselle) et \u00e0 <a href=\"https:\/\/actu.fr\/grand-est\/metz_57463\" target=\"_blank\" rel=\"noopener\">Metz<\/a> (Moselle) par le Crous Lorraine et l\u2019<a href=\"https:\/\/actu.fr\/tag\/universite-de-lorraine\" target=\"_blank\" rel=\"noopener\">Universit\u00e9 de Lorraine<\/a>.<\/p>\n<p class=\" wall-content\">Le principe\u2009: <strong>des habitants invitent des \u00e9tudiants \u00e9trangers \u00e0 venir d\u00e9jeuner chez eux un dimanche midi<\/strong>.<\/p>\n<p>Des h\u00f4tes recherch\u00e9s \u00e0 Nancy et \u00e0 Metz<\/p>\n<p class=\" wall-content\">\u00c0 <strong>Nancy<\/strong>, l\u2019\u00e9v\u00e8nement \u00ab\u2009Faim d\u2019\u00e9changes\u2009\u00bb aura lieu d\u00e9but novembre. Vendredi 7\u00a0novembre \u00e0 18h30, une r\u00e9ception pour que tous les participants se rencontrent aura lieu \u00e0 l\u2019h\u00f4tel de ville de Nancy. <strong>Le repas chez l\u2019habitant aura lieu le dimanche\u00a09 ou le dimanche 16\u00a0novembre<\/strong>, selon les disponibilit\u00e9s de chacun.<\/p>\n<p class=\" wall-content\">\u00c0 <strong>Metz<\/strong>, ces rencontres nomm\u00e9es \u00ab\u2009\u00c9changes gourmands\u2009\u00bb auront lieu <strong>le dimanche 23\u00a0novembre<\/strong>. Une r\u00e9ception sera organis\u00e9e le samedi 22\u00a0novembre \u00e0 l\u2019h\u00f4tel de ville de Metz.<\/p>\n<p class=\" wall-content\">Si vous souhaitez participer, vous pouvez vous inscrire en cliquant sur <a href=\"https:\/\/factuel.univ-lorraine.fr\/article\/etudiants-internationaux-habitants-des-nancy-ou-metz-et-agglomeration-participez-a-faim-dechanges-et-echanges-gourmands\/\" target=\"_blank\" rel=\"noopener\">ce lien<\/a>.<\/p>\n<p class=\" wall-content\">Personnalisez votre actualit\u00e9 en ajoutant vos villes et m\u00e9dias en favori avec <a href=\"https:\/\/moncompte.actu.fr\" title=\"D\u00e9couvez Mon Actu\" rel=\"nofollow noopener\" data-trk=\"{&quot;cta&quot;:{&quot;action&quot;:&quot;https:\\\/\\\/moncompte.actu.fr&quot;,&quot;category&quot;:&quot;mon compte&quot;,&quot;from&quot;:&quot;article footer&quot;,&quot;name&quot;:&quot;Mon actu&quot;,&quot;type&quot;:&quot;cta&quot;}}\" target=\"_blank\">Mon Actu<\/a>.<\/p>\n","protected":false},"excerpt":{"rendered":"Par Paul-Emile Bouchy Publi\u00e9 le 18 oct. 2025 \u00e0 18h02 Durant le mois de novembre, deux \u00e9v\u00e8nements pour&hellip;\n","protected":false},"author":2,"featured_media":473343,"comment_status":"","ping_status":"","sticky":false,"template":"","format":"standard","meta":{"footnotes":""},"categories":[9635],"tags":[1111,11,13684,1064,1777,674,1011,27,775,1702,12,25,104,56012],"class_list":{"0":"post-473342","1":"post","2":"type-post","3":"status-publish","4":"format-standard","5":"has-post-thumbnail","7":"category-nancy","8":"tag-actu","9":"tag-actualites","10":"tag-crous","11":"tag-etudiantses","12":"tag-eu","13":"tag-europe","14":"tag-fr","15":"tag-france","16":"tag-grand-est","17":"tag-nancy","18":"tag-news","19":"tag-republique-francaise","20":"tag-societe","21":"tag-universite-de-lorraine"},"share_on_mastodon":{"url":"https:\/\/pubeurope.com\/@fr\/115397209864619807","error":""},"_links":{"self":[{"href":"https:\/\/www.europesays.com\/fr\/wp-json\/wp\/v2\/posts\/473342","targetHints":{"allow":["GET"]}}],"collection":[{"href":"https:\/\/www.europesays.com\/fr\/wp-json\/wp\/v2\/posts"}],"about":[{"href":"https:\/\/www.europesays.com\/fr\/wp-json\/wp\/v2\/types\/post"}],"author":[{"embeddable":true,"href":"https:\/\/www.europesays.com\/fr\/wp-json\/wp\/v2\/users\/2"}],"replies":[{"embeddable":true,"href":"https:\/\/www.europesays.com\/fr\/wp-json\/wp\/v2\/comments?post=473342"}],"version-history":[{"count":0,"href":"https:\/\/www.europesays.com\/fr\/wp-json\/wp\/v2\/posts\/473342\/revisions"}],"wp:featuredmedia":[{"embeddable":true,"href":"https:\/\/www.europesays.com\/fr\/wp-json\/wp\/v2\/media\/473343"}],"wp:attachment":[{"href":"https:\/\/www.europesays.com\/fr\/wp-json\/wp\/v2\/media?parent=473342"}],"wp:term":[{"taxonomy":"category","embeddable":true,"href":"https:\/\/www.europesays.com\/fr\/wp-json\/wp\/v2\/categories?post=473342"},{"taxonomy":"post_tag","embeddable":true,"href":"https:\/\/www.europesays.com\/fr\/wp-json\/wp\/v2\/tags?post=473342"}],"curies":[{"name":"wp","href":"https:\/\/api.w.org\/{rel}","templated":true}]}}