{"id":473350,"date":"2025-10-18T21:11:11","date_gmt":"2025-10-18T21:11:11","guid":{"rendered":"https:\/\/www.europesays.com\/fr\/473350\/"},"modified":"2025-10-18T21:11:11","modified_gmt":"2025-10-18T21:11:11","slug":"dans-les-derniers-instants-montpellier-arrache-le-match-nul-contre-nantes","status":"publish","type":"post","link":"https:\/\/www.europesays.com\/fr\/473350\/","title":{"rendered":"dans les derniers instants, Montpellier arrache le match nul contre Nantes"},"content":{"rendered":"<p>\n    Ce samedi, Montpellier et Nantes se sont quitt\u00e9s dos \u00e0 dos dans ce choc de la 7e journ\u00e9e de championnat.<\/p>\n<p class=\"fig-paragraph\"><a href=\"http:\/\/www.lefigaro.fr\/sports\/handball\/hand-montpellier-s-offre-le-trophee-des-champions-face-au-psg-20250830\" target=\"_blank\" data-fig-type=\"NewsFlash\" rel=\"noopener nofollow\" data-gtm-custom-categorie=\"navigation\" data-gtm-custom-action=\"crossclick\" data-gtm-custom-label=\"Contextuel\" data-gtm-event=\"customEventSPE\" data-fig-domain=\"LEFIGARO\">Montpellier<\/a>\u00a0a arrach\u00e9 le nul (31-31) dans les ultimes instants face \u00e0 sa b\u00eate noire\u00a0<a href=\"http:\/\/www.lefigaro.fr\/sports\/handball\/hand-nantes-confirme-a-kielce-en-ligue-des-champions-20251015\" target=\"_blank\" data-fig-type=\"NewsFlash\" rel=\"noopener nofollow\" data-gtm-custom-categorie=\"navigation\" data-gtm-custom-action=\"crossclick\" data-gtm-custom-label=\"Contextuel\" data-gtm-event=\"customEventSPE\" data-fig-domain=\"LEFIGARO\">Nantes<\/a>\u00a0qu&rsquo;il n&rsquo;a plus battu depuis 2019, samedi lors du choc de la 7e journ\u00e9e du championnat de France de handball.<\/p>\n<p class=\"fig-paragraph\">Ce r\u00e9sultat permet aux MHB d&rsquo;occuper provisoirement la t\u00eate du championnat (13 points) avant le match du Paris-SG dimanche \u00e0 Chartres. Nantes est deuxi\u00e8me et le PSG troisi\u00e8me (12 pts ex aequo). Ce duel en terres h\u00e9raultaises entre les sempiternels dauphins du PSG, champion lors des onze derni\u00e8res saisons (2014-15), a tenu toutes ses promesses avec un \u00e9cart qui n&rsquo;a jamais d\u00e9pass\u00e9 trois buts.<\/p>\n<p>                                    <a class=\"fig-a11y-skip a11y-hidden\" href=\"#fig-a11y-skip-main-inarticle\"><br \/>\n        Passer la publicit\u00e9<br \/>\n    <\/a><\/p>\n<p class=\"fig-paragraph\">La machine offensive nantaise a \u00e9t\u00e9 port\u00e9e par Noam Leopold. L&rsquo;ailier gauche de 23 ans, auteur de neuf buts (sur douze tirs), r\u00e9alise un d\u00e9but de saison tonitruant avec d\u00e9sormais 47 buts. Il a d\u00e9pass\u00e9 en sept journ\u00e9es son record de r\u00e9alisations de la saison pass\u00e9e (45). En face, Montpellier, fid\u00e8le \u00e0 sa r\u00e9putation, est rest\u00e9 une forteresse, s&rsquo;appuyant notamment sur le gardien Charles Bolzinger (12 arr\u00eats).<\/p>\n<p class=\"fig-paragraph\">\u00c0 30-30 \u00e0 35 secondes de la fin, un jet de sept m\u00e8tres de Noam Leopold a donn\u00e9 l&rsquo;avantage aux Nantais. Mais Kyllian Villeminot a arrach\u00e9 l&rsquo;\u00e9galisation \u00e0 huit secondes du coup de sifflet. Avec ce nul, le premier de la saison apr\u00e8s six victoires, les H\u00e9raultais ont \u00e9vit\u00e9 une nouvelle d\u00e9convenue face \u00e0 des Nantais contre lesquels ils n&rsquo;arrivent plus \u00e0 gagner depuis le 23 mai 2019 (26-25). Depuis cette date, le H avait encha\u00een\u00e9 14 victoires en match officiel. Dimanche, le PSG en d\u00e9placement \u00e0 Chartres a la possibilit\u00e9 de reprendre la t\u00eate.<\/p>\n","protected":false},"excerpt":{"rendered":"Ce samedi, Montpellier et Nantes se sont quitt\u00e9s dos \u00e0 dos dans ce choc de la 7e journ\u00e9e&hellip;\n","protected":false},"author":2,"featured_media":473351,"comment_status":"","ping_status":"","sticky":false,"template":"","format":"standard","meta":{"footnotes":""},"categories":[9599],"tags":[1111,11,2207,69,525,2211,2212,2210,1981,2206,64,1777,674,1011,27,1792,2209,447,2208,12,2680,25,1980],"class_list":{"0":"post-473350","1":"post","2":"type-post","3":"status-publish","4":"format-standard","5":"has-post-thumbnail","7":"category-montpellier","8":"tag-actu","9":"tag-actualites","10":"tag-bleus","11":"tag-bundesliga","12":"tag-calendrier","13":"tag-championnat-deurope","14":"tag-championnat-du-monde","15":"tag-ciudad-real","16":"tag-classement","17":"tag-division-1","18":"tag-equipe-de-france","19":"tag-eu","20":"tag-europe","21":"tag-fr","22":"tag-france","23":"tag-handball","24":"tag-kiel","25":"tag-ligue-des-champions","26":"tag-montpellier","27":"tag-news","28":"tag-occitanie","29":"tag-republique-francaise","30":"tag-resultats"},"share_on_mastodon":{"url":"https:\/\/pubeurope.com\/@fr\/115397229475259591","error":""},"_links":{"self":[{"href":"https:\/\/www.europesays.com\/fr\/wp-json\/wp\/v2\/posts\/473350","targetHints":{"allow":["GET"]}}],"collection":[{"href":"https:\/\/www.europesays.com\/fr\/wp-json\/wp\/v2\/posts"}],"about":[{"href":"https:\/\/www.europesays.com\/fr\/wp-json\/wp\/v2\/types\/post"}],"author":[{"embeddable":true,"href":"https:\/\/www.europesays.com\/fr\/wp-json\/wp\/v2\/users\/2"}],"replies":[{"embeddable":true,"href":"https:\/\/www.europesays.com\/fr\/wp-json\/wp\/v2\/comments?post=473350"}],"version-history":[{"count":0,"href":"https:\/\/www.europesays.com\/fr\/wp-json\/wp\/v2\/posts\/473350\/revisions"}],"wp:featuredmedia":[{"embeddable":true,"href":"https:\/\/www.europesays.com\/fr\/wp-json\/wp\/v2\/media\/473351"}],"wp:attachment":[{"href":"https:\/\/www.europesays.com\/fr\/wp-json\/wp\/v2\/media?parent=473350"}],"wp:term":[{"taxonomy":"category","embeddable":true,"href":"https:\/\/www.europesays.com\/fr\/wp-json\/wp\/v2\/categories?post=473350"},{"taxonomy":"post_tag","embeddable":true,"href":"https:\/\/www.europesays.com\/fr\/wp-json\/wp\/v2\/tags?post=473350"}],"curies":[{"name":"wp","href":"https:\/\/api.w.org\/{rel}","templated":true}]}}