{"id":473356,"date":"2025-10-18T21:16:22","date_gmt":"2025-10-18T21:16:22","guid":{"rendered":"https:\/\/www.europesays.com\/fr\/473356\/"},"modified":"2025-10-18T21:16:22","modified_gmt":"2025-10-18T21:16:22","slug":"grenoble-des-tags-antisemites-ciblent-deux-avocats-dont-un-candidat-aux-municipales","status":"publish","type":"post","link":"https:\/\/www.europesays.com\/fr\/473356\/","title":{"rendered":"Grenoble. Des tags antis\u00e9mites ciblent deux avocats, dont un candidat aux municipales"},"content":{"rendered":"<p>            Par<br \/>\n        <strong><br \/>\n            <a href=\"https:\/\/actu.fr\/auteur\/lisa-rodrigues\" title=\"Consulter tous les articles de Lisa Rodrigues\" target=\"_blank\" rel=\"noopener\">Lisa Rodrigues<\/a><br \/>\n        <\/strong><\/p>\n<p>        Publi\u00e9 le<\/p>\n<p>            17 oct. 2025 \u00e0 10h09        <\/p>\n<p>L\u2019acte a \u00e9t\u00e9 unanimement condamn\u00e9. Jeudi 16 octobre, deux avocats grenoblois, <strong>Me \u00c9ric Hattab<\/strong>, pr\u00e9sident du CRIF Grenoble-Dauphin\u00e9, et <a href=\"https:\/\/actu.fr\/auvergne-rhone-alpes\/grenoble_38185\/municipales-2026-qui-est-herve-gerbi-le-premier-candidat-a-la-mairie-de-grenoble_62539289.html\" target=\"_blank\" rel=\"noopener\">Me Herv\u00e9 Gerbi<\/a>, ancien pr\u00e9sident de cette m\u00eame association, ont d\u00e9couvert des <strong>tags antis\u00e9mites<\/strong> sur la porte de leurs bureaux respectifs. Une enqu\u00eate a \u00e9t\u00e9 ouverte.<\/p>\n<p class=\" wall-content\">Au cabinet de ce dernier, \u00e9galement candidat aux municipales de <a href=\"https:\/\/actu.fr\/auvergne-rhone-alpes\/grenoble_38185\" target=\"_blank\" rel=\"noopener\">Grenoble<\/a>, un message appelant les membres du CRIF \u00e0 une \u00ab\u00a0mort lente et douloureuse\u00a0\u00bb, accompagn\u00e9 d\u2019un dessin de corde. Un appel du m\u00eame acabit, lui aussi inscrit aux c\u00f4t\u00e9s d\u2019une corde, a \u00e9t\u00e9 retrouv\u00e9 par son confr\u00e8re sur sa propre entr\u00e9e.<\/p>\n<p>Une plainte va \u00eatre d\u00e9pos\u00e9e<\/p>\n<p class=\" wall-content\">D\u2019apr\u00e8s un communiqu\u00e9 du CRIF, Me \u00c9ric Hattab a annonc\u00e9 son intention de porter plainte. \u00ab\u00a0\u00c7a me pousse encore plus, s\u2019il en \u00e9tait besoin, \u00e0 agir avec la plus grande d\u00e9termination pour <strong>lutter contre l\u2019antis\u00e9mitisme et toutes les formes de racisme<\/strong>, de haine et de discrimination\u00a0\u00bb, indique le pr\u00e9sident du CRIF is\u00e9rois.<\/p>\n<p>    <img   decoding=\"async\" loading=\"lazy\" src=\"https:\/\/www.europesays.com\/fr\/wp-content\/uploads\/2025\/10\/tag-antisemite-grenoble-960x640.png\" alt=\"Des tags antis\u00e9mites ont \u00e9t\u00e9 retrouv\u00e9s \u00e0 la porte de deux avocats grenoblois, respectivement actuel et ancien pr\u00e9sident du CRIF Grenoble-Dauphin\u00e9.\" width=\"960\" height=\"640\"\/><br \/>\n    Des tags antis\u00e9mites ont \u00e9t\u00e9 retrouv\u00e9s \u00e0 la porte de deux avocats grenoblois, respectivement actuel et ancien pr\u00e9sident du CRIF Grenoble-Dauphin\u00e9. (\u00a9Communiqu\u00e9 CRIF)<\/p>\n<p class=\" wall-content\">Leurs cabinets ayant \u00e9t\u00e9 vis\u00e9s, l\u2019Ordre des avocats de Grenoble a \u00e9galement exprim\u00e9 sa \u00ab\u00a0profonde solidarit\u00e9\u00a0\u00bb \u00e0 ses confr\u00e8res.\u00a0<\/p>\n<p class=\" wall-content\">\n<p class=\" wall-content\">Difficile de ne pas voir un lien avec la campagne des municipales, Herv\u00e9 Gerbi \u00e9tant candidat et chef de file du parti Horizons dans la capitale des Alpes. \u00ab\u00a0J\u2019ai conscience qu\u2019il reste des \u00e9lecteurs \u00e0 convaincre. Le message sur la porte de mon cabinet en est l\u2019illustration\u00a0\u00bb, indique le candidat par voie de communiqu\u00e9.<\/p>\n<p>Votre r\u00e9gion, votre actu !<\/p>\n<p>Recevez chaque jour les infos qui comptent pour vous.<\/p>\n<p>\t<a href=\"https:\/\/actu.fr\/newsletter\" class=\"ac-btn ac-btn--corner ac-btn--medium ac-btn--blue800\" target=\"_blank\" rel=\"noopener\">S&rsquo;incrire<\/a><br \/>\nCondamnation unanime des candidats aux municipales\u00a0<\/p>\n<p class=\" wall-content\">Tous les candidats aux municipales de Grenoble ont apport\u00e9 leur soutien aux deux victimes.<\/p>\n<p class=\" wall-content\">\u00ab\u00a0Les actes de violence antis\u00e9mite n\u2019ont pas leur place dans une campagne municipale ni<br \/>nulle part ailleurs\u00a0\u00bb, ass\u00e8ne la liste <a href=\"https:\/\/actu.fr\/auvergne-rhone-alpes\/grenoble_38185\/municipales-a-grenoble-un-nouveau-candidat-va-etre-choisi-avec-une-methode-rare_63228706.html\" target=\"_blank\" rel=\"noopener\">Grenoble Alpes Collectif<\/a>. \u00ab\u00a0L\u2019antis\u00e9mitisme est <strong>un poison<\/strong>. Il n\u2019a sa place ni dans notre soci\u00e9t\u00e9 ni dans notre ville\u00a0\u00bb, ajoute <a href=\"https:\/\/actu.fr\/auvergne-rhone-alpes\/grenoble_38185\/grenoble-laurence-ruffin-candidate-ecologiste-veut-etre-en-rupture-d-eric-piolle_63216935.html\" target=\"_blank\" rel=\"noopener\">Laurence Ruffin<\/a>, t\u00eate de liste de la majorit\u00e9 \u00e9cologiste sortante aux municipales.<\/p>\n<p>    <a href=\"https:\/\/www.facebook.com\/plugins\/post.php?href=https%3A%2F%2Fwww.facebook.com%2Flaurenceruffingrenoble%2Fposts%2Fpfbid02ozYqop69UeSFCh6WNreZaPcKTR1ryiv1gYqY9YecpXXpdCfT9shhtiqgFVJMqk5fl&amp;show_text=true&amp;width=350\" title=\"Ouvrie le lien\" target=\"_blank\" rel=\"noopener\">Cliquez ici pour visualiser le contenu<\/a><\/p>\n<p class=\" wall-content\">\u00ab\u00a0Je condamne fermement les tags antis\u00e9mites et les appels au meurtre visant Ma\u00eetre Eric Hattab et Ma\u00eetre Herv\u00e9 Gerbi \u00e0 Grenoble. Rien ne peut justifier de tels actes\u00a0\u00bb, ajoute <a href=\"https:\/\/actu.fr\/auvergne-rhone-alpes\/grenoble_38185\/municipales-a-grenoble-lfi-lance-sa-propre-liste-sans-les-ecologistes-d-eric-piolle_63194295.html\" target=\"_blank\" rel=\"noopener\">Allan Brunon<\/a>, candidat LFI.<\/p>\n<p>    <a href=\"https:\/\/www.facebook.com\/plugins\/post.php?href=https%3A%2F%2Fwww.facebook.com%2Fallan.brunon.1%2Fposts%2Fpfbid029zFdHAX5GCKgUtj7uBXPeHMAzQ8kUQVgPmTJLmJiASLG1kkZrXHuBsdhSEPsYL85l&amp;show_text=true&amp;width=350\" title=\"Ouvrie le lien\" target=\"_blank\" rel=\"noopener\">Cliquez ici pour visualiser le contenu<\/a><\/p>\n<p class=\" wall-content\">\u00ab\u00a0Ces<strong> menaces de mort<\/strong> qui t\u00e9moignent malheureusement d\u2019un climat naus\u00e9abond \u00e0 Grenoble sont intol\u00e9rables et doivent \u00eatre sanctionn\u00e9es\u00a0\u00bb, abonde <a href=\"https:\/\/actu.fr\/auvergne-rhone-alpes\/grenoble_38185\/municipales-2026-a-grenoble-alain-carignon-est-candidat-les-grenoblois-meritent-le-meilleur_62735518.html\" target=\"_blank\" rel=\"noopener\">Alain Carignon<\/a>, candidat de la droite et du centre.<\/p>\n<p class=\" wall-content\">\n<p>Des actes \u00ab\u00a0d\u2019une extr\u00eame violence\u00a0\u00bb<\/p>\n<p class=\" wall-content\">Le reste de la classe politique grenobloise a aussi largement d\u00e9nonc\u00e9 ces faits.<\/p>\n<p class=\" wall-content\">La d\u00e9put\u00e9e de la 1e circonscription de l\u2019Is\u00e8re, <a href=\"https:\/\/actu.fr\/auvergne-rhone-alpes\/grenoble_38185\/grenoble-resultats-de-la-legislative-partielle-decouvrez-votre-nouveau-depute_62134149.html\" target=\"_blank\" rel=\"noopener\">Camille Galliard-Minier<\/a> (Renaissance) parle d\u2019actes \u00ab\u00a0d\u2019une extr\u00eame violence\u00a0\u00bb et \u00ab\u00a0inacceptables\u00a0\u00bb. \u00ab\u00a0Je tiens \u00e0 exprimer tout mon soutien \u00e0 Me \u00c9ric Hattab et Me Herv\u00e9 Gerbi, ainsi qu\u2019\u00e0 l\u2019ensemble de la communaut\u00e9 juive de Grenoble et de l\u2019Is\u00e8re\u00a0\u00bb, affiche l\u2019\u00e9lue dans un communiqu\u00e9.<\/p>\n<p class=\" wall-content\">\u00ab\u00a0Nul ne devrait se sentir menac\u00e9 en raison de sa religion. Nul ne devrait subir l\u2019antis\u00e9mitisme\u00a0\u00bb, insiste le maire \u00e9cologiste de Grenoble, <a href=\"https:\/\/actu.fr\/tag\/eric-piolle\" target=\"_blank\" rel=\"noopener\">\u00c9ric Piolle<\/a>.<\/p>\n<p>    <a href=\"https:\/\/www.facebook.com\/plugins\/post.php?href=https%3A%2F%2Fwww.facebook.com%2Fericpiolle%2Fposts%2Fpfbid0hcxTgUCnLAW7sL1MTdZnV2BbN2oS8HmJQi75miGRVonTMLuxKcsFFHzeM7BCAJ5l&amp;show_text=true&amp;width=350\" title=\"Ouvrie le lien\" target=\"_blank\" rel=\"noopener\">Cliquez ici pour visualiser le contenu<\/a><\/p>\n<p class=\" wall-content\">Personnalisez votre actualit\u00e9 en ajoutant vos villes et m\u00e9dias en favori avec <a href=\"https:\/\/moncompte.actu.fr\" title=\"D\u00e9couvez Mon Actu\" rel=\"nofollow noopener\" data-trk=\"{&quot;cta&quot;:{&quot;action&quot;:&quot;https:\\\/\\\/moncompte.actu.fr&quot;,&quot;category&quot;:&quot;mon compte&quot;,&quot;from&quot;:&quot;article footer&quot;,&quot;name&quot;:&quot;Mon actu&quot;,&quot;type&quot;:&quot;cta&quot;}}\" target=\"_blank\">Mon Actu<\/a>.<\/p>\n","protected":false},"excerpt":{"rendered":"Par Lisa Rodrigues Publi\u00e9 le 17 oct. 2025 \u00e0 10h09 L\u2019acte a \u00e9t\u00e9 unanimement condamn\u00e9. Jeudi 16 octobre,&hellip;\n","protected":false},"author":2,"featured_media":473357,"comment_status":"","ping_status":"","sticky":false,"template":"","format":"standard","meta":{"footnotes":""},"categories":[9566],"tags":[1111,11,6155,2430,1777,674,118,1011,27,2731,3434,12,1072,25],"class_list":{"0":"post-473356","1":"post","2":"type-post","3":"status-publish","4":"format-standard","5":"has-post-thumbnail","7":"category-grenoble","8":"tag-actu","9":"tag-actualites","10":"tag-antisemitisme","11":"tag-auvergne-rhone-alpes","12":"tag-eu","13":"tag-europe","14":"tag-faits-divers","15":"tag-fr","16":"tag-france","17":"tag-grenoble","18":"tag-municipales-2026","19":"tag-news","20":"tag-police","21":"tag-republique-francaise"},"share_on_mastodon":{"url":"https:\/\/pubeurope.com\/@fr\/115397249759325051","error":""},"_links":{"self":[{"href":"https:\/\/www.europesays.com\/fr\/wp-json\/wp\/v2\/posts\/473356","targetHints":{"allow":["GET"]}}],"collection":[{"href":"https:\/\/www.europesays.com\/fr\/wp-json\/wp\/v2\/posts"}],"about":[{"href":"https:\/\/www.europesays.com\/fr\/wp-json\/wp\/v2\/types\/post"}],"author":[{"embeddable":true,"href":"https:\/\/www.europesays.com\/fr\/wp-json\/wp\/v2\/users\/2"}],"replies":[{"embeddable":true,"href":"https:\/\/www.europesays.com\/fr\/wp-json\/wp\/v2\/comments?post=473356"}],"version-history":[{"count":0,"href":"https:\/\/www.europesays.com\/fr\/wp-json\/wp\/v2\/posts\/473356\/revisions"}],"wp:featuredmedia":[{"embeddable":true,"href":"https:\/\/www.europesays.com\/fr\/wp-json\/wp\/v2\/media\/473357"}],"wp:attachment":[{"href":"https:\/\/www.europesays.com\/fr\/wp-json\/wp\/v2\/media?parent=473356"}],"wp:term":[{"taxonomy":"category","embeddable":true,"href":"https:\/\/www.europesays.com\/fr\/wp-json\/wp\/v2\/categories?post=473356"},{"taxonomy":"post_tag","embeddable":true,"href":"https:\/\/www.europesays.com\/fr\/wp-json\/wp\/v2\/tags?post=473356"}],"curies":[{"name":"wp","href":"https:\/\/api.w.org\/{rel}","templated":true}]}}