{"id":473358,"date":"2025-10-18T21:17:25","date_gmt":"2025-10-18T21:17:25","guid":{"rendered":"https:\/\/www.europesays.com\/fr\/473358\/"},"modified":"2025-10-18T21:17:25","modified_gmt":"2025-10-18T21:17:25","slug":"thorigne-fouillard-prix-technique-vincent-trottain","status":"publish","type":"post","link":"https:\/\/www.europesays.com\/fr\/473358\/","title":{"rendered":"Thorign\u00e9-Fouillard. Prix technique : Vincent Trottain"},"content":{"rendered":"<p>Vincent Trottain est un passionn\u00e9 des sports automobiles, avec, un incontournable, les 24\u00a0heures du Mans. \u00a0Les 24\u00a0heures du Mans, c\u2019est vraiment un rituel pour moi. Tous les ans, j\u2019y passe une semaine pendant mes cong\u00e9s. Il y a une relation affective avec cet \u00e9v\u00e9nement. Cela fait trente ans que j\u2019y vais pour traduire la beaut\u00e9 de la course, surtout la nuit, d\u2019o\u00f9 ces photos en nocturne.<\/p>\n<p>Avec la photo, on peut toujours s\u2019am\u00e9liorer et il ne faut pas h\u00e9siter \u00e0 utiliser les nouvelles technologies pour obtenir de superbes rendus sur les clich\u00e9s.\u00a0<\/p>\n<p>\u00a0<\/p>\n","protected":false},"excerpt":{"rendered":"Vincent Trottain est un passionn\u00e9 des sports automobiles, avec, un incontournable, les 24\u00a0heures du Mans. \u00a0Les 24\u00a0heures du&hellip;\n","protected":false},"author":2,"featured_media":473359,"comment_status":"","ping_status":"","sticky":false,"template":"","format":"standard","meta":{"footnotes":""},"categories":[2821],"tags":[1111,11,829,1777,674,1011,27,12,2141,3086,584,25,6233,4182,59649,762],"class_list":{"0":"post-473358","1":"post","2":"type-post","3":"status-publish","4":"format-standard","5":"has-post-thumbnail","7":"category-rennes","8":"tag-actu","9":"tag-actualites","10":"tag-bretagne","11":"tag-eu","12":"tag-europe","13":"tag-fr","14":"tag-france","15":"tag-news","16":"tag-prix","17":"tag-redon","18":"tag-rennes","19":"tag-republique-francaise","20":"tag-technique","21":"tag-thorigne-fouillard","22":"tag-trottain","23":"tag-vincent"},"share_on_mastodon":{"url":"https:\/\/pubeurope.com\/@fr\/115397253209262000","error":""},"_links":{"self":[{"href":"https:\/\/www.europesays.com\/fr\/wp-json\/wp\/v2\/posts\/473358","targetHints":{"allow":["GET"]}}],"collection":[{"href":"https:\/\/www.europesays.com\/fr\/wp-json\/wp\/v2\/posts"}],"about":[{"href":"https:\/\/www.europesays.com\/fr\/wp-json\/wp\/v2\/types\/post"}],"author":[{"embeddable":true,"href":"https:\/\/www.europesays.com\/fr\/wp-json\/wp\/v2\/users\/2"}],"replies":[{"embeddable":true,"href":"https:\/\/www.europesays.com\/fr\/wp-json\/wp\/v2\/comments?post=473358"}],"version-history":[{"count":0,"href":"https:\/\/www.europesays.com\/fr\/wp-json\/wp\/v2\/posts\/473358\/revisions"}],"wp:featuredmedia":[{"embeddable":true,"href":"https:\/\/www.europesays.com\/fr\/wp-json\/wp\/v2\/media\/473359"}],"wp:attachment":[{"href":"https:\/\/www.europesays.com\/fr\/wp-json\/wp\/v2\/media?parent=473358"}],"wp:term":[{"taxonomy":"category","embeddable":true,"href":"https:\/\/www.europesays.com\/fr\/wp-json\/wp\/v2\/categories?post=473358"},{"taxonomy":"post_tag","embeddable":true,"href":"https:\/\/www.europesays.com\/fr\/wp-json\/wp\/v2\/tags?post=473358"}],"curies":[{"name":"wp","href":"https:\/\/api.w.org\/{rel}","templated":true}]}}