{"id":473364,"date":"2025-10-18T21:21:24","date_gmt":"2025-10-18T21:21:24","guid":{"rendered":"https:\/\/www.europesays.com\/fr\/473364\/"},"modified":"2025-10-18T21:21:24","modified_gmt":"2025-10-18T21:21:24","slug":"water-polo-le-team-strasbourg-a-enfin-pris-sa-revanche-a-aix","status":"publish","type":"post","link":"https:\/\/www.europesays.com\/fr\/473364\/","title":{"rendered":"Water-polo. Le Team Strasbourg a enfin pris sa revanche \u00e0 Aix"},"content":{"rendered":"<p>On savait que le duel entre Aixois et Strasbourgeois alimente depuis plusieurs saisons une saine rivalit\u00e9 dans les bassins. D\u2019autant plus que les Proven\u00e7aux restaient sur une s\u00e9rie de 5 victoires de rang \u00e0 domicile face \u00e0 leur meilleur ennemi et que sur les huit derni\u00e8res oppositions, trois se sont termin\u00e9es \u00e0 un but d\u2019\u00e9cart, une \u00e0 deux buts et une aux tirs au but.<\/p>\n<p>Mais ce samedi soir, le Team Strasbourg a mis fin \u00e0 l\u2019h\u00e9g\u00e9monie aixoise en s\u2019imposant en patron 13-17. \u00ab\u00a0L\u2019essentiel, c\u2019\u00e9tait de prendre les trois points, analysait Olivier&#8230;<\/p>\n","protected":false},"excerpt":{"rendered":"On savait que le duel entre Aixois et Strasbourgeois alimente depuis plusieurs saisons une saine rivalit\u00e9 dans les&hellip;\n","protected":false},"author":2,"featured_media":473365,"comment_status":"","ping_status":"","sticky":false,"template":"","format":"standard","meta":{"footnotes":""},"categories":[2820],"tags":[1111,11,2880,1777,674,107,1011,27,775,12,25,517,640,2879,43653,7488],"class_list":{"0":"post-473364","1":"post","2":"type-post","3":"status-publish","4":"format-standard","5":"has-post-thumbnail","7":"category-strasbourg","8":"tag-actu","9":"tag-actualites","10":"tag-edition-strasbourg","11":"tag-eu","12":"tag-europe","13":"tag-fil-info","14":"tag-fr","15":"tag-france","16":"tag-grand-est","17":"tag-news","18":"tag-republique-francaise","19":"tag-sport","20":"tag-strasbourg","21":"tag-strasbourg-ville","22":"tag-team-strasbourg","23":"tag-water-polo"},"share_on_mastodon":{"url":"https:\/\/pubeurope.com\/@fr\/115397268800532980","error":""},"_links":{"self":[{"href":"https:\/\/www.europesays.com\/fr\/wp-json\/wp\/v2\/posts\/473364","targetHints":{"allow":["GET"]}}],"collection":[{"href":"https:\/\/www.europesays.com\/fr\/wp-json\/wp\/v2\/posts"}],"about":[{"href":"https:\/\/www.europesays.com\/fr\/wp-json\/wp\/v2\/types\/post"}],"author":[{"embeddable":true,"href":"https:\/\/www.europesays.com\/fr\/wp-json\/wp\/v2\/users\/2"}],"replies":[{"embeddable":true,"href":"https:\/\/www.europesays.com\/fr\/wp-json\/wp\/v2\/comments?post=473364"}],"version-history":[{"count":0,"href":"https:\/\/www.europesays.com\/fr\/wp-json\/wp\/v2\/posts\/473364\/revisions"}],"wp:featuredmedia":[{"embeddable":true,"href":"https:\/\/www.europesays.com\/fr\/wp-json\/wp\/v2\/media\/473365"}],"wp:attachment":[{"href":"https:\/\/www.europesays.com\/fr\/wp-json\/wp\/v2\/media?parent=473364"}],"wp:term":[{"taxonomy":"category","embeddable":true,"href":"https:\/\/www.europesays.com\/fr\/wp-json\/wp\/v2\/categories?post=473364"},{"taxonomy":"post_tag","embeddable":true,"href":"https:\/\/www.europesays.com\/fr\/wp-json\/wp\/v2\/tags?post=473364"}],"curies":[{"name":"wp","href":"https:\/\/api.w.org\/{rel}","templated":true}]}}