{"id":473381,"date":"2025-10-18T21:32:20","date_gmt":"2025-10-18T21:32:20","guid":{"rendered":"https:\/\/www.europesays.com\/fr\/473381\/"},"modified":"2025-10-18T21:32:20","modified_gmt":"2025-10-18T21:32:20","slug":"fc-nantes-lille-les-canaris-sans-lahdo-et-coquelin-mais-avec-ziani-et-deuff-sport","status":"publish","type":"post","link":"https:\/\/www.europesays.com\/fr\/473381\/","title":{"rendered":"FC Nantes &#8211; Lille. Les Canaris sans Lahdo et Coquelin mais avec Ziani et Deuff . Sport"},"content":{"rendered":"<p>C\u2019est un groupe de 21\u00a0joueurs que l\u2019entra\u00eeneur du <a href=\"https:\/\/nantes.maville.com\/sport\/detail_-fc-nantes-lille.-trois-absents-de-poids-chez-les-canaris-pour-le-choc-de-dimanche-soir-_8-7024895_actu.Htm\" target=\"_self\" rel=\"noopener\">FC Nantes<\/a>\u00a0<a href=\"https:\/\/nantes.maville.com\/sport\/detail_-fc-nantes.-temps-de-jeu-des-jeunes-la-rupture-de-luis-castro-_8-7009816_actu.Htm\" target=\"_self\" rel=\"noopener\">Luis Castr<\/a>o a convoqu\u00e9 pour le choc de demain soir (20\u00a0h\u00a045) \u00e0 la Beaujoire contre Lille (7e).<\/p>\n<\/p>\n<p>Les Canaris seront priv\u00e9s de trois \u00e9l\u00e9ments majeurs qui sont bless\u00e9s\u00a0: Coquelin (cuisse), Lepenant (fissure du p\u00e9ron\u00e9) et Lahdo (\u00e9paule). Ce dernier s\u2019est lux\u00e9 l\u2019\u00e9paule il y a une dizaine de jours lors d\u2019une s\u00e9ance d\u2019entra\u00eenement. M\u00eame si tout avait remis en place tr\u00e8s vite, l\u2019ailier su\u00e9dois n\u2019est <strong>\u00ab\u00a0pas \u00e0 100\u00a0%\u00a0\u00bb<\/strong>, estimait, vendredi midi, le technicien portugais.<\/p>\n<p><strong>Lire aussi\u00a0: <\/strong> <a href=\"https:\/\/nantes.maville.com\/sport\/detail_-fc-nantes-lille-alexsandro-et-deux-de-ses-coequipiers-absents-pour-la-8e-journee-de-ligue-1-_8-7024966_actu.Htm\" target=\"_self\" rel=\"noopener\">FC Nantes &#8211; Lille\u00a0: Alexsandro et deux de ses co\u00e9quipiers absents pour la 8e journ\u00e9e de Ligue 1<\/a><\/p>\n<p>Le groupe nantais contre Lille<\/p>\n<p>Lopes (g), Carlgren (g), Mirbach (g) &#8211; Amian, Awaziem, Tati, Radakovic, Leroux, Cozza, Kwon, Mwanga, Deuff, Hong, Ziani, Tabibou, Guirassy, Camara, Abline, Mohamed, Benhattab, El Arabi.<\/p>\n<p>\u00a0<\/p>\n","protected":false},"excerpt":{"rendered":"C\u2019est un groupe de 21\u00a0joueurs que l\u2019entra\u00eeneur du FC Nantes\u00a0Luis Castro a convoqu\u00e9 pour le choc de demain&hellip;\n","protected":false},"author":2,"featured_media":473382,"comment_status":"","ping_status":"","sticky":false,"template":"","format":"standard","meta":{"footnotes":""},"categories":[2815],"tags":[1111,11,3809,1465,2192,1777,674,63,1011,27,1792,811,1922,1307,12,25,479,517,1470],"class_list":{"0":"post-473381","1":"post","2":"type-post","3":"status-publish","4":"format-standard","5":"has-post-thumbnail","7":"category-lille","8":"tag-actu","9":"tag-actualites","10":"tag-ball","11":"tag-basket","12":"tag-cholet","13":"tag-eu","14":"tag-europe","15":"tag-football","16":"tag-fr","17":"tag-france","18":"tag-handball","19":"tag-hauts-de-france","20":"tag-info","21":"tag-lille","22":"tag-news","23":"tag-republique-francaise","24":"tag-rugby","25":"tag-sport","26":"tag-volley"},"share_on_mastodon":{"url":"https:\/\/pubeurope.com\/@fr\/115397312122997996","error":""},"_links":{"self":[{"href":"https:\/\/www.europesays.com\/fr\/wp-json\/wp\/v2\/posts\/473381","targetHints":{"allow":["GET"]}}],"collection":[{"href":"https:\/\/www.europesays.com\/fr\/wp-json\/wp\/v2\/posts"}],"about":[{"href":"https:\/\/www.europesays.com\/fr\/wp-json\/wp\/v2\/types\/post"}],"author":[{"embeddable":true,"href":"https:\/\/www.europesays.com\/fr\/wp-json\/wp\/v2\/users\/2"}],"replies":[{"embeddable":true,"href":"https:\/\/www.europesays.com\/fr\/wp-json\/wp\/v2\/comments?post=473381"}],"version-history":[{"count":0,"href":"https:\/\/www.europesays.com\/fr\/wp-json\/wp\/v2\/posts\/473381\/revisions"}],"wp:featuredmedia":[{"embeddable":true,"href":"https:\/\/www.europesays.com\/fr\/wp-json\/wp\/v2\/media\/473382"}],"wp:attachment":[{"href":"https:\/\/www.europesays.com\/fr\/wp-json\/wp\/v2\/media?parent=473381"}],"wp:term":[{"taxonomy":"category","embeddable":true,"href":"https:\/\/www.europesays.com\/fr\/wp-json\/wp\/v2\/categories?post=473381"},{"taxonomy":"post_tag","embeddable":true,"href":"https:\/\/www.europesays.com\/fr\/wp-json\/wp\/v2\/tags?post=473381"}],"curies":[{"name":"wp","href":"https:\/\/api.w.org\/{rel}","templated":true}]}}