{"id":473387,"date":"2025-10-18T21:35:17","date_gmt":"2025-10-18T21:35:17","guid":{"rendered":"https:\/\/www.europesays.com\/fr\/473387\/"},"modified":"2025-10-18T21:35:17","modified_gmt":"2025-10-18T21:35:17","slug":"elles-depoussierent-la-brocante-dans-leurs-boutiques-chaleureuses","status":"publish","type":"post","link":"https:\/\/www.europesays.com\/fr\/473387\/","title":{"rendered":"elles d\u00e9poussi\u00e8rent la brocante dans leurs boutiques chaleureuses"},"content":{"rendered":"<p>Sur les quais de Sa\u00f4ne, Pauline et Blandine Zamoro accueillent les clients dans leur boutique hybride, Zam S\u0153urs. Livres, caf\u00e9s mais aussi objets et meubles sont \u00e0 vendre. \u00ab\u00a0On ne retire pas la chaise sur laquelle est assis quelqu\u2019un tout de m\u00eame\u00a0\u00bb, s\u2019amuse Pauline, l\u2019une des deux s\u0153urs \u00e0 l\u2019origine de cette \u00e9choppe ouverte mi-juin\u00a02025.<\/p>\n<p>M\u00eame pari ou presque de l\u2019autre c\u00f4t\u00e9 du Rh\u00f4ne. Les regards curieux scannent les \u00e9tag\u00e8res d\u00e9bordantes d\u2019objets. Les ordinateurs c\u00f4toient les caf\u00e9s. M\u00f4t Ch\u00fat (\u00ab\u00a0un petit peu\u00a0\u00bb en vietnamien) se veut un melting-pot entre brocante et caf\u00e9 de sp\u00e9cialit\u00e9, pens\u00e9 par Laur\u00e8ne Marinier, 32 ans.<\/p>\n<p>La chine, une histoire de famille<\/p>\n<p>Alors qu\u2019elle sert des boissons aux clients pr\u00e9sents, sa m\u00e8re lui envoie des photographies d\u2019objets&#8230;<\/p>\n","protected":false},"excerpt":{"rendered":"Sur les quais de Sa\u00f4ne, Pauline et Blandine Zamoro accueillent les clients dans leur boutique hybride, Zam S\u0153urs.&hellip;\n","protected":false},"author":2,"featured_media":473388,"comment_status":"","ping_status":"","sticky":false,"template":"","format":"standard","meta":{"footnotes":""},"categories":[1889],"tags":[1111,11,1477,2430,4397,33,2757,341,1777,674,1011,27,5015,1908,2428,2756,15108,12,2922,25,2429,4604,3151,801,104,1631,216],"class_list":{"0":"post-473387","1":"post","2":"type-post","3":"status-publish","4":"format-standard","5":"has-post-thumbnail","7":"category-lyon","8":"tag-actu","9":"tag-actualites","10":"tag-artisanat","11":"tag-auvergne-rhone-alpes","12":"tag-decoration","13":"tag-economie","14":"tag-edition-lyon-villeurbanne","15":"tag-emploi","16":"tag-eu","17":"tag-europe","18":"tag-fr","19":"tag-france","20":"tag-innovation-et-start-up","21":"tag-logement","22":"tag-lyon","23":"tag-lyon-bassin","24":"tag-magazine-lifestyle","25":"tag-news","26":"tag-pouvoir-dachat","27":"tag-republique-francaise","28":"tag-rhone","29":"tag-selection-abonne","30":"tag-selection-de-la-redaction-69","31":"tag-social","32":"tag-societe","33":"tag-vie-associative","34":"tag-vie-des-entreprises"},"share_on_mastodon":{"url":"https:\/\/pubeurope.com\/@fr\/115397324057481976","error":""},"_links":{"self":[{"href":"https:\/\/www.europesays.com\/fr\/wp-json\/wp\/v2\/posts\/473387","targetHints":{"allow":["GET"]}}],"collection":[{"href":"https:\/\/www.europesays.com\/fr\/wp-json\/wp\/v2\/posts"}],"about":[{"href":"https:\/\/www.europesays.com\/fr\/wp-json\/wp\/v2\/types\/post"}],"author":[{"embeddable":true,"href":"https:\/\/www.europesays.com\/fr\/wp-json\/wp\/v2\/users\/2"}],"replies":[{"embeddable":true,"href":"https:\/\/www.europesays.com\/fr\/wp-json\/wp\/v2\/comments?post=473387"}],"version-history":[{"count":0,"href":"https:\/\/www.europesays.com\/fr\/wp-json\/wp\/v2\/posts\/473387\/revisions"}],"wp:featuredmedia":[{"embeddable":true,"href":"https:\/\/www.europesays.com\/fr\/wp-json\/wp\/v2\/media\/473388"}],"wp:attachment":[{"href":"https:\/\/www.europesays.com\/fr\/wp-json\/wp\/v2\/media?parent=473387"}],"wp:term":[{"taxonomy":"category","embeddable":true,"href":"https:\/\/www.europesays.com\/fr\/wp-json\/wp\/v2\/categories?post=473387"},{"taxonomy":"post_tag","embeddable":true,"href":"https:\/\/www.europesays.com\/fr\/wp-json\/wp\/v2\/tags?post=473387"}],"curies":[{"name":"wp","href":"https:\/\/api.w.org\/{rel}","templated":true}]}}