{"id":473393,"date":"2025-10-18T21:39:11","date_gmt":"2025-10-18T21:39:11","guid":{"rendered":"https:\/\/www.europesays.com\/fr\/473393\/"},"modified":"2025-10-18T21:39:11","modified_gmt":"2025-10-18T21:39:11","slug":"pourquoi-des-milliers-de-teufeurs-ont-defile-samedi-a-paris","status":"publish","type":"post","link":"https:\/\/www.europesays.com\/fr\/473393\/","title":{"rendered":"pourquoi des milliers de teufeurs ont d\u00e9fil\u00e9 samedi \u00e0 Paris"},"content":{"rendered":"<p>            Par<br \/>\n        <strong><br \/>\n            <a href=\"https:\/\/actu.fr\/auteur\/thomas-martin\" title=\"Consulter tous les articles de Thomas Martin\" target=\"_blank\" rel=\"noopener\">Thomas Martin<\/a><br \/>\n        <\/strong><\/p>\n<p>        Publi\u00e9 le<\/p>\n<p>            18 oct. 2025 \u00e0 19h06        <\/p>\n<p>Des milliers de teufeurs ont d\u00e9fil\u00e9 samedi 18 octobre \u00e0 Paris pour d\u00e9noncer la <strong>\u00ab\u00a0r\u00e9pression\u00a0\u00bb<\/strong> contre les free-parties, f\u00eates gratuites et non d\u00e9clar\u00e9es frapp\u00e9es d\u2019interdiction dans plusieurs d\u00e9partements. Apr\u00e8s une premi\u00e8re mobilisation en avril dans plusieurs villes, les adeptes de la tekno, version moins commerciale de la techno, ont sillonn\u00e9 le centre de la capitale, dansant au plus pr\u00e8s de dix camions charriant d\u2019imposants murs d\u2019enceintes.<\/p>\n<p>\u00ab\u00a0M\u00eame une f\u00eate \u00e0 60 personnes \u00e7a ne devient plus possible\u00a0\u00bb<\/p>\n<p class=\" wall-content\">\u00ab\u00a0Il y a un mouvement anti-teufeurs qui s\u2019intensifie et qui nous d\u00e9shumanise\u00a0\u00bb, estime Manu, venu de l\u2019Ari\u00e8ge avec son estafette transform\u00e9e en sound-system. \u00ab\u00a0Aujourd\u2019hui, m\u00eame une f\u00eate \u00e0 60 personnes \u00e7a ne devient plus possible. On nous bloque, on saisit notre mat\u00e9riel\u00a0\u00bb, poursuit-il. \u00ab\u00a0On est en autonomie totale et ils n\u2019aiment pas trop \u00e7a\u00a0\u00bb.<\/p>\n<p class=\" wall-content\">Ces derniers mois, des pr\u00e9fectures ont pris des arr\u00eat\u00e9s qui interdisent pour un an les \u00ab\u00a0rassemblements musicaux illicites\u00a0\u00bb, mettant en avant des incidents survenus lors de certains \u00e9v\u00e9nements et des questions de <a href=\"https:\/\/actu.fr\/tag\/sante\" target=\"_blank\" rel=\"noopener\">sant\u00e9<\/a> publique.<\/p>\n<p class=\" wall-content\">\n<p class=\" wall-content\">En mars, une quarantaine de d\u00e9put\u00e9s du camp pr\u00e9sidentiel ont, eux, d\u00e9pos\u00e9 une proposition de loi pour \u00ab\u00a0renforcer la p\u00e9nalisation de l\u2019organisation\u00a0\u00bb des free-parties.<br \/>\u00ab\u00a0Le dernier rempart de la culture sera un mur du son\u00a0\u00bb, \u00ab\u00a0Moins de r\u00e9pression, plus de caissons\u00a0\u00bb, \u00ab\u00a0Jouez avec vos matraques, nous on joue avec nos tracks\u00a0\u00bb: derri\u00e8re les slogans brandis samedi, les teufeurs affirment subir des sanctions accrues contre leur mouvement, sans leader ni porte-parole mais uni par les m\u00eames revendications.<\/p>\n<p class=\" wall-content\">\u00ab\u00a0On aimerait pouvoir vivre notre mouvement, vivre nos valeurs sans se faire taper dessus dans tous les sens du terme, physiquement ou financi\u00e8rement\u00a0\u00bb, d\u00e9clare \u00ab\u00a0Agathe\u00a0\u00bb, pr\u00e9nom d\u2019emprunt de cette membre d\u2019un collectif du sud de la France.<\/p>\n<p>\u00ab\u00a0On a besoin de pouvoir faire la f\u00eate librement\u00a0\u00bb<\/p>\n<p class=\" wall-content\">Magali, elle, participait d\u00e9j\u00e0 aux free-parties dans les ann\u00e9es 90 et y emm\u00e8ne parfois ses enfants de 20 et 21 ans \u00ab\u00a0pour leur montrer qu\u2019il y a une alternative bienveillante et qu\u2019il n\u2019y a pas que des toxicos\u00a0\u00bb. \u00ab\u00a0\u00c7a permet aux gens d\u2019avoir une soupape, et c\u2019est aussi une d\u00e9marche anticonsum\u00e9riste\u00a0\u00bb, dit la quadrag\u00e9naire.<\/p>\n<p class=\" wall-content\">Crois\u00e9 dans le cort\u00e8ge, \u00ab\u00a0Fabrice\u00a0\u00bb d\u00e9fend lui aussi la philosophie des free-parties parce \u00ab\u00a0que tout le monde n\u2019est pas fait pour les clubs et n\u2019a d\u2019ailleurs pas les moyens pour \u00e7a\u00a0\u00bb.\u00a0<br \/>\u00ab\u00a0On a besoin de pouvoir faire la f\u00eate librement\u00a0\u00bb, affirme-t-il.<\/p>\n<p class=\" wall-content\"><strong>AFP<\/strong><\/p>\n<p class=\" wall-content\">Personnalisez votre actualit\u00e9 en ajoutant vos villes et m\u00e9dias en favori avec <a href=\"https:\/\/moncompte.actu.fr\" title=\"D\u00e9couvez Mon Actu\" rel=\"nofollow noopener\" data-trk=\"{&quot;cta&quot;:{&quot;action&quot;:&quot;https:\\\/\\\/moncompte.actu.fr&quot;,&quot;category&quot;:&quot;mon compte&quot;,&quot;from&quot;:&quot;article footer&quot;,&quot;name&quot;:&quot;Mon actu&quot;,&quot;type&quot;:&quot;cta&quot;}}\" target=\"_blank\">Mon Actu<\/a>.<\/p>\n","protected":false},"excerpt":{"rendered":"Par Thomas Martin Publi\u00e9 le 18 oct. 2025 \u00e0 19h06 Des milliers de teufeurs ont d\u00e9fil\u00e9 samedi 18&hellip;\n","protected":false},"author":2,"featured_media":473394,"comment_status":"","ping_status":"","sticky":false,"template":"","format":"standard","meta":{"footnotes":""},"categories":[1888],"tags":[1111,1928,11,1927,1777,674,1011,27,1272,12,1926,626,1925,7746,25,104,59669],"class_list":{"0":"post-473393","1":"post","2":"type-post","3":"status-publish","4":"format-standard","5":"has-post-thumbnail","7":"category-paris","8":"tag-actu","9":"tag-actu-paris","10":"tag-actualites","11":"tag-actualites-paris","12":"tag-eu","13":"tag-europe","14":"tag-fr","15":"tag-france","16":"tag-manifestations","17":"tag-news","18":"tag-news-paris","19":"tag-paris","20":"tag-paris-news","21":"tag-rave-party","22":"tag-republique-francaise","23":"tag-societe","24":"tag-teknival"},"share_on_mastodon":{"url":"https:\/\/pubeurope.com\/@fr\/115397340304677634","error":""},"_links":{"self":[{"href":"https:\/\/www.europesays.com\/fr\/wp-json\/wp\/v2\/posts\/473393","targetHints":{"allow":["GET"]}}],"collection":[{"href":"https:\/\/www.europesays.com\/fr\/wp-json\/wp\/v2\/posts"}],"about":[{"href":"https:\/\/www.europesays.com\/fr\/wp-json\/wp\/v2\/types\/post"}],"author":[{"embeddable":true,"href":"https:\/\/www.europesays.com\/fr\/wp-json\/wp\/v2\/users\/2"}],"replies":[{"embeddable":true,"href":"https:\/\/www.europesays.com\/fr\/wp-json\/wp\/v2\/comments?post=473393"}],"version-history":[{"count":0,"href":"https:\/\/www.europesays.com\/fr\/wp-json\/wp\/v2\/posts\/473393\/revisions"}],"wp:featuredmedia":[{"embeddable":true,"href":"https:\/\/www.europesays.com\/fr\/wp-json\/wp\/v2\/media\/473394"}],"wp:attachment":[{"href":"https:\/\/www.europesays.com\/fr\/wp-json\/wp\/v2\/media?parent=473393"}],"wp:term":[{"taxonomy":"category","embeddable":true,"href":"https:\/\/www.europesays.com\/fr\/wp-json\/wp\/v2\/categories?post=473393"},{"taxonomy":"post_tag","embeddable":true,"href":"https:\/\/www.europesays.com\/fr\/wp-json\/wp\/v2\/tags?post=473393"}],"curies":[{"name":"wp","href":"https:\/\/api.w.org\/{rel}","templated":true}]}}