{"id":473395,"date":"2025-10-18T21:40:12","date_gmt":"2025-10-18T21:40:12","guid":{"rendered":"https:\/\/www.europesays.com\/fr\/473395\/"},"modified":"2025-10-18T21:40:12","modified_gmt":"2025-10-18T21:40:12","slug":"clement-beaune-veut-un-candidat-renaissance-a-la-mairie-de-paris-face-a-rachida-dati","status":"publish","type":"post","link":"https:\/\/www.europesays.com\/fr\/473395\/","title":{"rendered":"Cl\u00e9ment Beaune veut un candidat Renaissance \u00e0 la mairie de Paris face \u00e0 Rachida Dati"},"content":{"rendered":"<p class=\"mb-4 text-lg md:leading-8 break-words\">Cl\u00e9ment Beaune disait, <a href=\"https:\/\/www.bfmtv.com\/paris\/municipales-2026-a-paris-clement-beaune-n-ecarte-aucune-possibilite_AN-202504160355.html\" rel=\"nofollow noopener\" target=\"_blank\" data-ylk=\"slk:en juin dernier;elm:context_link;itc:0;sec:content-canvas\" class=\"link \">en juin dernier<\/a>, \u00ab\u00a0n&rsquo;\u00e9carter aucune possibilit\u00e9\u00a0\u00bb pour les \u00e9lections municipales \u00e0 Paris en mars 2026, y compris celle d&rsquo;\u00eatre candidat. Quatre mois plus tard, son \u00e9tat d&rsquo;esprit ne semble pas avoir chang\u00e9.<\/p>\n<p class=\"mb-4 text-lg md:leading-8 break-words\">Dans une lettre envoy\u00e9e aux militants Renaissance de Paris, l&rsquo;actuel <a href=\"https:\/\/www.bfmtv.com\/economie\/economie-social\/finances-publiques\/l-ex-ministre-macroniste-clement-beaune-nomme-haut-commissaire-au-plan-a-la-place-de-francois-bayrou_AD-202503050454.html\" rel=\"nofollow noopener\" target=\"_blank\" data-ylk=\"slk:Haut-commissaire au Plan;elm:context_link;itc:0;sec:content-canvas\" class=\"link \">Haut-commissaire au Plan<\/a> et ancien ministre des Transports, estime \u00ab\u00a0qu&rsquo;il n\u2019y a qu\u2019une seule voie pour assumer notre identit\u00e9 et notre projet: avoir un candidat Renaissance ou du bloc central\u00a0\u00bb.<\/p>\n<p class=\"mb-4 text-lg md:leading-8 break-words\">Cela impliquerait notamment la pr\u00e9sentation d&rsquo;un candidat face \u00e0 <a href=\"https:\/\/www.bfmtv.com\/paris\/municipales-a-paris-les-ministres-dati-et-haddad-appellent-a-une-union-entre-les-lr-et-les-macronistes_AD-202507040371.html\" rel=\"nofollow noopener\" target=\"_blank\" data-ylk=\"slk:Rachida Dati;elm:context_link;itc:0;sec:content-canvas\" class=\"link \">Rachida Dati<\/a>, l&rsquo;actuelle ministre de la Culture. L&rsquo;ancien ministre ouvre n\u00e9anmoins la porte \u00e0 un soutien au candidat Horizons Pierre-Yves Bournazel.<\/p>\n<p class=\"mb-4 text-lg md:leading-8 break-words\">\u00ab\u00a0Je le dis aussi : ce qui m&rsquo;importe avant tout, dans un moment si critique, c&rsquo;est le succ\u00e8s collectif et la d\u00e9fense de nos valeurs. Une certaine id\u00e9e de la politique. Dans un esprit d&rsquo;union, nous devons \u00eatre ouverts \u00e0 soutenir un candidat du bloc central qui partagerait notre projet et notre \u00e9thique.\u00a0\u00bb, poursuit Cl\u00e9ment Beaune<\/p>\n<p>\u00ab\u00a0Pr\u00eat \u00e0 mener ce combat\u00a0\u00bb<\/p>\n<p class=\"mb-4 text-lg md:leading-8 break-words\">Pour faire le point sur cette potentielle candidature et pour \u00ab\u00a0d\u00e9cider comment d\u00e9fendre au mieux le <a href=\"https:\/\/www.bfmtv.com\/paris\/municipales-2026-michel-barnier-assure-n-avoir-aucune-ambition-pour-la-mairie_AD-202507190147.html\" rel=\"nofollow noopener\" target=\"_blank\" data-ylk=\"slk:bloc central;elm:context_link;itc:0;sec:content-canvas\" class=\"link \">bloc central<\/a>\u00a0\u00bb Cl\u00e9ment Beaune appelle \u00e0 \u00ab\u00a0un vote militant tr\u00e8s rapidement.<\/p>\n<p class=\"mb-4 text-lg md:leading-8 break-words\">Il dit voir \u00ab\u00a0le danger de l&rsquo;effacement\u00a0\u00bb de Renaissance et prend pour exemple l&rsquo;absence, le mois dernier, de candidat de cette famille politique \u00ab\u00a0\u00e0 l&rsquo;\u00e9lection partielle dans la 2\u00e8me circonscription de Paris\u00a0\u00bb, qui s&rsquo;est sold\u00e9e par une <a href=\"https:\/\/www.bfmtv.com\/paris\/legislative-partielle-a-paris-l-ancien-premier-ministre-michel-barnier-candidat-lr-annonce-sa-victoire_AN-202509280348.html\" rel=\"nofollow noopener\" target=\"_blank\" data-ylk=\"slk:victoire de l&#039;ex-Premier ministre LR Michel Barnier;elm:context_link;itc:0;sec:content-canvas\" class=\"link \">victoire de l&rsquo;ex-Premier ministre LR Michel Barnier<\/a>.<\/p>\n<p class=\"mb-4 text-lg md:leading-8 break-words\">Cl\u00e9ment Beaune se dit \u00ab\u00a0pr\u00eat \u00e0 mener ce combat\u00a0\u00bb face au \u00ab\u00a0risque mortel\u00a0\u00bb d&rsquo;effacement. Est-ce sa fa\u00e7on de se d\u00e9clarer candidat? Il affirme que ce qui l&rsquo;importe \u00ab\u00a0dans un moment si critique, c\u2019est le succ\u00e8s collectif et la d\u00e9fense des valeurs\u00a0\u00bb du parti.<\/p>\n<p>Cl\u00e9ment Beaune \u00ab\u00a0fier\u00a0\u00bb du parti<\/p>\n<p class=\"mb-4 text-lg md:leading-8 break-words\">Pour lui, le \u00ab\u00a0parti mourra s\u2019il devient le marchepied d\u2019une <a href=\"https:\/\/www.bfmtv.com\/paris\/elections-municipales-2026-le-maire-du-17e-arrondissement-de-paris-exhorte-rachida-dati-de-se-plier-a-une-primaire_AN-202507100389.html\" rel=\"nofollow noopener\" target=\"_blank\" data-ylk=\"slk:candidature &#039;r\u00e9publicaine&#039;;elm:context_link;itc:0;sec:content-canvas\" class=\"link \">candidature &lsquo;r\u00e9publicaine&rsquo;<\/a> qui ne repr\u00e9sente ni nos id\u00e9es, ni nos valeurs\u00a0\u00bb, faisant notamment r\u00e9f\u00e9rence au fait de se ranger derri\u00e8re la candidature de Rachida Dati. Pour lui, \u00ab\u00a0beaucoup de ceux qui vont de la gauche responsable \u00e0 la droite mod\u00e9r\u00e9e\u00a0\u00bb comptent sur le bloc central.<\/p>\n<p class=\"mb-4 text-lg md:leading-8 break-words\">\u00ab\u00a0Les Parisiens veulent une rupture de m\u00e9thode et de fond. Ils veulent du s\u00e9rieux et de la bonne gestion: honn\u00eatet\u00e9, propret\u00e9, s\u00e9curit\u00e9; fiert\u00e9 retrouv\u00e9e. Un espace public d\u2019apaisement, et non de tensions quotidiennes qui s\u2019aggravent. Et nous nous associerions au grand bond en arri\u00e8re, notamment le retour de la voiture? Je ne m\u2019y r\u00e9sous pas\u00a0\u00bb, ajoute-t-il encore dans cette lettre. Enfin, Cl\u00e9ment Beaune se dit \u00ab\u00a0fier\u00a0\u00bb, \u00e0 la fois du parti mais aussi de ses id\u00e9es.<\/p>\n<p class=\"mb-4 text-lg md:leading-8 break-words\"><a href=\"https:\/\/www.bfmtv.com\/politique\/elections\/municipales\/je-suis-pret-a-mener-ce-combat-clement-beaune-veut-un-candidat-renaissance-a-la-mairie-de-paris-face-a-rachida-dati_AN-202510180367.html#xtor=AL-68\" rel=\"nofollow noopener\" target=\"_blank\" data-ylk=\"slk:Article original publi\u00e9 sur BFMTV.com;elm:context_link;itc:0;sec:content-canvas\" class=\"link \">Article original publi\u00e9 sur BFMTV.com<\/a><\/p>\n","protected":false},"excerpt":{"rendered":"Cl\u00e9ment Beaune disait, en juin dernier, \u00ab\u00a0n&rsquo;\u00e9carter aucune possibilit\u00e9\u00a0\u00bb pour les \u00e9lections municipales \u00e0 Paris en mars 2026,&hellip;\n","protected":false},"author":2,"featured_media":473396,"comment_status":"","ping_status":"","sticky":false,"template":"","format":"standard","meta":{"footnotes":""},"categories":[1888],"tags":[1111,1928,11,1927,426,26819,48744,1777,674,1011,27,2616,12,1926,626,1925,417,25],"class_list":{"0":"post-473395","1":"post","2":"type-post","3":"status-publish","4":"format-standard","5":"has-post-thumbnail","7":"category-paris","8":"tag-actu","9":"tag-actu-paris","10":"tag-actualites","11":"tag-actualites-paris","12":"tag-candidat","13":"tag-clement","14":"tag-clement-beaune","15":"tag-eu","16":"tag-europe","17":"tag-fr","18":"tag-france","19":"tag-ministre-de-la-culture","20":"tag-news","21":"tag-news-paris","22":"tag-paris","23":"tag-paris-news","24":"tag-rachida-dati","25":"tag-republique-francaise"},"share_on_mastodon":{"url":"https:\/\/pubeurope.com\/@fr\/115397344033431548","error":""},"_links":{"self":[{"href":"https:\/\/www.europesays.com\/fr\/wp-json\/wp\/v2\/posts\/473395","targetHints":{"allow":["GET"]}}],"collection":[{"href":"https:\/\/www.europesays.com\/fr\/wp-json\/wp\/v2\/posts"}],"about":[{"href":"https:\/\/www.europesays.com\/fr\/wp-json\/wp\/v2\/types\/post"}],"author":[{"embeddable":true,"href":"https:\/\/www.europesays.com\/fr\/wp-json\/wp\/v2\/users\/2"}],"replies":[{"embeddable":true,"href":"https:\/\/www.europesays.com\/fr\/wp-json\/wp\/v2\/comments?post=473395"}],"version-history":[{"count":0,"href":"https:\/\/www.europesays.com\/fr\/wp-json\/wp\/v2\/posts\/473395\/revisions"}],"wp:featuredmedia":[{"embeddable":true,"href":"https:\/\/www.europesays.com\/fr\/wp-json\/wp\/v2\/media\/473396"}],"wp:attachment":[{"href":"https:\/\/www.europesays.com\/fr\/wp-json\/wp\/v2\/media?parent=473395"}],"wp:term":[{"taxonomy":"category","embeddable":true,"href":"https:\/\/www.europesays.com\/fr\/wp-json\/wp\/v2\/categories?post=473395"},{"taxonomy":"post_tag","embeddable":true,"href":"https:\/\/www.europesays.com\/fr\/wp-json\/wp\/v2\/tags?post=473395"}],"curies":[{"name":"wp","href":"https:\/\/api.w.org\/{rel}","templated":true}]}}