{"id":473403,"date":"2025-10-18T21:44:15","date_gmt":"2025-10-18T21:44:15","guid":{"rendered":"https:\/\/www.europesays.com\/fr\/473403\/"},"modified":"2025-10-18T21:44:15","modified_gmt":"2025-10-18T21:44:15","slug":"donald-trump-juge-interessante-lidee-dun-tunnel-de-la-paix-reliant-la-russie-a-lalaska-2","status":"publish","type":"post","link":"https:\/\/www.europesays.com\/fr\/473403\/","title":{"rendered":"Donald Trump juge \u00ab\u00a0int\u00e9ressante\u00a0\u00bb l\u2019id\u00e9e d\u2019un \u00ab\u00a0tunnel de la paix\u00a0\u00bb reliant la Russie \u00e0 l\u2019Alaska"},"content":{"rendered":"<p>Vous avez rat\u00e9 les derniers \u00e9v\u00e9nements sur la <a href=\"https:\/\/www.20minutes.fr\/monde\/ukraine\/\" class=\"c-link c-link--is-underlined\" target=\"_blank\" rel=\"noopener\">guerre en Ukraine<\/a>\u00a0? 20 Minutes fait le point pour vous tous les soirs. Voici l\u2019essentiel de ce samedi 18\u00a0octobre, 1.333e jour du conflit.<\/p>\n<p>Le fait du jour<\/p>\n<p>Donald Trump presse <a href=\"https:\/\/www.20minutes.fr\/monde\/ukraine\/4180076-20251017-guerre-ukraine-zelensky-tente-convaincre-trump-lacher-tomahawk-malgre-pression-poutine\" target=\"_blank\" class=\"c-link c-link--is-underlined\" rel=\"noopener\">Volodymyr Zelensky<\/a> de conclure un \u00ab\u00a0accord\u00a0\u00bb pour mettre fin \u00e0 la guerre. Le pr\u00e9sident am\u00e9ricain, qui affiche une complicit\u00e9 retrouv\u00e9e avec son homologue russe <a href=\"https:\/\/www.20minutes.fr\/monde\/vladimir_poutine\/\" class=\"c-link c-link--is-underlined\" target=\"_blank\" rel=\"noopener\">Vladimir Poutine<\/a>, a press\u00e9 vendredi Volodymyr Zelensky de cesser les hostilit\u00e9s, en restant sourd aux demandes de soutien militaire renforc\u00e9 du pr\u00e9sident ukrainien.<\/p>\n<p>\u00ab\u00a0La rencontre avec le pr\u00e9sident ukrainien Volodymyr Zelensky a \u00e9t\u00e9 tr\u00e8s int\u00e9ressante et cordiale, mais je lui ai dit, comme je l\u2019ai par ailleurs fortement sugg\u00e9r\u00e9 au pr\u00e9sident Poutine, qu\u2019il \u00e9tait temps d\u2019arr\u00eater la tuerie et de trouver un ACCORD\u00a0\u00bb, a \u00e9crit M. Trump sur son r\u00e9seau Truth Social, en jugeant que les deux bellig\u00e9rants devaient \u00ab\u00a0s\u2019arr\u00eater o\u00f9 ils sont\u00a0\u00bb.<\/p>\n<p>Le chiffre du jour<\/p>\n<p>8. C\u2019est le nombre de milliards de dollars que co\u00fbterait la <a href=\"https:\/\/www.20minutes.fr\/monde\/etats-unis\/4180126-20251018-responsable-russe-suggere-tunnel-entre-russie-alaska-trump-juge-idee-interessante\" target=\"_blank\" class=\"c-link c-link--is-underlined\" rel=\"noopener\">construction d\u2019un tunnel sous-marin<\/a> reliant la Russie \u00e0 l\u2019Alaska. Il s\u2019agit d\u2019une suggestion de Kirill Dmitriev, l\u2019\u00e9missaire de Vladimir Poutine charg\u00e9 des questions \u00e9conomiques \u00e0 l\u2019international, au multimilliardaire <a href=\"https:\/\/www.20minutes.fr\/dossier\/elon_musk\" class=\"c-link c-link--is-underlined\" target=\"_blank\" rel=\"noopener\">Elon Musk<\/a>. \u00ab\u00a0C\u2019est int\u00e9ressant\u00a0\u00bb, a dit Donald Trump, indiquant qu\u2019il venait \u00e0 peine d\u2019en entendre parler. \u00ab\u00a0Je n\u2019en suis pas ravi\u00a0\u00bb a en revanche r\u00e9pondu Volodymyr Zelensky lorsque le pr\u00e9sident am\u00e9ricain lui a demand\u00e9 son avis sur cette id\u00e9e.<\/p>\n<p>Kirill Dmitriev avait \u00e9voqu\u00e9 jeudi, sur le r\u00e9seau X, un projet de \u00ab\u00a0pont de la paix\u00a0\u00bb entre l\u2019Alaska, Etat am\u00e9ricain du nord-ouest, et la Russie, remontant \u00e0 la guerre froide. \u00ab\u00a0Avec la technologie moderne de Boring Company cela peut devenir un tunnel Poutine-Trump\u00a0\u00bb sous le d\u00e9troit de B\u00e9ring, a-t-il \u00e9crit sur cette plateforme appartenant d\u2019ailleurs \u00e0 Elon Musk. Boring Company est une autre entreprise du patron de Tesla et SpaceX, qui entend r\u00e9volutionner les transports urbains avec des tunnels.<\/p>\n<p>Kirill Dmitriev, qui dirige le fonds souverain russe, a explicitement invit\u00e9 Elon Musk \u00e0 construire cette infrastructure comme \u00ab\u00a0symbole d\u2019unit\u00e9\u00a0\u00bb, avec des sch\u00e9mas \u00e0 l\u2019appui.<\/p>\n<p>La d\u00e9claration du jour<\/p>\n<blockquote class=\"mx-m@xs mx-xxl@md color-ultramarine c-citation\">\n<p class=\"font-weight-regular@xs text-italic font-source-serif-pro text-l@xs c-citation__content\">\u00ab\u00a0Les dictateurs n&rsquo;ont pas besoin de la paix\u00a0\u00bb<\/p>\n<\/blockquote>\n<p>Au sujet d\u2019une <a href=\"https:\/\/www.20minutes.fr\/monde\/ukraine\/4179616-20251016-direct-guerre-ukraine-washington-met-pression-japon-achats-energetiques-russie\" target=\"_blank\" class=\"c-link c-link--is-underlined\" rel=\"noopener\">rencontre prochaine entre Donald Trump et Vladimir Poutine<\/a>, qui ont convenu de se retrouver rapidement \u00e0 Budapest pour des pourparlers sur l\u2019Ukraine, l\u2019opposante en exil a assur\u00e9 ne gu\u00e8re placer d\u2019espoirs dans cette perspective. Elle a \u00e9galement appel\u00e9 le pr\u00e9sident am\u00e9ricain \u00e0 \u0153uvrer pour apporter la d\u00e9mocratie dans son pays, dont le pr\u00e9sident autoritaire Alexandre Loukachenko est un alli\u00e9 de Vladimir Poutine, soulignant qu\u2019une Bi\u00e9lorussie libre \u00e9tait \u00ab\u00a0dans l\u2019int\u00e9r\u00eat\u00a0\u00bb des Etats-Unis.<\/p>\n<p>La tendance<\/p>\n<p>Le plan \u00ab\u00a0complexe\u00a0\u00bb pour r\u00e9tablir apr\u00e8s une panne record de pr\u00e8s de quatre semaines l\u2019alimentation \u00e9lectrique de la centrale nucl\u00e9aire ukrainienne de <a href=\"https:\/\/www.20minutes.fr\/monde\/ukraine\/4176572-20251002-direct-guerre-ukraine-zelensky-copenhague-dirigeants-europeens\" target=\"_blank\" class=\"c-link c-link--is-underlined\" rel=\"noopener\">Zaporijjia<\/a> a commenc\u00e9 \u00e0 \u00eatre mis en \u0153uvre gr\u00e2ce \u00e0 un cessez-le-feu local, a annonc\u00e9 samedi l\u2019AIEA. \u00ab\u00a0Les travaux ont commenc\u00e9 pour r\u00e9parer les lignes \u00e9lectriques\u00a0\u00bb autour du site, a d\u00e9clar\u00e9 le directeur g\u00e9n\u00e9ral de l\u2019Agence internationale de l\u2019\u00e9nergie atomique, Rafael Grossi, sur X.<\/p>\n<p>La plus grande centrale nucl\u00e9aire d\u2019Europe est occup\u00e9e depuis mars\u00a02022 par les forces russes. Le 23 septembre, elle a perdu sa connexion au r\u00e9seau pour la dixi\u00e8me fois et il s\u2019agit de la plus longue coupure totale d\u2019alimentation \u00e9lectrique externe depuis le d\u00e9but de l\u2019invasion russe de l\u2019Ukraine.<\/p>\n<p>La centrale est depuis aliment\u00e9e par sept g\u00e9n\u00e9rateurs diesel de secours et des r\u00e9parations sur les lignes \u00e9lectriques sont n\u00e9cessaires des deux c\u00f4t\u00e9s de la ligne de front \u00e0 plusieurs kilom\u00e8tres du site, selon l\u2019AIEA.<\/p>\n","protected":false},"excerpt":{"rendered":"Vous avez rat\u00e9 les derniers \u00e9v\u00e9nements sur la guerre en Ukraine\u00a0? 20 Minutes fait le point pour vous&hellip;\n","protected":false},"author":2,"featured_media":473404,"comment_status":"","ping_status":"","sticky":false,"template":"","format":"standard","meta":{"footnotes":""},"categories":[1590],"tags":[47,11,36796,17059,22519,75,73,1777,674,131,804,28370,74,1916,12,132,220,135,134,2744],"class_list":{"0":"post-473403","1":"post","2":"type-post","3":"status-publish","4":"format-standard","5":"has-post-thumbnail","7":"category-ukraine","8":"tag-actualite","9":"tag-actualites","10":"tag-alaska","11":"tag-bielorussie","12":"tag-budapest","13":"tag-donald-trump","14":"tag-etats-unis","15":"tag-eu","16":"tag-europe","17":"tag-guerre-en-ukraine","18":"tag-hongrie","19":"tag-kherson","20":"tag-monde","21":"tag-moscou","22":"tag-news","23":"tag-russie","24":"tag-ukraine","25":"tag-vladimir-poutine","26":"tag-volodymyr-zelensky","27":"tag-washington"},"share_on_mastodon":{"url":"https:\/\/pubeurope.com\/@fr\/115397359416256856","error":""},"_links":{"self":[{"href":"https:\/\/www.europesays.com\/fr\/wp-json\/wp\/v2\/posts\/473403","targetHints":{"allow":["GET"]}}],"collection":[{"href":"https:\/\/www.europesays.com\/fr\/wp-json\/wp\/v2\/posts"}],"about":[{"href":"https:\/\/www.europesays.com\/fr\/wp-json\/wp\/v2\/types\/post"}],"author":[{"embeddable":true,"href":"https:\/\/www.europesays.com\/fr\/wp-json\/wp\/v2\/users\/2"}],"replies":[{"embeddable":true,"href":"https:\/\/www.europesays.com\/fr\/wp-json\/wp\/v2\/comments?post=473403"}],"version-history":[{"count":0,"href":"https:\/\/www.europesays.com\/fr\/wp-json\/wp\/v2\/posts\/473403\/revisions"}],"wp:featuredmedia":[{"embeddable":true,"href":"https:\/\/www.europesays.com\/fr\/wp-json\/wp\/v2\/media\/473404"}],"wp:attachment":[{"href":"https:\/\/www.europesays.com\/fr\/wp-json\/wp\/v2\/media?parent=473403"}],"wp:term":[{"taxonomy":"category","embeddable":true,"href":"https:\/\/www.europesays.com\/fr\/wp-json\/wp\/v2\/categories?post=473403"},{"taxonomy":"post_tag","embeddable":true,"href":"https:\/\/www.europesays.com\/fr\/wp-json\/wp\/v2\/tags?post=473403"}],"curies":[{"name":"wp","href":"https:\/\/api.w.org\/{rel}","templated":true}]}}