{"id":473420,"date":"2025-10-18T21:53:11","date_gmt":"2025-10-18T21:53:11","guid":{"rendered":"https:\/\/www.europesays.com\/fr\/473420\/"},"modified":"2025-10-18T21:53:11","modified_gmt":"2025-10-18T21:53:11","slug":"belfort-parcours-de-footgolf-au-parc-de-la-douce-une-premiere-en-france","status":"publish","type":"post","link":"https:\/\/www.europesays.com\/fr\/473420\/","title":{"rendered":"Belfort. Parcours de footgolf au parc de la Douce\u00a0: une premi\u00e8re en France"},"content":{"rendered":"<p>Un ballon, quelques trous et un bon coup de patte. C\u2019est \u00e0 peu pr\u00e8s tout ce dont il faut se doter si l\u2019on veut s\u2019adonner \u00e0 <a href=\"https:\/\/www.estrepublicain.fr\/societe\/2025\/09\/07\/avec-sportissimo-la-rentree-est-plus-sportive-que-jamais\" target=\"_blank\" rel=\"noopener\">la pratique du footgolf<\/a>. Sauf qu\u2019en France, ce sport ne dispose pas encore d\u2019une f\u00e9d\u00e9ration nationale ni de structures solides. Les clubs sont souvent soumis au bon vouloir des golfs professionnels pour s\u2019entra\u00eener au sein de leur infrastructure. \ufeff<\/p>\n<p>Mais depuis le mois d\u2019octobre, ce n\u2019est plus le cas du c\u00f4t\u00e9 de Belfort. Le D\u00e9partement du Territoire de Belfort vient d\u2019investir 10\u00a0000\u00a0euros dans un parcours de neuf trous au sein du parc de la Douce dont il est propri\u00e9taire.<\/p>\n<p>\u00ab\u00a0Il s\u2019agit du premier parcours implant\u00e9 dans un espace public librement ouvert aux promeneurs\u00a0\u00bb, lance fi\u00e8rement Florian Bouquet, pr\u00e9sident du D\u00e9partement.  <\/p>\n<p>  Ouvert aux particuliers<\/p>\n<p>Un \u00e9quipement que les joueurs du <a href=\"https:\/\/www.estrepublicain.fr\/edition-belfort-hericourt-montbeliard\/2018\/10\/23\/romuald-pretot-du-belfort-sochaux-montbeliard-footgolf-club-vise-le-top-10-du-championnat-de-france\" target=\"_blank\" rel=\"noopener\">Sochaux Belfort Montb\u00e9liard Footgolf Club (BSMFGC)<\/a> attendaient avec impatience. Auparavant, les adh\u00e9rents \u00e9taient oblig\u00e9s d\u2019aller jusqu\u2019\u00e0 Montenois pour s\u2019entra\u00eener. \u00ab\u00a0Les directeurs de golf ne sont pas forc\u00e9ment contre notre pr\u00e9sence, mais certains golfeurs pensent que nous allons d\u00e9truire les pelouses, explique un joueur du club. Alors qu\u2019avec un ballon, nous faisons beaucoup moins de d\u00e9g\u00e2ts qu\u2019avec un club. Il y a aussi l\u2019image du footeux qui n\u2019est pas bonne, mais on a bon espoir que cela change.\u00a0\u00bb<\/p>\n<p>Gr\u00e2ce \u00e0 ce nouveau parcours visible de tous, le BSMFGC esp\u00e8re attirer de nouveaux pratiquants. \u00ab\u00a0Nous sommes actuellement une trentaine, pr\u00e9cise le pr\u00e9sident du club Beno\u00eet Cordier. Ici \u00e0 Belfort, nous allons progressivement ouvrir des cr\u00e9neaux pour nous r\u00e9unir de mani\u00e8re hebdomadaire. J\u2019esp\u00e8re que cela va donner envie \u00e0 d\u2019autres de rejoindre l\u2019aventure.\u00a0\u00bb Il sera \u00e9galement possible pour les particuliers de r\u00e9server des cr\u00e9neaux en contactant le club.<\/p>\n<p>Ce contenu est bloqu\u00e9 car vous n&rsquo;avez pas accept\u00e9 les cookies et autres traceurs.<\/p>\n<p>En cliquant sur \u00ab J\u2019accepte \u00bb, les cookies et autres traceurs seront d\u00e9pos\u00e9s et vous pourrez visualiser les contenus  (<a href=\"\" class=\"consentModule_policy\" target=\"_blank\" title=\"Consulter la politique de protection des donn\u00e9es du fournisseur\">plus d&rsquo;informations<\/a>).<\/p>\n<p>En cliquant sur \u00ab J\u2019accepte tous les cookies \u00bb, vous autorisez des d\u00e9p\u00f4ts de cookies et autres traceurs pour le stockage de vos donn\u00e9es sur nos sites et applications \u00e0 des fins de personnalisation et de ciblage publicitaire.<\/p>\n<p class=\"consentModule_secondaryText\">Vous gardez la possibilit\u00e9 de retirer votre consentement \u00e0 tout moment en consultant notre <a href=\"https:\/\/www.estrepublicain.fr\/protection-des-donnees\" target=\"_blank\" title=\"Consulter notre politique de protection des donn\u00e9es\" rel=\"noopener\">politique de protection des donn\u00e9es<\/a>. <br \/>&#13;<br \/>\n            <a href=\"https:\/\/www.estrepublicain.fr\/societe\/2025\/10\/18\/javascript:Didomi.notice.show()\" class=\"consentModule_cmp\" target=\"_blank\" rel=\"noopener\">G\u00e9rer mes choix<\/a>&#13;\n        <\/p>\n<p>&#13;<br \/>\n                        J&rsquo;accepte&#13;<br \/>\n            J&rsquo;accepte tous les cookies&#13;\n        <\/p>\n<p>  \u00ab\u00a0Un projet inclusif et local\u00a0\u00bb<\/p>\n<p>Les promeneurs qui se sont balad\u00e9s au parc de la Douce n\u2019ont sans doute pas remarqu\u00e9 ce nouvel \u00e9quipement. Le parcours est en effet discret. Les trous, que l\u2019on appelle bogeys, sont recouverts lorsqu\u2019ils ne sont pas utilis\u00e9s. Une garantie de s\u00e9curit\u00e9 lorsque les drapeaux ne sont plus pr\u00e9sents pour signaler la pr\u00e9sence d\u2019un trou. Le d\u00e9but de chaque parcours est mat\u00e9rialis\u00e9 par une petite brique.<\/p>\n<p>Quant \u00e0 la pelouse, la tonte est l\u00e9g\u00e8rement plus basse aux alentours des bogeys. L\u2019entretien est assur\u00e9 par du personnel du D\u00e9partement en r\u00e9insertion. \u00ab\u00a0C\u2019est un projet inclusif et local, tient \u00e0 rappeler Florian Bouquet. Les bogeys, achet\u00e9s d\u2019occasion au golf de Rougemont-le-Ch\u00e2teau, ont \u00e9t\u00e9 adapt\u00e9s par <a href=\"https:\/\/www.estrepublicain.fr\/education\/2024\/03\/12\/l-ecole-de-production-de-belfort-accueille-sa-premiere-promotion-de-futurs-metalliers\" target=\"_blank\" rel=\"noopener\">les \u00e9l\u00e8ves de l\u2019\u00e9cole de production de Belfort<\/a> , qui forme aux m\u00e9tiers de la m\u00e9tallurgie. Et une convention a \u00e9t\u00e9 sign\u00e9e avec le coll\u00e8ge Simone-Signoret pour que les \u00e9l\u00e8ves puissent pratiquer le footgolf lors des cours d\u2019EPS ou activit\u00e9s p\u00e9riscolaires.\u00a0\u00bb<\/p>\n<p class=\"note\">Informations et r\u00e9servation du parcours au 06\u00a075\u00a077\u00a022\u00a019.<\/p>\n","protected":false},"excerpt":{"rendered":"Un ballon, quelques trous et un bon coup de patte. C\u2019est \u00e0 peu pr\u00e8s tout ce dont il&hellip;\n","protected":false},"author":2,"featured_media":473421,"comment_status":"","ping_status":"","sticky":false,"template":"","format":"standard","meta":{"footnotes":""},"categories":[1418],"tags":[22758,22759,10332,1011,27,1472,11058,104,60],"class_list":{"0":"post-473420","1":"post","2":"type-post","3":"status-publish","4":"format-standard","5":"has-post-thumbnail","7":"category-golf","8":"tag-belfort","9":"tag-belfort-ville-90a","10":"tag-edition-belfort-hericourt-montbeliard","11":"tag-fr","12":"tag-france","13":"tag-golf","14":"tag-region-franche-comte","15":"tag-societe","16":"tag-sports"},"share_on_mastodon":{"url":"https:\/\/pubeurope.com\/@fr\/115397394772224065","error":""},"_links":{"self":[{"href":"https:\/\/www.europesays.com\/fr\/wp-json\/wp\/v2\/posts\/473420","targetHints":{"allow":["GET"]}}],"collection":[{"href":"https:\/\/www.europesays.com\/fr\/wp-json\/wp\/v2\/posts"}],"about":[{"href":"https:\/\/www.europesays.com\/fr\/wp-json\/wp\/v2\/types\/post"}],"author":[{"embeddable":true,"href":"https:\/\/www.europesays.com\/fr\/wp-json\/wp\/v2\/users\/2"}],"replies":[{"embeddable":true,"href":"https:\/\/www.europesays.com\/fr\/wp-json\/wp\/v2\/comments?post=473420"}],"version-history":[{"count":0,"href":"https:\/\/www.europesays.com\/fr\/wp-json\/wp\/v2\/posts\/473420\/revisions"}],"wp:featuredmedia":[{"embeddable":true,"href":"https:\/\/www.europesays.com\/fr\/wp-json\/wp\/v2\/media\/473421"}],"wp:attachment":[{"href":"https:\/\/www.europesays.com\/fr\/wp-json\/wp\/v2\/media?parent=473420"}],"wp:term":[{"taxonomy":"category","embeddable":true,"href":"https:\/\/www.europesays.com\/fr\/wp-json\/wp\/v2\/categories?post=473420"},{"taxonomy":"post_tag","embeddable":true,"href":"https:\/\/www.europesays.com\/fr\/wp-json\/wp\/v2\/tags?post=473420"}],"curies":[{"name":"wp","href":"https:\/\/api.w.org\/{rel}","templated":true}]}}