{"id":473422,"date":"2025-10-18T21:54:10","date_gmt":"2025-10-18T21:54:10","guid":{"rendered":"https:\/\/www.europesays.com\/fr\/473422\/"},"modified":"2025-10-18T21:54:10","modified_gmt":"2025-10-18T21:54:10","slug":"il-y-a-un-gros-potentiel-mais-il-faut-quon-arrive-a-lacher-les-chevaux-la-reaction-du-coach-simondet-apres-la-victoire-des-beziers-angels-a-domicile","status":"publish","type":"post","link":"https:\/\/www.europesays.com\/fr\/473422\/","title":{"rendered":"\u00ab\u00a0Il y a un gros potentiel mais il faut qu\u2019on arrive \u00e0 l\u00e2cher les chevaux\u00a0\u00bb\u00a0: la r\u00e9action du coach Simondet apr\u00e8s la victoire des B\u00e9ziers Angels \u00e0 domicile"},"content":{"rendered":"<p>\n                                                                Ce vendredi 17\u00a0octobre, les volleyeuses biterroises se sont impos\u00e9es\u00a03 sets \u00e0 0 (25-15, 25-14, 25-17) face \u00e0 la jeune formation de l\u2019IFVB. Elles ont ainsi assur\u00e9 l\u2019essentiel pour leur premier match \u00e0 domicile.\n                            <\/p>\n<p>Pour leur premi\u00e8re sortie de la saison \u00e0 domicile, les B\u00e9ziers Angels ont rempli leur mission vendredi soir. Face \u00e0 la jeune formation de l\u2019IFVB, les joueuses de Fabien Simondet se sont impos\u00e9es 3 sets \u00e0 0 (25 \u2013 15, 25 \u2013 14, 25 \u2013 17), leur premi\u00e8re victoire dans ce championnat Safforel Power 6.<br \/>Un succ\u00e8s sans trembler, mais une prestation pas encore aboutie. L\u2019entra\u00eeneur biterrois ne s\u2019en cache pas\u00a0: \u00ab\u00a0C\u2019\u00e9tait un match un peu bizarre, sans trop de rythme. On savait que cette \u00e9quipe est jeune, \u00e7a ne met pas beaucoup d\u2019intensit\u00e9. On a fait notre match, mais on n\u2019a jamais r\u00e9ussi \u00e0 imposer notre propre rythme. C\u2019\u00e9tait un peu hach\u00e9.\u00a0\u00bb\u00a0Malgr\u00e9 ce constat mitig\u00e9, le technicien retient avant tout l\u2019efficacit\u00e9\u00a0: \u00ab\u00a0Apr\u00e8s, 3-0 avec des scores s\u00e9v\u00e8res, c\u2019\u00e9tait le principal de la journ\u00e9e.\u00a0\u00bb<\/p>\n<p>\u00ab\u00a0On continue \u00e0 avancer tranquillement\u00a0\u00bb<\/p>\n<p>Une rencontre qui devait marquer le vrai d\u00e9part de la saison pour les Angels, encore en qu\u00eate de rep\u00e8res apr\u00e8s la d\u00e9faite \u00e0\u00a0Nancy-Vandoeuvre la semaine derni\u00e8re. \u00ab\u00a0C\u2019\u00e9tait l\u2019id\u00e9e aujourd\u2019hui\u00a0: gagner 3 \u2013 0, et essayer quand m\u00eame d\u2019y mettre un peu la mani\u00e8re. \u00c7a\u00a0n\u2019a pas \u00e9t\u00e9 parfait, mais on continue \u00e0 avancer tranquillement. Ce soir, \u00e7a nous fait une victoire, et il va falloir vite se pr\u00e9parer pour encha\u00eener mardi\u00a0\u00bb, glisse Simondet, d\u00e9j\u00e0 tourn\u00e9 vers la suite.<\/p>\n<p>Car le calendrier ne laisse aucun r\u00e9pit. Prochain rendez-vous, mardi d\u00e9j\u00e0\u00a0: un long d\u00e9placement \u00e0 Saint-Di\u00e9 dans les Vosges. \u00ab\u00a0Encore un gros d\u00e9placement, pas simple. Mais il va \u00eatre important celui-l\u00e0, pour encha\u00eener sur une victoire et vraiment se placer un peu sur le haut du classement\u00a0\u00bb, souligne-t-il.<\/p>\n<p>Sur le plan du jeu, le coach sent encore un collectif biterrois en retenue.\u00a0\u00ab\u00a0J\u2019ai la m\u00eame sensation que sur le premier match\u00a0: les filles ne sont pas encore lib\u00e9r\u00e9es. On ne fait pas les choses rel\u00e2ch\u00e9es. J\u2019esp\u00e8re que \u00e7a va se l\u00e2cher rapidement, parce qu\u2019il y a un gros potentiel. On le voit par moments, mais il faut qu\u2019on arrive \u00e0 l\u00e2cher les chevaux.\u00a0\u00bb<br \/>Prochain match mardi soir 20\u00a0h\u00a0\u00e0 Saint-Di\u00e9.<\/p>\n","protected":false},"excerpt":{"rendered":"Ce vendredi 17\u00a0octobre, les volleyeuses biterroises se sont impos\u00e9es\u00a03 sets \u00e0 0 (25-15, 25-14, 25-17) face \u00e0 la&hellip;\n","protected":false},"author":2,"featured_media":473423,"comment_status":"","ping_status":"","sticky":false,"template":"","format":"standard","meta":{"footnotes":""},"categories":[1417],"tags":[1011,27,60,1470,1469],"class_list":{"0":"post-473422","1":"post","2":"type-post","3":"status-publish","4":"format-standard","5":"has-post-thumbnail","7":"category-volley","8":"tag-fr","9":"tag-france","10":"tag-sports","11":"tag-volley","12":"tag-volleyball"},"share_on_mastodon":{"url":"https:\/\/pubeurope.com\/@fr\/115397398688696479","error":""},"_links":{"self":[{"href":"https:\/\/www.europesays.com\/fr\/wp-json\/wp\/v2\/posts\/473422","targetHints":{"allow":["GET"]}}],"collection":[{"href":"https:\/\/www.europesays.com\/fr\/wp-json\/wp\/v2\/posts"}],"about":[{"href":"https:\/\/www.europesays.com\/fr\/wp-json\/wp\/v2\/types\/post"}],"author":[{"embeddable":true,"href":"https:\/\/www.europesays.com\/fr\/wp-json\/wp\/v2\/users\/2"}],"replies":[{"embeddable":true,"href":"https:\/\/www.europesays.com\/fr\/wp-json\/wp\/v2\/comments?post=473422"}],"version-history":[{"count":0,"href":"https:\/\/www.europesays.com\/fr\/wp-json\/wp\/v2\/posts\/473422\/revisions"}],"wp:featuredmedia":[{"embeddable":true,"href":"https:\/\/www.europesays.com\/fr\/wp-json\/wp\/v2\/media\/473423"}],"wp:attachment":[{"href":"https:\/\/www.europesays.com\/fr\/wp-json\/wp\/v2\/media?parent=473422"}],"wp:term":[{"taxonomy":"category","embeddable":true,"href":"https:\/\/www.europesays.com\/fr\/wp-json\/wp\/v2\/categories?post=473422"},{"taxonomy":"post_tag","embeddable":true,"href":"https:\/\/www.europesays.com\/fr\/wp-json\/wp\/v2\/tags?post=473422"}],"curies":[{"name":"wp","href":"https:\/\/api.w.org\/{rel}","templated":true}]}}