{"id":473426,"date":"2025-10-18T21:56:10","date_gmt":"2025-10-18T21:56:10","guid":{"rendered":"https:\/\/www.europesays.com\/fr\/473426\/"},"modified":"2025-10-18T21:56:10","modified_gmt":"2025-10-18T21:56:10","slug":"sinner-domine-alcaraz-pour-le-titre-djokovic-a-ecourte-la-petite-finale","status":"publish","type":"post","link":"https:\/\/www.europesays.com\/fr\/473426\/","title":{"rendered":"Sinner domine Alcaraz pour le titre, Djokovic a \u00e9court\u00e9 la petite finale"},"content":{"rendered":"<p class=\"date\">\n                                                            Mathieu Warnier, Media365, publi\u00e9 le samedi 18 octobre 2025 \u00e0 22h35\n                                                    <\/p>\n<p>Alors que Novak Djokovic a jet\u00e9 l&rsquo;\u00e9ponge face \u00e0 Taylor Fritz lors de la petite finale, Jannik Sinner s&rsquo;est impos\u00e9 en deux manches contre Carlos Alcaraz pour remporter le Six Kings Slam, la lucrative exhibition organis\u00e9e en Arabie Saoudite.<\/p>\n<p>Les ann\u00e9es se suivent et se ressemblent pour Jannik Sinner. Vainqueur de la premi\u00e8re \u00e9dition du Six Kings Slam l&rsquo;an pass\u00e9 aux d\u00e9pens de Carlos Alcaraz, le num\u00e9ro 2 mondial a r\u00e9cidiv\u00e9 pour remporter \u00e0 nouveau ce lucratif tournoi d&rsquo;exhibition organis\u00e9 en Arabie Saoudite. Une rencontre que le Transalpin a d\u00e9marr\u00e9 fort en prenant d&rsquo;entr\u00e9e le service du num\u00e9ro 1 mondial. Face \u00e0 un adversaire dans l&rsquo;incapacit\u00e9 de le mettre en difficult\u00e9 sur son engagement, le natif de San Candido a continu\u00e9 \u00e0 son rythme, \u00e9tant pr\u00eat \u00e0 exploiter la moindre faille pour creuser l&rsquo;\u00e9cart. Une opportunit\u00e9 s&rsquo;est pr\u00e9sent\u00e9e dans le cinqui\u00e8me jeu et Jannik Sinner en a tout de suite profit\u00e9 pour prendre une deuxi\u00e8me fois le service de Carlos Alcaraz et mener cinq jeux \u00e0 un. Une seule balle de set sur son propre engagement aura \u00e9t\u00e9 n\u00e9cessaire \u00e0 l&rsquo;Italien pour empocher la premi\u00e8re manche en 28 petites minutes. Apr\u00e8s cette entame manqu\u00e9e, le natif de Murcie se devait de r\u00e9agir et il a su mieux tenir t\u00eate \u00e0 son adversaire \u00e0 l&rsquo;entame de la deuxi\u00e8me manche. Un \u00e9tat d&rsquo;esprit qui s&rsquo;est traduit par une forte r\u00e9sistance face \u00e0 cinq balles de break conc\u00e9d\u00e9es dans le cinqui\u00e8me jeu.<\/p>\n<p>Sinner a d\u00e9roul\u00e9, Djokovic \u00e9tait fatigu\u00e9<\/p>\n<p>Carlos Alcaraz a alors pu conserver son service mais la menace \u00e9tait tr\u00e8s claire. Ne coupant pas son effort, Jannik Sinner a recommenc\u00e9 \u00e0 mettre sous pression le num\u00e9ro 1 mondial et a fini par le faire craquer. Menant alors quatre jeux \u00e0 trois, le Transalpin a mis une main sur le troph\u00e9e et les sept millions d&rsquo;euros promis au vainqueur. Un dernier jeu blanc a alors permis au num\u00e9ro 2 mondial de sceller le sort de cette finale (6-2, 6-4 en 1h13&prime;), lui assurant de ne pas avoir fait le d\u00e9placement pour rien. Quelques minutes avant cette finale, le match pour la troisi\u00e8me place opposant Taylor Fritz \u00e0 Novak Djokovic a \u00e9t\u00e9 tronqu\u00e9. En effet, apr\u00e8s avoir conc\u00e9d\u00e9 la premi\u00e8re manche au jeu d\u00e9cisif apr\u00e8s quasiment une heure et 20 minutes d&rsquo;un combat \u00e2pre, le Serbe a jet\u00e9 l&rsquo;\u00e9ponge. Une d\u00e9cision que le natif de Belgrade a justifi\u00e9 par une fatigue li\u00e9e \u00e0 \u00ab\u00a0l&rsquo;un des sets les plus longs\u00a0\u00bb qu&rsquo;il ait jamais jou\u00e9. \u00ab\u00a0Je dois me reposer et r\u00e9gler quelques probl\u00e8mes physiques, a-t-il ajout\u00e9. J&rsquo;esp\u00e8re disputer les derniers tournois de la saison.\u00a0\u00bb Ce qui jette le doute sur la pr\u00e9sence du num\u00e9ro 5 mondial \u00e0 la Paris-La D\u00e9fense Arena pour le Rolex Paris Masters.<\/p>\n","protected":false},"excerpt":{"rendered":"Mathieu Warnier, Media365, publi\u00e9 le samedi 18 octobre 2025 \u00e0 22h35 Alors que Novak Djokovic a jet\u00e9 l&rsquo;\u00e9ponge&hellip;\n","protected":false},"author":2,"featured_media":473427,"comment_status":"","ping_status":"","sticky":false,"template":"","format":"standard","meta":{"footnotes":""},"categories":[1415],"tags":[1011,27,60,1467],"class_list":{"0":"post-473426","1":"post","2":"type-post","3":"status-publish","4":"format-standard","5":"has-post-thumbnail","7":"category-tennis","8":"tag-fr","9":"tag-france","10":"tag-sports","11":"tag-tennis"},"share_on_mastodon":{"url":"https:\/\/pubeurope.com\/@fr\/115397406427337714","error":""},"_links":{"self":[{"href":"https:\/\/www.europesays.com\/fr\/wp-json\/wp\/v2\/posts\/473426","targetHints":{"allow":["GET"]}}],"collection":[{"href":"https:\/\/www.europesays.com\/fr\/wp-json\/wp\/v2\/posts"}],"about":[{"href":"https:\/\/www.europesays.com\/fr\/wp-json\/wp\/v2\/types\/post"}],"author":[{"embeddable":true,"href":"https:\/\/www.europesays.com\/fr\/wp-json\/wp\/v2\/users\/2"}],"replies":[{"embeddable":true,"href":"https:\/\/www.europesays.com\/fr\/wp-json\/wp\/v2\/comments?post=473426"}],"version-history":[{"count":0,"href":"https:\/\/www.europesays.com\/fr\/wp-json\/wp\/v2\/posts\/473426\/revisions"}],"wp:featuredmedia":[{"embeddable":true,"href":"https:\/\/www.europesays.com\/fr\/wp-json\/wp\/v2\/media\/473427"}],"wp:attachment":[{"href":"https:\/\/www.europesays.com\/fr\/wp-json\/wp\/v2\/media?parent=473426"}],"wp:term":[{"taxonomy":"category","embeddable":true,"href":"https:\/\/www.europesays.com\/fr\/wp-json\/wp\/v2\/categories?post=473426"},{"taxonomy":"post_tag","embeddable":true,"href":"https:\/\/www.europesays.com\/fr\/wp-json\/wp\/v2\/tags?post=473426"}],"curies":[{"name":"wp","href":"https:\/\/api.w.org\/{rel}","templated":true}]}}