{"id":473428,"date":"2025-10-18T21:58:15","date_gmt":"2025-10-18T21:58:15","guid":{"rendered":"https:\/\/www.europesays.com\/fr\/473428\/"},"modified":"2025-10-18T21:58:15","modified_gmt":"2025-10-18T21:58:15","slug":"motogp-pol-espargaro-prodigue-un-conseil-a-pecco-bagnaia-pars-en-voyage-avec-ta-femme-deconnecte-et-reviens-en-force-pour-la-presaison","status":"publish","type":"post","link":"https:\/\/www.europesays.com\/fr\/473428\/","title":{"rendered":"MotoGP, Pol Espargar\u00f3 prodigue un conseil \u00e0 Pecco Bagnaia : \u00ab\u00a0pars en voyage avec ta femme, d\u00e9connecte et reviens en force pour la pr\u00e9saison\u00a0\u00bb"},"content":{"rendered":"<p><strong>De retour sur la piste apr\u00e8s avoir troqu\u00e9 le micro de<br \/>\nDAZN contre le guidon d\u2019une KTM RC16, Pol Espargar\u00f3 n\u2019a pas<br \/>\nseulement marqu\u00e9 des points en Australie. Il en a aussi marqu\u00e9 dans<br \/>\nles esprits. \u00c0 l\u2019arriv\u00e9e du Sprint, l\u2019Espagnol s\u2019est montr\u00e9 cash<br \/>\nsur la d\u00e9b\u00e2cle Ducati et sur le naufrage d\u2019un certain Pecco<br \/>\nBagnaia, d\u00e9sormais m\u00e9connaissable. Il a comment\u00e9 sur<br \/>\nl\u2019int\u00e9ress\u00e9\u00a0: \u201cPecco n\u2019a pas besoin d\u2019ing\u00e9nieurs, il a<br \/>\nbesoin de vacances\u201d.<\/strong><\/p>\n<p>Alors que le triple champion du monde sombrait \u00e0 la 19e place \u2014<br \/>\njuste devant Michele Pirro, pilote rempla\u00e7ant de <strong>Marc<br \/>\nMarquez<\/strong> \u2014 Espargar\u00f3 a livr\u00e9 une analyse franche :<\/p>\n<p>\u00ab Je ne sais pas quoi dire, je ne trouve pas vraiment<br \/>\nd\u2019explication. <strong>Je ne pense plus que ce soit un probl\u00e8me de<br \/>\nmoto, mais plut\u00f4t li\u00e9 \u00e0 la situation personnelle qu\u2019il<br \/>\ntraverse<\/strong>. Beaucoup d\u2019athl\u00e8tes d\u2019\u00e9lite connaissent des<br \/>\np\u00e9riodes comme celle-ci. Pecco traverse un moment difficile, et ce<br \/>\ndont il a le plus besoin, c\u2019est de <strong>terminer l\u2019ann\u00e9e, de se<br \/>\nressourcer, de se reposer<\/strong>, de partir en voyage avec sa<br \/>\nfemme, de d\u00e9connecter et de revenir en force pour la pr\u00e9saison.<br \/>\n<strong>Il a bien plus de potentiel que cela<\/strong>. \u00bb<\/p>\n<p>Une d\u00e9claration lucide et bienveillante \u2014 mais qui sonne aussi<br \/>\ncomme un aveu d\u2019impuissance face \u00e0 un <strong>Bagnaia<\/strong><br \/>\nvid\u00e9, mentalement comme sportivement. Le champion italien semble<br \/>\npi\u00e9g\u00e9 dans une spirale qu\u2019il ne ma\u00eetrise plus, incapable de<br \/>\nretrouver la fluidit\u00e9 qui faisait sa force.<\/p>\n<p><img decoding=\"async\" class=\"aligncenter\" src=\"https:\/\/www.europesays.com\/fr\/wp-content\/uploads\/2025\/10\/591ca44d55fa4a87ba90833145c3d530.jpg\" alt=\"Pol Espargaro devant Di Giannantonio (Ducati) et Marini (Honda)\"\/><\/p>\n<p><strong>Pol Espargar\u00f3\u00a0:<br \/>\n\u201cles autres ont enfin rattrap\u00e9 Ducati\u201d<\/strong><\/p>\n<p>Mais <strong>Espargar\u00f3<\/strong> ne s\u2019est pas arr\u00eat\u00e9 l\u00e0. Il a<br \/>\n\u00e9galement point\u00e9 du doigt l\u2019\u00e9quilibre des forces qui change en<br \/>\nMotoGP. Pour lui, le <a href=\"https:\/\/www.paddock-gp.com\/motogp-australie-sprint-live-2\/\" target=\"_blank\" rel=\"noopener\"><strong><br \/>\nSprint australien<\/strong><\/a> \u2014 sans une seule<br \/>\n<strong>Ducati<\/strong> sur le podium \u2014 symbolise une bascule :<\/p>\n<p>\u00ab C\u2019est bien de voir que le travail d\u2019harmonisation des<br \/>\nmotos porte ses fruits. Ducati est en t\u00eate depuis longtemps,<br \/>\n<strong>mais cela ne veut pas dire que tout a radicalement<br \/>\nchang\u00e9<\/strong>. Peut-\u00eatre qu\u2019ils domineront \u00e0 nouveau en Malaisie,<br \/>\nmais ces week-ends permettent <strong>aux autres usines de se<br \/>\nsentir r\u00e9compens\u00e9es pour leur travail<\/strong>, notamment Yamaha et<br \/>\nHonda, et <strong>Dieu sait combien cela leur co\u00fbte<\/strong>.<br \/>\n\u00bb<\/p>\n<p>Le message est clair : le r\u00e8gne rouge n\u2019est plus intouchable.<br \/>\nAprilia, KTM, Honda, Yamaha \u2014 toutes profitent de l\u2019usure de<br \/>\n<a href=\"https:\/\/www.paddock-gp.com\/motogp-australie-j2-michele-pirro-ducati-q-s20-il-est-difficile-de-comprendre-pourquoi-pecco-bagnaia-fait-la-meme-chose-que-moi\/\" target=\"_blank\" rel=\"noopener\"><br \/>\n<strong>Ducati<\/strong><\/a> pour reprendre espoir. Et dans ce<br \/>\ncontexte, m\u00eame un v\u00e9t\u00e9ran comme <strong>Espargar\u00f3<\/strong>,<br \/>\npourtant \u00e9loign\u00e9 du haut du classement, go\u00fbte le plaisir d\u2019un<br \/>\npaddock plus ouvert, plus impr\u00e9visible.<\/p>\n<p>Entre les mots durs de <a href=\"https:\/\/www.paddock-gp.com\/motogp-pour-carlos-checa-le-pire-est-encore-a-venir-chez-ducati-bagnaia-na-pas-encore-touche-le-fond\/\" target=\"_blank\" rel=\"noopener\"><br \/>\n<strong>Carlos Checa<\/strong><\/a>, qui affirmait d\u00e9j\u00e0 que<br \/>\n\u201cBagnaia n\u2019a pas encore touch\u00e9 le fond\u201d, et ceux plus<br \/>\nempathiques d\u2019<strong>Espargar\u00f3<\/strong>, le constat converge : le<br \/>\ntriple champion du monde n\u2019a plus la t\u00eate \u00e0 la course.<\/p>\n<p>Les fans et <strong>Ducati<\/strong> esp\u00e8rent que la \u201cpause\u201d<br \/>\n\u00e9voqu\u00e9e par Pol lui permettra de retrouver sa rage de vaincre avant<br \/>\nque 2026 ne tourne au d\u00e9sastre.<\/p>\n<p><img decoding=\"async\" class=\"aligncenter\" src=\"https:\/\/www.europesays.com\/fr\/wp-content\/uploads\/2025\/10\/IMG_1612-1024x686-1.jpg\"\/><\/p>\n<p><strong>MotoGP, Australie J2, Grille de d\u00e9part<br \/>\n:\u00a0<\/strong><\/p>\n<p><img loading=\"lazy\" decoding=\"async\" class=\"aligncenter size-full wp-image-1339597\" src=\"https:\/\/www.europesays.com\/fr\/wp-content\/uploads\/2025\/10\/Grille.jpg\" alt=\"Australie\" width=\"684\" height=\"687\"  \/><\/p>\n<p><strong><a href=\"https:\/\/www.motogp.com\/en\" target=\"_blank\" rel=\"noopener\">MotoGP<\/a>,<br \/>\nAustralie J2, classement Sprint :\u00a0<\/strong><\/p>\n<p><img loading=\"lazy\" decoding=\"async\" class=\"aligncenter size-full wp-image-1339696\" src=\"https:\/\/www.europesays.com\/fr\/wp-content\/uploads\/2025\/10\/Sprint-1.jpg\" alt=\"Australie\" width=\"591\" height=\"683\"  \/><\/p>\n","protected":false},"excerpt":{"rendered":"De retour sur la piste apr\u00e8s avoir troqu\u00e9 le micro de DAZN contre le guidon d\u2019une KTM RC16,&hellip;\n","protected":false},"author":2,"featured_media":473429,"comment_status":"","ping_status":"","sticky":false,"template":"","format":"standard","meta":{"footnotes":""},"categories":[1413],"tags":[1011,27,1457,1456,60],"class_list":{"0":"post-473428","1":"post","2":"type-post","3":"status-publish","4":"format-standard","5":"has-post-thumbnail","7":"category-moto","8":"tag-fr","9":"tag-france","10":"tag-moto","11":"tag-motocycle","12":"tag-sports"},"share_on_mastodon":{"url":"https:\/\/pubeurope.com\/@fr\/115397415092899738","error":""},"_links":{"self":[{"href":"https:\/\/www.europesays.com\/fr\/wp-json\/wp\/v2\/posts\/473428","targetHints":{"allow":["GET"]}}],"collection":[{"href":"https:\/\/www.europesays.com\/fr\/wp-json\/wp\/v2\/posts"}],"about":[{"href":"https:\/\/www.europesays.com\/fr\/wp-json\/wp\/v2\/types\/post"}],"author":[{"embeddable":true,"href":"https:\/\/www.europesays.com\/fr\/wp-json\/wp\/v2\/users\/2"}],"replies":[{"embeddable":true,"href":"https:\/\/www.europesays.com\/fr\/wp-json\/wp\/v2\/comments?post=473428"}],"version-history":[{"count":0,"href":"https:\/\/www.europesays.com\/fr\/wp-json\/wp\/v2\/posts\/473428\/revisions"}],"wp:featuredmedia":[{"embeddable":true,"href":"https:\/\/www.europesays.com\/fr\/wp-json\/wp\/v2\/media\/473429"}],"wp:attachment":[{"href":"https:\/\/www.europesays.com\/fr\/wp-json\/wp\/v2\/media?parent=473428"}],"wp:term":[{"taxonomy":"category","embeddable":true,"href":"https:\/\/www.europesays.com\/fr\/wp-json\/wp\/v2\/categories?post=473428"},{"taxonomy":"post_tag","embeddable":true,"href":"https:\/\/www.europesays.com\/fr\/wp-json\/wp\/v2\/tags?post=473428"}],"curies":[{"name":"wp","href":"https:\/\/api.w.org\/{rel}","templated":true}]}}