{"id":473432,"date":"2025-10-18T22:00:17","date_gmt":"2025-10-18T22:00:17","guid":{"rendered":"https:\/\/www.europesays.com\/fr\/473432\/"},"modified":"2025-10-18T22:00:17","modified_gmt":"2025-10-18T22:00:17","slug":"du-changement-pour-le-tour-des-alpes-maritimes-actualite","status":"publish","type":"post","link":"https:\/\/www.europesays.com\/fr\/473432\/","title":{"rendered":"Du changement pour le Tour des Alpes-Maritimes &#8211; Actualit\u00e9"},"content":{"rendered":"<p style=\"text-align: justify;\">Dans la <a href=\"https:\/\/www.directvelo.com\/actualite\/123938\/uci-le-calendrier-francais-2026\" target=\"_blank\" rel=\"noopener\"><strong>premi\u00e8re mouture du calendrier UCI<\/strong><\/a>, la Classic Var et le Tour des Alpes-Maritimes n&rsquo;apparaissaient pas. Ils sont de retour dans la mise \u00e0 jour du calendrier mais avec un gros changement pour les Tour des Alpes-Maritimes.<\/p>\n<p>Class\u00e9 2.1 l&rsquo;an dernier et couru sur deux jours, le Tour des Alpes-Maritimes devient une course d&rsquo;un jour et sera disput\u00e9 le dimanche 22 f\u00e9vrier. La Classic Var passe donc du vendredi au samedi, le 21 f\u00e9vrier. Le vainqueur succ\u00e8dera \u00e0 <a href=\"https:\/\/www.directvelo.com\/epreuve\/45404\/tour-des-alpes-maritimes-2025\" target=\"_blank\" rel=\"noopener\"><strong>Christian Scaroni<\/strong><\/a>.<\/p>\n<p>La Classic Var a publi\u00e9 le parcours de son \u00e9dition 2026. La course partira de La Garde pour arriver \u00e0 Brignoles, apr\u00e8s 179,7 kilom\u00e8tres. L\u00e0 aussi, le vainqueur <a href=\"https:\/\/www.directvelo.com\/actualite\/118876\/classic-var-classement\" target=\"_blank\" rel=\"noopener\"><strong>succ\u00e8dera \u00e0 Christian Scaroni<\/strong><\/a>\u00a0au palmar\u00e8s.<\/p>\n<p class=\"text-center\"><img loading=\"lazy\" decoding=\"async\" src=\"https:\/\/www.europesays.com\/fr\/wp-content\/uploads\/2025\/10\/classic var 26.jpg\" alt=\"\" width=\"588\" height=\"620\"\/><\/p>\n","protected":false},"excerpt":{"rendered":"Dans la premi\u00e8re mouture du calendrier UCI, la Classic Var et le Tour des Alpes-Maritimes n&rsquo;apparaissaient pas. Ils&hellip;\n","protected":false},"author":2,"featured_media":473433,"comment_status":"","ping_status":"","sticky":false,"template":"","format":"standard","meta":{"footnotes":""},"categories":[1411],"tags":[834,828,836,829,837,827,83,826,824,823,1154,207,814,817,815,816,822,821,832,211,839,1011,27,820,818,819,835,831,830,833,838,60,212,208,825],"class_list":{"0":"post-473432","1":"post","2":"type-post","3":"status-publish","4":"format-standard","5":"has-post-thumbnail","7":"category-cyclisme","8":"tag-attaque","9":"tag-belgique","10":"tag-braquet","11":"tag-bretagne","12":"tag-chute","13":"tag-competition","14":"tag-coupe-de-france","15":"tag-coureur","16":"tag-course-cyclisme","17":"tag-course-cycliste","18":"tag-cycling","19":"tag-cyclisme","20":"tag-direct","21":"tag-direct-velo","22":"tag-directvelo","23":"tag-directvelo-com","24":"tag-epreuve","25":"tag-epreuve-cycliste","26":"tag-federation-francaise-de-cyclisme","27":"tag-ffc","28":"tag-flandres","29":"tag-fr","30":"tag-france","31":"tag-live","32":"tag-live-course","33":"tag-live-epreuve","34":"tag-peloton","35":"tag-radio-peloton","36":"tag-radio-tour","37":"tag-ravitaillement","38":"tag-relance","39":"tag-sports","40":"tag-uci","41":"tag-velo","42":"tag-velos"},"share_on_mastodon":{"url":"https:\/\/pubeurope.com\/@fr\/115397422307083690","error":""},"_links":{"self":[{"href":"https:\/\/www.europesays.com\/fr\/wp-json\/wp\/v2\/posts\/473432","targetHints":{"allow":["GET"]}}],"collection":[{"href":"https:\/\/www.europesays.com\/fr\/wp-json\/wp\/v2\/posts"}],"about":[{"href":"https:\/\/www.europesays.com\/fr\/wp-json\/wp\/v2\/types\/post"}],"author":[{"embeddable":true,"href":"https:\/\/www.europesays.com\/fr\/wp-json\/wp\/v2\/users\/2"}],"replies":[{"embeddable":true,"href":"https:\/\/www.europesays.com\/fr\/wp-json\/wp\/v2\/comments?post=473432"}],"version-history":[{"count":0,"href":"https:\/\/www.europesays.com\/fr\/wp-json\/wp\/v2\/posts\/473432\/revisions"}],"wp:featuredmedia":[{"embeddable":true,"href":"https:\/\/www.europesays.com\/fr\/wp-json\/wp\/v2\/media\/473433"}],"wp:attachment":[{"href":"https:\/\/www.europesays.com\/fr\/wp-json\/wp\/v2\/media?parent=473432"}],"wp:term":[{"taxonomy":"category","embeddable":true,"href":"https:\/\/www.europesays.com\/fr\/wp-json\/wp\/v2\/categories?post=473432"},{"taxonomy":"post_tag","embeddable":true,"href":"https:\/\/www.europesays.com\/fr\/wp-json\/wp\/v2\/tags?post=473432"}],"curies":[{"name":"wp","href":"https:\/\/api.w.org\/{rel}","templated":true}]}}