{"id":473440,"date":"2025-10-18T22:04:14","date_gmt":"2025-10-18T22:04:14","guid":{"rendered":"https:\/\/www.europesays.com\/fr\/473440\/"},"modified":"2025-10-18T22:04:14","modified_gmt":"2025-10-18T22:04:14","slug":"destins-feminins-dans-deux-livres-de-la-rentree-litteraire","status":"publish","type":"post","link":"https:\/\/www.europesays.com\/fr\/473440\/","title":{"rendered":"Destins f\u00e9minins dans deux livres de la rentr\u00e9e litt\u00e9raire"},"content":{"rendered":"<p>                                        <a data-no-instant=\"1\" href=\"https:\/\/jhm.fr\/boutique\/?mtm_campaign=BannAboOct&amp;mtm_kwd=BannAboOct&amp;mtm_source=BannAboOct&amp;mtm_medium=BannAboOct&amp;mtm_content=BannAboOct&amp;mtm_cid=BannAboOct&amp;mtm_group=BannAboOct&amp;mtm_placement=BannAboOct\" rel=\"noopener sponsored nofollow\" class=\"a2t-link\" target=\"_blank\" aria-label=\"CTI150790-1-Offre-abonnement-num\u00e9rique-2025 (3)\"><img loading=\"lazy\" decoding=\"async\" src=\"https:\/\/www.europesays.com\/fr\/wp-content\/uploads\/2025\/10\/CTI150790-1-Offre-abonnement-numerique-2025-3.gif\" alt=\"\" width=\"1800\" height=\"180\"\/><\/a>                                    <\/p>\n<p><strong>Aujourd\u2019hui, Fran\u00e7oise Ramillon nous pr\u00e9sente deux livres de la rentr\u00e9e litt\u00e9raire parus aux \u00e9ditions Flammarion et \u00e9crits par de jeunes \u00e9crivains.\u00a0Victor Jestin et Clo\u00e9 Korman,\u00a0qui ont d\u00e9j\u00e0 une renomm\u00e9e nationale, \u00e9voquent des destins f\u00e9minins, autour des th\u00e8mes de la d\u00e9pendance ou du choix d\u2019\u00eatre m\u00e8re.<\/strong><\/p>\n<p>\u201cLa mauvaise joueuse\u201d de Victor Jestin<\/p>\n<p>\u00ab J\u2019avais un bon m\u00e9tier, un compagnon que j\u2019aimais, des amis, un appartement et un projet d\u2019enfant. Il a suffi d\u2019une b\u00eatise \u00bb.<\/p>\n<p>D\u00e9j\u00e0 distingu\u00e9 par le prix Femina des Lyc\u00e9ens, Victor Jestin creuse dans ce troisi\u00e8me roman le th\u00e8me de la d\u00e9pendance. Maud est une jeune femme trentenaire sans histoires dont la vie est boulevers\u00e9e un jour par un \u00e9v\u00e9nement fortuit : priv\u00e9e de son t\u00e9l\u00e9phone, elle en emprunte un \u00e0 un coll\u00e8gue et sur ce vieux Samsung il y a un jeu !<\/p>\n<p>Son instinct de joueuse, qu\u2019elle contient depuis des ann\u00e9es, se r\u00e9veille et elle c\u00e8de \u00e0 la tentation. C\u2019est le d\u00e9but d\u2019un engrenage diabolique. Comme elle joue en conduisant, elle heurte \u00ab quelque chose \u00bb. Paniqu\u00e9e, s\u00fbre d\u2019avoir tu\u00e9 ou bless\u00e9 une personne, elle s\u2019enfuit et nous suivons son chemin d\u2019errance fr\u00e9n\u00e9tique jalonn\u00e9 de toutes sortes de jeux : bowling, loterie, \u00e9checs, football\u2026 tout est bon pour satisfaire son besoin inextinguible.<\/p>\n<p>Un beau roman bien \u00e9crit qui nous fait r\u00e9fl\u00e9chir \u00e0 toutes les formes d\u2019addiction, \u00e0 cette recherche \u00e9perdue de moments artificiels et \u00e9ph\u00e9m\u00e8res de r\u00e9el bonheur.<\/p>\n<p>\u201cMettre au monde\u201d de Clo\u00e9 Korman<\/p>\n<p>Trentenaire elle aussi, Clo\u00e9 Korman en est \u00e0 son cinqui\u00e8me roman dont l\u2019avant-dernier a \u00e9t\u00e9 finaliste du prix Goncourt. Elle met en sc\u00e8ne une dualit\u00e9 tr\u00e8s contemporaine : Mettre au monde ou choisir de ne pas mettre au monde ?<\/p>\n<p>Jill, une sage-femme, parle de ce m\u00e9tier passionnant qui l\u2019\u00e9puise et la prive de ses propres enfants dont sa m\u00e8re s\u2019occupe \u00e0 sa place. Mais elle est se sent indispensable pour accompagner les femmes qui accouchent et faire na\u00eetre des b\u00e9b\u00e9s est une joie pour elle toujours renouvel\u00e9e.<\/p>\n<p>Marguerite est une femme libre \u201c\u00e0 la sexualit\u00e9 vagabonde\u201d. Militante de la libert\u00e9 des femmes, elle est sp\u00e9cialiste de l\u2019histoire de l\u2019avortement et de l\u2019acc\u00e8s \u00e0 l\u2019IVG et court de colloques en conf\u00e9rences.<\/p>\n<p>Deux femmes qui se r\u00e9alisent pleinement dans ce qu\u2019elles aiment, mais la maman de Jill tombe gravement malade. Jill va-t-elle devoir renoncer \u00e0 tout ce qu\u2019elle aime pour prendre un travail plus administratif ? Quant \u00e0 Marguerite, elle d\u00e9couvre avec stupeur qu\u2019elle est enceinte. Va-t-elle garder l\u2019enfant et changer de vie, elle aussi ?<\/p>\n<p>Un hommage au m\u00e9tier de sage-femme et \u00e0 toutes les militantes qui ont particip\u00e9 \u00e0 l\u2019\u00e9volution des mentalit\u00e9s et des lois. Une reconnaissance du droit des femmes d\u2019\u00eatre libres, de disposer de leurs corps et de leurs d\u00e9sirs sans \u00eatre jug\u00e9es. Le tout dans une langue pr\u00e9cise et charnelle, tr\u00e8s r\u00e9aliste et po\u00e9tique \u00e0 la fois dans les belles pages qui \u00e9voquent la naissance des b\u00e9b\u00e9s.<\/p>\n<p><strong>De notre correspondante Fran\u00e7oise Ramillon<\/strong><\/p>\n<ul class=\"splide__list\">\n<li class=\"splide__slide\">\n                    <img decoding=\"async\" src=\"https:\/\/www.europesays.com\/fr\/wp-content\/uploads\/2025\/10\/927087.HR_.jpg\" alt=\"\"\/><br \/>\n                                            Victor Jestin (Photo Jean-Philippe Baltel \u00a9 Editions Flammarion)\n                                    <\/li>\n<li class=\"splide__slide\">\n                    <img decoding=\"async\" src=\"https:\/\/www.europesays.com\/fr\/wp-content\/uploads\/2025\/10\/927089.HR_.jpg\" alt=\"\"\/>\n                                    <\/li>\n<li class=\"splide__slide\">\n                    <img decoding=\"async\" src=\"https:\/\/www.europesays.com\/fr\/wp-content\/uploads\/2025\/10\/927090.HR_.jpg\" alt=\"\"\/>\n                                    <\/li>\n<\/ul>\n","protected":false},"excerpt":{"rendered":"Aujourd\u2019hui, Fran\u00e7oise Ramillon nous pr\u00e9sente deux livres de la rentr\u00e9e litt\u00e9raire parus aux \u00e9ditions Flammarion et \u00e9crits par&hellip;\n","protected":false},"author":2,"featured_media":473441,"comment_status":"","ping_status":"","sticky":false,"template":"","format":"standard","meta":{"footnotes":""},"categories":[1357],"tags":[1379,58,59,1011,27,1380],"class_list":{"0":"post-473440","1":"post","2":"type-post","3":"status-publish","4":"format-standard","5":"has-post-thumbnail","7":"category-livres","8":"tag-books","9":"tag-divertissement","10":"tag-entertainment","11":"tag-fr","12":"tag-france","13":"tag-livres"},"share_on_mastodon":{"url":"https:\/\/pubeurope.com\/@fr\/115397438675296451","error":""},"_links":{"self":[{"href":"https:\/\/www.europesays.com\/fr\/wp-json\/wp\/v2\/posts\/473440","targetHints":{"allow":["GET"]}}],"collection":[{"href":"https:\/\/www.europesays.com\/fr\/wp-json\/wp\/v2\/posts"}],"about":[{"href":"https:\/\/www.europesays.com\/fr\/wp-json\/wp\/v2\/types\/post"}],"author":[{"embeddable":true,"href":"https:\/\/www.europesays.com\/fr\/wp-json\/wp\/v2\/users\/2"}],"replies":[{"embeddable":true,"href":"https:\/\/www.europesays.com\/fr\/wp-json\/wp\/v2\/comments?post=473440"}],"version-history":[{"count":0,"href":"https:\/\/www.europesays.com\/fr\/wp-json\/wp\/v2\/posts\/473440\/revisions"}],"wp:featuredmedia":[{"embeddable":true,"href":"https:\/\/www.europesays.com\/fr\/wp-json\/wp\/v2\/media\/473441"}],"wp:attachment":[{"href":"https:\/\/www.europesays.com\/fr\/wp-json\/wp\/v2\/media?parent=473440"}],"wp:term":[{"taxonomy":"category","embeddable":true,"href":"https:\/\/www.europesays.com\/fr\/wp-json\/wp\/v2\/categories?post=473440"},{"taxonomy":"post_tag","embeddable":true,"href":"https:\/\/www.europesays.com\/fr\/wp-json\/wp\/v2\/tags?post=473440"}],"curies":[{"name":"wp","href":"https:\/\/api.w.org\/{rel}","templated":true}]}}