{"id":473450,"date":"2025-10-18T22:10:12","date_gmt":"2025-10-18T22:10:12","guid":{"rendered":"https:\/\/www.europesays.com\/fr\/473450\/"},"modified":"2025-10-18T22:10:12","modified_gmt":"2025-10-18T22:10:12","slug":"jarry-vise-dans-une-enquete-de-mediapart-qui-pointe-ses-comportements-problematiques-sur-un-tournage","status":"publish","type":"post","link":"https:\/\/www.europesays.com\/fr\/473450\/","title":{"rendered":"Jarry vis\u00e9 dans une enqu\u00eate de \u00ab\u00a0Mediapart\u00a0\u00bb, qui pointe ses comportements probl\u00e9matiques sur un tournage"},"content":{"rendered":"<p>        <img decoding=\"async\" loading=\"lazy\" src=\"https:\/\/www.europesays.com\/fr\/wp-content\/uploads\/2025\/10\/a4dd311_upload-1-upasysoudfnw-afp-20240614-34wr4d2-v1-highres-monacoartstelevisionfestival.jpg\"  width=\"728\" height=\"409\" alt=\"Anthony Lambert, alias Jarry, \u00e0\u00a0Monaco, le 14\u00a0juin 2024.\"\/>  <\/p>\n<p>VALERY HACHE \/ AFP<\/p>\n<p>Anthony Lambert, alias Jarry, \u00e0\u00a0Monaco, le 14\u00a0juin 2024.<\/p>\n<p class=\"asset asset-text\">CIN\u00c9MA &#8211; L\u2019humoriste Anthony Lambert, dit Jarry, encha\u00eene les projets professionnels ces derniers temps\u00a0: une tourn\u00e9e qui ne d\u00e9semplit pas en France, bient\u00f4t \u00e0 l\u2019affiche du film Le Jour J ou \u00e0 <a href=\"https:\/\/www.huffingtonpost.fr\/divertissement\/article\/jarry-fait-son-retour-sur-tf1-pour-animer-un-nouveau-jeu-televise-en-prime-time_252268.html\" target=\"_blank\" rel=\"noopener\">la pr\u00e9sentation du jeu de strat\u00e9gie The Imposter sur TF1<\/a>&#8230; Il planche aussi en parall\u00e8le sur l\u2019adaptation en s\u00e9rie de la com\u00e9die\u00a0Maison de retraite, sortie en 2022\u00a0et dans laquelle il tient un r\u00f4le.<\/p>\n<p class=\"asset asset-text\">C\u2019est le tournage de celle-ci qui pose aujourd\u2019hui probl\u00e8me. <a href=\"https:\/\/www.mediapart.fr\/journal\/france\/171025\/blagues-racistes-propos-sexualisants-et-denigrement-l-humoriste-jarry-cree-le-malaise-sur-le-tournage-d-un\" target=\"_blank\" rel=\"noopener\" title=\"Nouvelle fen\u00eatre\">Selon une enqu\u00eate de Mediapart publi\u00e9e vendredi 17\u00a0octobre<\/a>, Jarry aurait eu des gestes et propos d\u00e9plac\u00e9s aupr\u00e8s de divers collaborateurs du film, d\u2019apr\u00e8s une quinzaine de t\u00e9moins interrog\u00e9s qui ont tous voulu garder l\u2019anonymat.<\/p>\n<p class=\"asset asset-text\">Globalement, ceux-ci font part de leur exp\u00e9rience difficile au contact de l\u2019humoriste de 48\u00a0ans, d\u00e9crivant des remarques sexistes, racistes, \u00ab\u00a0g\u00eanantes\u00a0\u00bb, \u00ab\u00a0humiliantes\u00a0\u00bb ou \u00ab\u00a0d\u00e9gradantes\u00a0\u00bb.<\/p>\n<p class=\"asset asset-text\">Un acteur noir s\u2019est par exemple vu affubl\u00e9 du surnom de \u00ab\u00a0Kirikou\u00a0\u00bb par Jarry. \u00ab\u00a0Il y avait un jeune acteur noir sur le plateau, qui ne ma\u00eetrisait pas ses r\u00e9pliques.\u00a0Il lui a lanc\u00e9 un truc du genre\u00a0: \u201callez, faut y aller Kirikou\u201d.\u00a0Il y a eu un grand silence sur le plateau, personne n\u2019a rien dit\u00a0\u00bb, se souvient un technicien. \u00ab\u00a0Il faut vite tourner, sinon on te verra plus\u00a0\u00bb, lui aurait-il aussi lanc\u00e9, ainsi que des r\u00e9flexions sur ses \u00ab\u00a0cheveux cr\u00e9pus\u00a0\u00bb.<\/p>\n<p>                     Le \u00ab\u00a0monstre\u00a0\u00bb, \u00e0 savoir son sexe    <\/p>\n<p class=\"asset asset-text\">Un autre t\u00e9moin note que l\u2019humoriste \u00ab\u00a0est tr\u00e8s tactile\u00a0\u00bb avec les jeunes com\u00e9diens et qu\u2019\u00ab\u00a0il touche beaucoup les abdos ou les \u00e9paules pour voir s\u2019ils sont muscl\u00e9s\u00a0\u00bb. Selon une technicienne pr\u00e9sente sur le tournage, \u00ab\u00a0tout tourne autour du cul, il fait des vannes tendancieuses en permanence, et \u00e7a finit par \u00eatre d\u00e9gradant, voire humiliant pour les gens\u00a0\u00bb.<\/p>\n<p class=\"asset asset-text\">Jarry aurait \u00e9galement fait des blagues sur le \u00ab\u00a0monstre\u00a0\u00bb, \u00e0 savoir son sexe, ou encore fait une remarque tendancieuse sur un homme, dont la sexualit\u00e9 \u00e9tait source de questions pour l\u2019humoriste\u00a0: \u00ab\u00a0non mais c\u2019est le genre de gars un peu fluctuant qu\u2019on a \u00e0 l\u2019usure, bourr\u00e9, \u00e0 4-5\u00a0heures du matin\u00a0\u00bb.<\/p>\n<p class=\"asset asset-text\">Selon l\u2019enqu\u00eate de Mediapart, des actes de violence sont aussi mis au jour. \u00ab\u00a0Le premier jour, il a limite frapp\u00e9 une des costumi\u00e8res. Je l\u2019ai vu taper sur sa main\u00a0\u00bb, raconte l\u2019un des t\u00e9moins. \u00ab\u00a0Il a \u00e9t\u00e9 ex\u00e9crable de mani\u00e8re totalement arbitraire avec certaines techniciennes, mais aussi en r\u00e9gie o\u00f9 il a fait des scandales pour des choses compl\u00e8tement futiles, notamment des histoires de g\u00e2teaux sans gluten\u00a0\u00bb, t\u00e9moigne par ailleurs une autre personne.<\/p>\n<p class=\"asset asset-text\">Contact\u00e9 par Mediapart, Jarry n\u2019a pas souhait\u00e9 r\u00e9pondre aux questions du m\u00e9dia, pr\u00e9f\u00e9rant adresser ce message\u00a0: \u00ab\u00a0j\u2019esp\u00e8re vous avoir un jour dans ma salle pour comprendre ma qu\u00eate de rassembler les gens quels que soient leur sexe, religion, couleur de peau\u00a0! Le vivre-ensemble qui donne un sens \u00e0 la vie. Prenez sinc\u00e8rement soin de vous.\u00a0\u00bb<\/p>\n<p class=\"asset asset-text\">L\u2019enqu\u00eate du m\u00e9dia d\u2019investigation ne fait \u00e9tat d\u2019aucune plainte \u00e0 l\u2019encontre de Jarry.<\/p>\n","protected":false},"excerpt":{"rendered":"VALERY HACHE \/ AFP Anthony Lambert, alias Jarry, \u00e0\u00a0Monaco, le 14\u00a0juin 2024. CIN\u00c9MA &#8211; L\u2019humoriste Anthony Lambert, dit&hellip;\n","protected":false},"author":2,"featured_media":473451,"comment_status":"","ping_status":"","sticky":false,"template":"","format":"standard","meta":{"footnotes":""},"categories":[8],"tags":[650,251,58,59,1011,27,28742],"class_list":{"0":"post-473450","1":"post","2":"type-post","3":"status-publish","4":"format-standard","5":"has-post-thumbnail","7":"category-divertissement","8":"tag-cinema","9":"tag-culture","10":"tag-divertissement","11":"tag-entertainment","12":"tag-fr","13":"tag-france","14":"tag-harcelement-sexuel"},"share_on_mastodon":{"url":"https:\/\/pubeurope.com\/@fr\/115397462365082271","error":""},"_links":{"self":[{"href":"https:\/\/www.europesays.com\/fr\/wp-json\/wp\/v2\/posts\/473450","targetHints":{"allow":["GET"]}}],"collection":[{"href":"https:\/\/www.europesays.com\/fr\/wp-json\/wp\/v2\/posts"}],"about":[{"href":"https:\/\/www.europesays.com\/fr\/wp-json\/wp\/v2\/types\/post"}],"author":[{"embeddable":true,"href":"https:\/\/www.europesays.com\/fr\/wp-json\/wp\/v2\/users\/2"}],"replies":[{"embeddable":true,"href":"https:\/\/www.europesays.com\/fr\/wp-json\/wp\/v2\/comments?post=473450"}],"version-history":[{"count":0,"href":"https:\/\/www.europesays.com\/fr\/wp-json\/wp\/v2\/posts\/473450\/revisions"}],"wp:featuredmedia":[{"embeddable":true,"href":"https:\/\/www.europesays.com\/fr\/wp-json\/wp\/v2\/media\/473451"}],"wp:attachment":[{"href":"https:\/\/www.europesays.com\/fr\/wp-json\/wp\/v2\/media?parent=473450"}],"wp:term":[{"taxonomy":"category","embeddable":true,"href":"https:\/\/www.europesays.com\/fr\/wp-json\/wp\/v2\/categories?post=473450"},{"taxonomy":"post_tag","embeddable":true,"href":"https:\/\/www.europesays.com\/fr\/wp-json\/wp\/v2\/tags?post=473450"}],"curies":[{"name":"wp","href":"https:\/\/api.w.org\/{rel}","templated":true}]}}