{"id":473454,"date":"2025-10-18T22:12:14","date_gmt":"2025-10-18T22:12:14","guid":{"rendered":"https:\/\/www.europesays.com\/fr\/473454\/"},"modified":"2025-10-18T22:12:14","modified_gmt":"2025-10-18T22:12:14","slug":"gucci-saint-laurent-balenciaga-loreal-en-passe-dacquerir-les-marques-beaute-du-groupe-kering","status":"publish","type":"post","link":"https:\/\/www.europesays.com\/fr\/473454\/","title":{"rendered":"Gucci, Saint Laurent, Balenciaga\u2026 L\u2019Or\u00e9al en passe d\u2019acqu\u00e9rir les marques beaut\u00e9 du groupe Kering"},"content":{"rendered":"<p>Le groupe de luxe fran\u00e7ais <a href=\"https:\/\/www.20minutes.fr\/dossier\/kering\" class=\"c-link c-link--is-underlined\" target=\"_blank\" rel=\"noopener\">Kering<\/a>, malmen\u00e9 depuis des ann\u00e9es, est en passe de vendre sa division beaut\u00e9 valoris\u00e9e \u00e0 4\u00a0milliards de dollars au num\u00e9ro un mondial des cosm\u00e9tiques, son compatriote <a href=\"https:\/\/www.20minutes.fr\/dossier\/l_oreal\" class=\"c-link c-link--is-underlined\" target=\"_blank\" rel=\"noopener\">L\u2019Or\u00e9al<\/a>, selon le Wall Street Journal. \u00ab\u00a0L\u2019accord pourrait \u00eatre annonc\u00e9 d\u00e8s la semaine prochaine, sous r\u00e9serve que les n\u00e9gociations n\u2019\u00e9chouent pas de mani\u00e8re inattendue ou qu\u2019un autre acqu\u00e9reur ne se pr\u00e9sente pas\u00a0\u00bb, pr\u00e9cise le quotidien financier am\u00e9ricain.<\/p>\n<p>L\u2019Or\u00e9al, num\u00e9ro un mondial des cosm\u00e9tiques, et Kering, propri\u00e9taire des marques Gucci, <a href=\"https:\/\/www.20minutes.fr\/dossier\/saint_laurent\" class=\"c-link c-link--is-underlined\" target=\"_blank\" rel=\"noopener\">Saint Laurent<\/a>, <a href=\"https:\/\/www.20minutes.fr\/tempo\/style\/4157302-20250606-mode-sait-collaboration-surprise-entre-balenciaga-britney-spears\" target=\"_blank\" class=\"c-link c-link--is-underlined\" rel=\"noopener\">Balenciaga<\/a> ou encore Bottega Veneta, doivent pr\u00e9senter leur chiffre d\u2019affaires du troisi\u00e8me trimestre respectivement mardi et mercredi.<\/p>\n<\/p>\n<p>La premi\u00e8re d\u00e9cision radicale du nouveau DG de Kering\u00a0?<\/p>\n<p>Cette annonce survient un mois seulement apr\u00e8s l\u2019entr\u00e9e en fonction du nouveau directeur g\u00e9n\u00e9ral de Kering, <a href=\"https:\/\/www.20minutes.fr\/economie\/4158736-20250616-sauvetage-renault-geant-luxe-kering-luca-meo-transfert-siecle-cac40\" target=\"_blank\" class=\"c-link c-link--is-underlined\" rel=\"noopener\">Luca de Meo<\/a>, 58 ans, charg\u00e9 de redresser le groupe malmen\u00e9 depuis plusieurs ann\u00e9es par les difficult\u00e9s de sa marque phare Gucci.<\/p>\n<p>La vente de la division beaut\u00e9, cr\u00e9\u00e9e seulement en\u00a02023 avec notamment l\u2019acquisition de la marque de parfums Creed pour 3,5\u00a0milliards d\u2019euros, est un acte fort pour le nouveau directeur g\u00e9n\u00e9ral, qui a fait toute sa carri\u00e8re dans l\u2019industrie automobile et qui \u00e9tait depuis cinq ans \u00e0 la t\u00eate du constructeur fran\u00e7ais Renault qu\u2019il a contribu\u00e9 \u00e0 redresser. Contact\u00e9 par l\u2019AFP, Kering n\u2019a pas souhait\u00e9 faire de commentaire et L\u2019Or\u00e9al n\u2019a pas encore r\u00e9pondu.<\/p>\n","protected":false},"excerpt":{"rendered":"Le groupe de luxe fran\u00e7ais Kering, malmen\u00e9 depuis des ann\u00e9es, est en passe de vendre sa division beaut\u00e9&hellip;\n","protected":false},"author":2,"featured_media":473455,"comment_status":"","ping_status":"","sticky":false,"template":"","format":"standard","meta":{"footnotes":""},"categories":[6],"tags":[47,2424,35,33,34,1011,27,24445,32584,2425,22283],"class_list":{"0":"post-473454","1":"post","2":"type-post","3":"status-publish","4":"format-standard","5":"has-post-thumbnail","7":"category-economie","8":"tag-actualite","9":"tag-beaute","10":"tag-business","11":"tag-economie","12":"tag-economy","13":"tag-fr","14":"tag-france","15":"tag-kering","16":"tag-loreal","17":"tag-luxe","18":"tag-wall-street-journal"},"share_on_mastodon":{"url":"https:\/\/pubeurope.com\/@fr\/115397469452389630","error":""},"_links":{"self":[{"href":"https:\/\/www.europesays.com\/fr\/wp-json\/wp\/v2\/posts\/473454","targetHints":{"allow":["GET"]}}],"collection":[{"href":"https:\/\/www.europesays.com\/fr\/wp-json\/wp\/v2\/posts"}],"about":[{"href":"https:\/\/www.europesays.com\/fr\/wp-json\/wp\/v2\/types\/post"}],"author":[{"embeddable":true,"href":"https:\/\/www.europesays.com\/fr\/wp-json\/wp\/v2\/users\/2"}],"replies":[{"embeddable":true,"href":"https:\/\/www.europesays.com\/fr\/wp-json\/wp\/v2\/comments?post=473454"}],"version-history":[{"count":0,"href":"https:\/\/www.europesays.com\/fr\/wp-json\/wp\/v2\/posts\/473454\/revisions"}],"wp:featuredmedia":[{"embeddable":true,"href":"https:\/\/www.europesays.com\/fr\/wp-json\/wp\/v2\/media\/473455"}],"wp:attachment":[{"href":"https:\/\/www.europesays.com\/fr\/wp-json\/wp\/v2\/media?parent=473454"}],"wp:term":[{"taxonomy":"category","embeddable":true,"href":"https:\/\/www.europesays.com\/fr\/wp-json\/wp\/v2\/categories?post=473454"},{"taxonomy":"post_tag","embeddable":true,"href":"https:\/\/www.europesays.com\/fr\/wp-json\/wp\/v2\/tags?post=473454"}],"curies":[{"name":"wp","href":"https:\/\/api.w.org\/{rel}","templated":true}]}}