{"id":473456,"date":"2025-10-18T22:13:11","date_gmt":"2025-10-18T22:13:11","guid":{"rendered":"https:\/\/www.europesays.com\/fr\/473456\/"},"modified":"2025-10-18T22:13:11","modified_gmt":"2025-10-18T22:13:11","slug":"netanyahou-dit-que-la-guerre-prendra-fin-apres-le-desarmement-du-hamas","status":"publish","type":"post","link":"https:\/\/www.europesays.com\/fr\/473456\/","title":{"rendered":"Netanyahou dit que la guerre prendra fin apr\u00e8s le d\u00e9sarmement du Hamas"},"content":{"rendered":"<p>\n    Lors d\u2019une \u00e9mission t\u00e9l\u00e9vis\u00e9e, le premier ministre isra\u00e9lien a indiqu\u00e9 que la paix sera de retour une fois que la bande de Gaza sera d\u00e9militaris\u00e9e.<\/p>\n<p class=\"fig-paragraph\">Le premier ministre isra\u00e9lien Benyamin Netanyahou a d\u00e9clar\u00e9 samedi soir que la\u00a0<a href=\"http:\/\/www.lefigaro.fr\/international\/otages-a-gaza-le-hamas-va-rendre-deux-nouvelles-depouilles-ce-samedi-soir-20251018\" target=\"_blank\" data-fig-type=\"NewsFlash\" rel=\"noopener\" data-gtm-custom-categorie=\"navigation\" data-gtm-custom-action=\"crossclick\" data-gtm-custom-label=\"Contextuel\" data-gtm-event=\"customEventSPE\" data-fig-domain=\"LEFIGARO\">guerre avec le Hamas\u00a0<\/a>prendrait fin une fois achev\u00e9e la seconde phase de l&rsquo;accord de cessez-le-feu\u00a0<a href=\"http:\/\/www.lefigaro.fr\/flash-actu\/gaza-neuf-morts-dans-des-tirs-israeliens-vendredi-selon-la-defense-civile-20251018\" data-fig-type=\"NewsFlash\" data-gtm-custom-categorie=\"navigation\" data-gtm-custom-action=\"crossclick\" data-gtm-custom-label=\"Contextuel\" data-gtm-event=\"customEventSPE\" data-fig-domain=\"LEFIGARO\" target=\"_blank\" rel=\"noopener\">en cours \u00e0 Gaza<\/a>\u00a0qui pr\u00e9voit le d\u00e9sarmement du Hamas.<\/p>\n<p class=\"fig-paragraph\">La seconde phase \u00abcomprend \u00e9galement le d\u00e9sarmement du Hamas, ou plus pr\u00e9cis\u00e9ment la d\u00e9militarisation de la bande de Gaza, et avant cela, la confiscation des armes du Hamas\u00bb, a d\u00e9clar\u00e9 le dirigeant isra\u00e9lien lors d&rsquo;une \u00e9mission t\u00e9l\u00e9vis\u00e9e sur Channel 14. \u00abLorsque cela aura \u00e9t\u00e9 accompli avec succ\u00e8s &#8211; j&rsquo;esp\u00e8re de mani\u00e8re simple, mais sinon, \u00e0 la dure, &#8211; alors la guerre prendra fin\u00bb, a-t-il ajout\u00e9.<\/p>\n<p>                                    <a class=\"fig-a11y-skip a11y-hidden\" href=\"#fig-a11y-skip-main-inarticle\"><br \/>\n        Passer la publicit\u00e9<br \/>\n    <\/a><\/p>\n<p class=\"fig-paragraph\">Le bureau de Benyamin Netanyahou a par ailleurs affirm\u00e9 que la r\u00e9ouverture du point de passage de Rafah, entre Gaza et l\u2019\u00c9gypte, \u00absera envisag\u00e9e en fonction de la mani\u00e8re dont le Hamas s\u2019acquittera de ses obligations en mati\u00e8re de restitution des otages et des corps des d\u00e9funts, et de mise en \u0153uvre du cadre convenu\u00bb. Ce point de passage, dont l\u2019ouverture est r\u00e9clam\u00e9e par la communaut\u00e9 humanitaire, restera ferm\u00e9 \u00abjusqu\u2019\u00e0 nouvel ordre\u00bb, a pr\u00e9cis\u00e9 le bureau. Cette fermeture \u00abbloque l\u2019entr\u00e9e des \u00e9quipements sp\u00e9cialis\u00e9s n\u00e9cessaires\u00bb pour rechercher les corps sous les d\u00e9combres et \u00abentra\u00eenera des retards importants dans la r\u00e9cup\u00e9ration et la remise des d\u00e9pouilles\u00bb, a r\u00e9agi le Hamas dans un communiqu\u00e9.<\/p>\n","protected":false},"excerpt":{"rendered":"Lors d\u2019une \u00e9mission t\u00e9l\u00e9vis\u00e9e, le premier ministre isra\u00e9lien a indiqu\u00e9 que la paix sera de retour une fois&hellip;\n","protected":false},"author":2,"featured_media":473457,"comment_status":"","ping_status":"","sticky":false,"template":"","format":"standard","meta":{"footnotes":""},"categories":[5],"tags":[11,952,1011,27,665,14,12,28],"class_list":{"0":"post-473456","1":"post","2":"type-post","3":"status-publish","4":"format-standard","5":"has-post-thumbnail","7":"category-international","8":"tag-actualites","9":"tag-benyamin-netanyahou","10":"tag-fr","11":"tag-france","12":"tag-gaza","13":"tag-international","14":"tag-news","15":"tag-world"},"share_on_mastodon":{"url":"https:\/\/pubeurope.com\/@fr\/115397473422384933","error":""},"_links":{"self":[{"href":"https:\/\/www.europesays.com\/fr\/wp-json\/wp\/v2\/posts\/473456","targetHints":{"allow":["GET"]}}],"collection":[{"href":"https:\/\/www.europesays.com\/fr\/wp-json\/wp\/v2\/posts"}],"about":[{"href":"https:\/\/www.europesays.com\/fr\/wp-json\/wp\/v2\/types\/post"}],"author":[{"embeddable":true,"href":"https:\/\/www.europesays.com\/fr\/wp-json\/wp\/v2\/users\/2"}],"replies":[{"embeddable":true,"href":"https:\/\/www.europesays.com\/fr\/wp-json\/wp\/v2\/comments?post=473456"}],"version-history":[{"count":0,"href":"https:\/\/www.europesays.com\/fr\/wp-json\/wp\/v2\/posts\/473456\/revisions"}],"wp:featuredmedia":[{"embeddable":true,"href":"https:\/\/www.europesays.com\/fr\/wp-json\/wp\/v2\/media\/473457"}],"wp:attachment":[{"href":"https:\/\/www.europesays.com\/fr\/wp-json\/wp\/v2\/media?parent=473456"}],"wp:term":[{"taxonomy":"category","embeddable":true,"href":"https:\/\/www.europesays.com\/fr\/wp-json\/wp\/v2\/categories?post=473456"},{"taxonomy":"post_tag","embeddable":true,"href":"https:\/\/www.europesays.com\/fr\/wp-json\/wp\/v2\/tags?post=473456"}],"curies":[{"name":"wp","href":"https:\/\/api.w.org\/{rel}","templated":true}]}}