{"id":473465,"date":"2025-10-18T22:19:12","date_gmt":"2025-10-18T22:19:12","guid":{"rendered":"https:\/\/www.europesays.com\/fr\/473465\/"},"modified":"2025-10-18T22:19:12","modified_gmt":"2025-10-18T22:19:12","slug":"un-reseau-de-proxenetisme-demantele-par-les-gendarmes-dans-des-salons-de-massage-a-nancy-et-metz","status":"publish","type":"post","link":"https:\/\/www.europesays.com\/fr\/473465\/","title":{"rendered":"Un r\u00e9seau de prox\u00e9n\u00e9tisme d\u00e9mantel\u00e9 par les gendarmes dans des salons de massage \u00e0 Nancy et Metz"},"content":{"rendered":"<p>Le r\u00e9seau de prox\u00e9n\u00e9tisme for\u00e7ait des jeunes femmes chinoises \u00e0 se prostituer dans des salons de massage ouverts sept jours sur sept.<\/p>\n<p>Quatre personnes ont \u00e9t\u00e9 pr\u00e9sent\u00e9es au parquet, vendredi 17 octobre 2025, dans le cadre d\u2019une enqu\u00eate sur un <strong>r\u00e9seau de prox\u00e9n\u00e9tisme<\/strong> et de <strong>traite des \u00eatres humains<\/strong> dans des salons de massage, a annonc\u00e9 le procureur de la R\u00e9publique de Nancy Fran\u00e7ois Capin-Dulhoste.<\/p>\n<p>L\u2019enqu\u00eate, d\u00e9but\u00e9e en f\u00e9vrier 2025 et men\u00e9e par la <strong>section de recherches de Nancy<\/strong>, a r\u00e9v\u00e9l\u00e9 l\u2019existence d\u2019un syst\u00e8me organis\u00e9 d\u2019<strong>exploitation sexuelle de jeunes femmes chinoises. <\/strong>Elles se trouvaient contraintes \u00e0 se prostituer dans deux salons de massage \u00e0 Nancy et \u00e0 Metz. Des salons qui avaient ouverts respectivement en 2022 et 2023, a \u00e9galement indiqu\u00e9 le procureur dans un communiqu\u00e9.<\/p>\n<p>Les salons \u00e9taient ouverts sept jours sur sept. Ils recevaient ainsi cinq \u00e0 sept clients par jour. Ces derniers avaient pris rendez-vous directement au salon ou bien en appelant des num\u00e9ros de t\u00e9l\u00e9phones portables figurant sur des sites d\u2019annonces en ligne.<\/p>\n<p>Op\u00e9ration judiciaire coordonn\u00e9e<\/p>\n<p>Apr\u00e8s plusieurs mois de surveillance et d\u2019investigations, une op\u00e9ration judiciaire, coordonn\u00e9e par la section de recherches de Nancy et le Groupe interminist\u00e9riel de recherches (GIR) de Lorraine, a \u00e9t\u00e9 men\u00e9e lundi 13 octobre \u00e0 Metz, Nancy, Montreuil et Paris.<\/p>\n<p>Quatre personnes de nationalit\u00e9 chinoise, de la m\u00eame famille, ont ainsi \u00e9t\u00e9 interpell\u00e9es et plac\u00e9es en garde \u00e0 vue. Elles ont \u00e9t\u00e9 pr\u00e9sent\u00e9es vendredi au <a href=\"https:\/\/www.cours-appel.justice.fr\/nancy\" target=\"_blank\" rel=\"noopener\">parquet de Nancy<\/a> en vue d\u2019une comparution imm\u00e9diate des chefs de <strong>prox\u00e9n\u00e9tisme aggrav\u00e9<\/strong>, <strong>traite des \u00eatres humains<\/strong> et <strong>blanchiment<\/strong>. Lors des perquisitions, des objets de luxe, des liasses de billets et des comptes bancaires ont \u00e9t\u00e9 saisis pour un total de 250.000 euros.<\/p>\n<p>Soixante-dix clients identifi\u00e9s sont par ailleurs convoqu\u00e9s et entendus par les enqu\u00eateurs, a indiqu\u00e9 le procureur. Les femmes contraintes \u00e0 se prostituer ont quant \u00e0 elles \u00e9t\u00e9 orient\u00e9es vers une association.<\/p>\n<p><strong>(Avec l\u2019AFP)<\/strong><\/p>\n<p><strong>Lire aussi :\u00a0<\/strong><a href=\"https:\/\/lessor.org\/operationnel\/un-reseau-melant-traite-detres-humains-et-immigration-clandestine-demantele-a-mayotte\/\" target=\"_blank\" rel=\"noopener\"><strong>Un r\u00e9seau m\u00ealant traite d\u2019\u00eatres humains et immigration clandestine d\u00e9mantel\u00e9 \u00e0 Mayotte<\/strong><\/a><\/p>\n<p>\t\t\t\tLa question du mois<\/p>\n<p>Bruno Retailleau, pour lutter contre la violence et les narcotrafics en Guadeloupe, a confirm\u00e9 l\u2019installation de \u00ab deux escadrons de gendarmerie mobile, sans enlever le peloton de la garde r\u00e9publicaine \u00bb, mais aussi de \u00ab deux brigades nautiques \u00bb, une de gendarmerie et une de police respectivement en Basse-Terre \u00e0 Gourbeyre et \u00e0 Pointe-\u00e0-Pitre. Pensez-vous que cela sera une r\u00e9ponse satisfaisante ?<\/p>\n","protected":false},"excerpt":{"rendered":"Le r\u00e9seau de prox\u00e9n\u00e9tisme for\u00e7ait des jeunes femmes chinoises \u00e0 se prostituer dans des salons de massage ouverts&hellip;\n","protected":false},"author":2,"featured_media":473466,"comment_status":"","ping_status":"","sticky":false,"template":"","format":"standard","meta":{"footnotes":""},"categories":[9635],"tags":[1111,11,3849,309,17848,38399,34016,1067,1777,674,31998,1011,27,59676,59677,775,59678,59679,303,6212,1702,12,59680,59681,2899,21027,59682,25,59683,23698,5142,59684,59685,9673,59686],"class_list":{"0":"post-473465","1":"post","2":"type-post","3":"status-publish","4":"format-standard","5":"has-post-thumbnail","7":"category-nancy","8":"tag-actu","9":"tag-actualites","10":"tag-blanchiment","11":"tag-chine","12":"tag-chinois","13":"tag-comparution-immediate","14":"tag-demantelement","15":"tag-enquete","16":"tag-eu","17":"tag-europe","18":"tag-exploitation-sexuelle","19":"tag-fr","20":"tag-france","21":"tag-gir","22":"tag-gir-de-lorraine","23":"tag-grand-est","24":"tag-groupe-interministeriel-de-recherches-gir","25":"tag-investigations","26":"tag-justice","27":"tag-metz","28":"tag-nancy","29":"tag-news","30":"tag-operation-judiciaire","31":"tag-parquet-de-nancy","32":"tag-prostitution","33":"tag-proxenetisme","34":"tag-proxenetisme-aggrave","35":"tag-republique-francaise","36":"tag-reseau-de-proxenetisme","37":"tag-salon-de-massage","38":"tag-section-de-recherches","39":"tag-section-de-recherches-de-nancy","40":"tag-sr-de-nancy","41":"tag-surveillance","42":"tag-traite-des-etres-humains"},"share_on_mastodon":{"url":"","error":"Validation failed: Text character limit of 500 exceeded"},"_links":{"self":[{"href":"https:\/\/www.europesays.com\/fr\/wp-json\/wp\/v2\/posts\/473465","targetHints":{"allow":["GET"]}}],"collection":[{"href":"https:\/\/www.europesays.com\/fr\/wp-json\/wp\/v2\/posts"}],"about":[{"href":"https:\/\/www.europesays.com\/fr\/wp-json\/wp\/v2\/types\/post"}],"author":[{"embeddable":true,"href":"https:\/\/www.europesays.com\/fr\/wp-json\/wp\/v2\/users\/2"}],"replies":[{"embeddable":true,"href":"https:\/\/www.europesays.com\/fr\/wp-json\/wp\/v2\/comments?post=473465"}],"version-history":[{"count":0,"href":"https:\/\/www.europesays.com\/fr\/wp-json\/wp\/v2\/posts\/473465\/revisions"}],"wp:featuredmedia":[{"embeddable":true,"href":"https:\/\/www.europesays.com\/fr\/wp-json\/wp\/v2\/media\/473466"}],"wp:attachment":[{"href":"https:\/\/www.europesays.com\/fr\/wp-json\/wp\/v2\/media?parent=473465"}],"wp:term":[{"taxonomy":"category","embeddable":true,"href":"https:\/\/www.europesays.com\/fr\/wp-json\/wp\/v2\/categories?post=473465"},{"taxonomy":"post_tag","embeddable":true,"href":"https:\/\/www.europesays.com\/fr\/wp-json\/wp\/v2\/tags?post=473465"}],"curies":[{"name":"wp","href":"https:\/\/api.w.org\/{rel}","templated":true}]}}