{"id":473477,"date":"2025-10-18T22:29:21","date_gmt":"2025-10-18T22:29:21","guid":{"rendered":"https:\/\/www.europesays.com\/fr\/473477\/"},"modified":"2025-10-18T22:29:21","modified_gmt":"2025-10-18T22:29:21","slug":"saint-armel-les-ecoles-de-musique-dinteret-metropolitain","status":"publish","type":"post","link":"https:\/\/www.europesays.com\/fr\/473477\/","title":{"rendered":"Saint-Armel. Les \u00e9coles de musique d\u2019int\u00e9r\u00eat m\u00e9tropolitain\u00a0?"},"content":{"rendered":"<p>L\u2019Op\u00e9ra de Rennes et la salle du MusikHall \u00e0 Bruz sont d\u00e9finitivement class\u00e9s au titre des \u00e9quipements culturels d\u2019int\u00e9r\u00eat m\u00e9tropolitain. Les conseillers de Rennes m\u00e9tropole et municipaux l\u2019ont vot\u00e9 en 2024. \u00a0Cette d\u00e9cision, \u00e0 la base, fait suite \u00e0 une demande de la pr\u00e9fecture, elle n\u2019aura aucun impact pour la commune, c\u2019est une question de r\u00e9\u00e9quilibrage dans le qui g\u00e8re quoi\u00a0 a pr\u00e9cis\u00e9 la maire Morgane Madiot.<\/p>\n<p>Au conseil jeudi, l\u2019avis des \u00e9lus \u00e9tait demand\u00e9 sur le rapport d\u2019\u00e9valuation des charges transf\u00e9r\u00e9es au 1er\u00a0janvier 2025.<\/p>\n<p>Sur la base du rapport de la Commission locale d\u2019\u00e9valuation des charges transf\u00e9r\u00e9es, le conseil de Rennes m\u00e9tropole fixera l\u2019attribution de compensation d\u00e9finitive de la ville de Rennes apr\u00e8s ce transfert. Le conseil a approuv\u00e9 le rapport avec une remarque\u00a0: \u00a0pourquoi pas les \u00e9coles de musique\u00a0?\u00a0 La maire dit avoir \u00e9chang\u00e9 avec l\u2019\u00e9lue en charge de la culture \u00e0 Rennes m\u00e9tropole\u00a0: \u00a0Des \u00e9tudes sont en cours, un audit va \u00eatre r\u00e9alis\u00e9 pour ensuite trouver des solutions.\u00a0. Les \u00e9lus sont unanimes\u00a0: \u00a0Nous avons tout int\u00e9r\u00eat \u00e0 avoir une mutualisation, tout devient compliqu\u00e9 pour nos \u00e9coles de musique, d\u2019o\u00f9 notre proposition\u00a0.<\/p>\n<p>\u00a0<\/p>\n","protected":false},"excerpt":{"rendered":"L\u2019Op\u00e9ra de Rennes et la salle du MusikHall \u00e0 Bruz sont d\u00e9finitivement class\u00e9s au titre des \u00e9quipements culturels&hellip;\n","protected":false},"author":2,"featured_media":473478,"comment_status":"","ping_status":"","sticky":false,"template":"","format":"standard","meta":{"footnotes":""},"categories":[2821],"tags":[1111,11,829,4019,1777,674,1011,27,7916,52535,873,12,584,25,59690],"class_list":{"0":"post-473477","1":"post","2":"type-post","3":"status-publish","4":"format-standard","5":"has-post-thumbnail","7":"category-rennes","8":"tag-actu","9":"tag-actualites","10":"tag-bretagne","11":"tag-ecoles","12":"tag-eu","13":"tag-europe","14":"tag-fr","15":"tag-france","16":"tag-interet","17":"tag-metropolitain","18":"tag-musique","19":"tag-news","20":"tag-rennes","21":"tag-republique-francaise","22":"tag-saint-armel"},"share_on_mastodon":{"url":"https:\/\/pubeurope.com\/@fr\/115397536243461916","error":""},"_links":{"self":[{"href":"https:\/\/www.europesays.com\/fr\/wp-json\/wp\/v2\/posts\/473477","targetHints":{"allow":["GET"]}}],"collection":[{"href":"https:\/\/www.europesays.com\/fr\/wp-json\/wp\/v2\/posts"}],"about":[{"href":"https:\/\/www.europesays.com\/fr\/wp-json\/wp\/v2\/types\/post"}],"author":[{"embeddable":true,"href":"https:\/\/www.europesays.com\/fr\/wp-json\/wp\/v2\/users\/2"}],"replies":[{"embeddable":true,"href":"https:\/\/www.europesays.com\/fr\/wp-json\/wp\/v2\/comments?post=473477"}],"version-history":[{"count":0,"href":"https:\/\/www.europesays.com\/fr\/wp-json\/wp\/v2\/posts\/473477\/revisions"}],"wp:featuredmedia":[{"embeddable":true,"href":"https:\/\/www.europesays.com\/fr\/wp-json\/wp\/v2\/media\/473478"}],"wp:attachment":[{"href":"https:\/\/www.europesays.com\/fr\/wp-json\/wp\/v2\/media?parent=473477"}],"wp:term":[{"taxonomy":"category","embeddable":true,"href":"https:\/\/www.europesays.com\/fr\/wp-json\/wp\/v2\/categories?post=473477"},{"taxonomy":"post_tag","embeddable":true,"href":"https:\/\/www.europesays.com\/fr\/wp-json\/wp\/v2\/tags?post=473477"}],"curies":[{"name":"wp","href":"https:\/\/api.w.org\/{rel}","templated":true}]}}