{"id":473483,"date":"2025-10-18T22:33:11","date_gmt":"2025-10-18T22:33:11","guid":{"rendered":"https:\/\/www.europesays.com\/fr\/473483\/"},"modified":"2025-10-18T22:33:11","modified_gmt":"2025-10-18T22:33:11","slug":"mma-coup-de-tonnerre-au-zenith-de-strasbourg-baki-k-o-devant-son-public","status":"publish","type":"post","link":"https:\/\/www.europesays.com\/fr\/473483\/","title":{"rendered":"MMA. Coup de tonnerre au Z\u00e9nith de Strasbourg, Baki K.-O. devant son public"},"content":{"rendered":"<p>C\u2019\u00e9tait une opportunit\u00e9 potentiellement unique. \u00ab\u00a0Combattre ici, chez moi, \u00e7a ne se repr\u00e9sentera peut-\u00eatre plus\u00a0\u00bb, soulignait ainsi Baki avant l\u2019\u00e9v\u00e9nement.<\/p>\n<p>Devant son public, ces quelque 8000 personnes venues\u00a0le soutenir au Z\u00e9nith de Strasbourg ce samedi, le combattant haguenovien se savait tr\u00e8s attendu. Car il d\u00e9fendait sa ceinture de l&rsquo;ARES des mi-moyens (-77 kg), conquise par K.-O., au mois de mai face au Br\u00e9silien Thiago Silva.<\/p>\n<p>L&rsquo;outsider a progressivement pris confiance<\/p>\n<p>Il avait promis l\u2019enfer dans la cage \u00e0 son challenger, Jordan Zebo, le seul parmi les combattants de l\u2019ARES \u00e0 avoir voulu l\u2019affronter.\u00a0L&rsquo;Alsacien a d&rsquo;abord sembl\u00e9 prendre le meilleur sur son adversaire. Mais l&rsquo;outsider a progressivement pris confiance.<\/p>\n<p>Ce contenu est bloqu\u00e9 car vous n&rsquo;avez pas accept\u00e9 les cookies et autres traceurs.<\/p>\n<p>En cliquant sur \u00ab J\u2019accepte \u00bb, les cookies et autres traceurs seront d\u00e9pos\u00e9s et vous pourrez visualiser les contenus  (<a href=\"\" class=\"consentModule_policy\" target=\"_blank\" title=\"Consulter la politique de protection des donn\u00e9es du fournisseur\">plus d&rsquo;informations<\/a>).<\/p>\n<p>En cliquant sur \u00ab J\u2019accepte tous les cookies \u00bb, vous autorisez des d\u00e9p\u00f4ts de cookies et autres traceurs pour le stockage de vos donn\u00e9es sur nos sites et applications \u00e0 des fins de personnalisation et de ciblage publicitaire.<\/p>\n<p class=\"consentModule_secondaryText\">Vous gardez la possibilit\u00e9 de retirer votre consentement \u00e0 tout moment en consultant notre <a href=\"https:\/\/www.dna.fr\/protection-des-donnees\" target=\"_blank\" title=\"Consulter notre politique de protection des donn\u00e9es\" rel=\"noopener\">politique de protection des donn\u00e9es<\/a>. <br \/>&#13;<br \/>\n            <a href=\"https:\/\/www.dna.fr\/sport\/2025\/10\/18\/javascript:Didomi.notice.show()\" class=\"consentModule_cmp\" target=\"_blank\" rel=\"noopener\">G\u00e9rer mes choix<\/a>&#13;\n        <\/p>\n<p>&#13;<br \/>\n                        J&rsquo;accepte&#13;<br \/>\n            J&rsquo;accepte tous les cookies&#13;\n        <\/p>\n<p>Et l&rsquo;improbable s&rsquo;est produit au milieu du quatri\u00e8me round. Baki, malmen\u00e9, a \u00e9t\u00e9 mis K.-O. et le Z\u00e9nith s&rsquo;est tu.<\/p>\n<p>Cette premi\u00e8re d\u00e9faite constitue un coup d&rsquo;arr\u00eat pour le Haguenovien, qui perd sa ceinture de l&rsquo;ARES. Le PFL et l&rsquo;UFC, les prestigieuses Ligues qu&rsquo;il voulait int\u00e9grer vont peut-\u00eatre attendre un peu.<\/p>\n<p>  Les deux autres Alsaciens en lice l&rsquo;ont emport\u00e9<\/p>\n<p>Deux autres Alsaciens \u00e9taient aussi \u00e0 l\u2019affiche de l\u2019ARES 35. Pour son premier combat en MMA (-81 kg), le Strasbourgeois Bilal Bakhouche-Chareuf, quintuple champion du monde en boxe pieds-poings, a foudroy\u00e9 d&rsquo;un crochet du gauche Tomy Blanco, K.-O. apr\u00e8s seulement 22 secondes, lors du\u00a0premier duel de la soir\u00e9e.<\/p>\n<p>Maher Belkhadir (-70 kg), son partenaire d&rsquo;entra\u00eenement \u00e0 l&rsquo;Apex Training, la salle dirig\u00e9e par Rapha\u00ebl Berthet \u00e0 Strasbourg, l&rsquo;a imit\u00e9 quelques instants plus tard. Pour sa premi\u00e8re apparition \u00e0 l&rsquo;ARES, le Haguenovien a mis K.-O. l&rsquo;Allemand Dejan Ovuka apr\u00e8s seulement 1&rsquo;48 dans le premier round, remportant sa troisi\u00e8me victoire chez les pros.<\/p>\n<p>Parmi les autres membres de la Team Grand Est, le Spinalien Pierre Manzo (-77 kg), qui faisait aussi ses grands d\u00e9buts en MMA, a domin\u00e9 Alpha Ly par soumission lors du premier round. Invit\u00e9 sur la main card, le jeune Forbachois Noah Gugnon (-70 kg) a fait forte impression en s&rsquo;imposant par K.-O., d\u00e8s le premier round, face au Roumain Adrian Prisceanu.<\/p>\n","protected":false},"excerpt":{"rendered":"C\u2019\u00e9tait une opportunit\u00e9 potentiellement unique. \u00ab\u00a0Combattre ici, chez moi, \u00e7a ne se repr\u00e9sentera peut-\u00eatre plus\u00a0\u00bb, soulignait ainsi Baki&hellip;\n","protected":false},"author":2,"featured_media":473484,"comment_status":"","ping_status":"","sticky":false,"template":"","format":"standard","meta":{"footnotes":""},"categories":[2820],"tags":[1111,11,2389,2649,1777,674,107,1701,1011,27,329,775,1847,12,25,517,21508,640],"class_list":{"0":"post-473483","1":"post","2":"type-post","3":"status-publish","4":"format-standard","5":"has-post-thumbnail","7":"category-strasbourg","8":"tag-actu","9":"tag-actualites","10":"tag-alsace","11":"tag-bas-rhin","12":"tag-eu","13":"tag-europe","14":"tag-fil-info","15":"tag-fil-info-sport","16":"tag-fr","17":"tag-france","18":"tag-france-monde","19":"tag-grand-est","20":"tag-mma","21":"tag-news","22":"tag-republique-francaise","23":"tag-sport","24":"tag-sports-de-combat","25":"tag-strasbourg"},"share_on_mastodon":{"url":"https:\/\/pubeurope.com\/@fr\/115397551992123963","error":""},"_links":{"self":[{"href":"https:\/\/www.europesays.com\/fr\/wp-json\/wp\/v2\/posts\/473483","targetHints":{"allow":["GET"]}}],"collection":[{"href":"https:\/\/www.europesays.com\/fr\/wp-json\/wp\/v2\/posts"}],"about":[{"href":"https:\/\/www.europesays.com\/fr\/wp-json\/wp\/v2\/types\/post"}],"author":[{"embeddable":true,"href":"https:\/\/www.europesays.com\/fr\/wp-json\/wp\/v2\/users\/2"}],"replies":[{"embeddable":true,"href":"https:\/\/www.europesays.com\/fr\/wp-json\/wp\/v2\/comments?post=473483"}],"version-history":[{"count":0,"href":"https:\/\/www.europesays.com\/fr\/wp-json\/wp\/v2\/posts\/473483\/revisions"}],"wp:featuredmedia":[{"embeddable":true,"href":"https:\/\/www.europesays.com\/fr\/wp-json\/wp\/v2\/media\/473484"}],"wp:attachment":[{"href":"https:\/\/www.europesays.com\/fr\/wp-json\/wp\/v2\/media?parent=473483"}],"wp:term":[{"taxonomy":"category","embeddable":true,"href":"https:\/\/www.europesays.com\/fr\/wp-json\/wp\/v2\/categories?post=473483"},{"taxonomy":"post_tag","embeddable":true,"href":"https:\/\/www.europesays.com\/fr\/wp-json\/wp\/v2\/tags?post=473483"}],"curies":[{"name":"wp","href":"https:\/\/api.w.org\/{rel}","templated":true}]}}