{"id":473487,"date":"2025-10-18T22:35:10","date_gmt":"2025-10-18T22:35:10","guid":{"rendered":"https:\/\/www.europesays.com\/fr\/473487\/"},"modified":"2025-10-18T22:35:10","modified_gmt":"2025-10-18T22:35:10","slug":"arreter-le-match-a-cause-dinsultes-contre-daech-inacceptable-pour-nice-ligue-1-j8-nice-lyon-3-2","status":"publish","type":"post","link":"https:\/\/www.europesays.com\/fr\/473487\/","title":{"rendered":"Arr\u00eater le match \u00e0 cause d&rsquo;insultes contre Daech, \u00ab\u00a0inacceptable\u00a0\u00bb pour Nice &#8211; Ligue 1 &#8211; J8 &#8211; Nice-Lyon (3-2)"},"content":{"rendered":"<p>\u00ab\u202fL\u2019histoire retiendra qu\u2019un match de Ligue 1 a \u00e9t\u00e9 arr\u00eat\u00e9 par un arbitre apr\u00e8s qu\u2019un public a eu des mots licencieux envers une organisation terroriste.\u202f\u00bb<\/p>\n<p>Voil\u00e0 comment d\u00e9bute <a target=\"_blank\" href=\"https:\/\/www.ogcnice.com\/fr\/article\/129356\/inacceptable.html\" rel=\"nofollow noopener\">le communiqu\u00e9 publi\u00e9 par l\u2019OGC Nice<\/a> ce samedi. L\u2019arbitre J\u00e9r\u00f4me Brisard a stopp\u00e9 <a target=\"_blank\" href=\"https:\/\/www.sofoot.com\/breves\/ligue-1-nice-ebouriffe-lyon\" rel=\"nofollow noopener\">la rencontre face \u00e0 Lyon<\/a> au moment o\u00f9 les supporters ni\u00e7ois se sont mis \u00e0<strong> insulter Daech, une habitude depuis l\u2019attentat du 14 juillet 2016<\/strong>, qui avait co\u00fbt\u00e9 la vie \u00e0 86 personnes sur la Promenade des Anglais. \u00ab\u00a0Inacceptable\u00a0\u00bb pour le pr\u00e9sident du Gym, Fabrice Bocquet. \u00ab\u00a0C\u2019est<strong> un manque de respect pour les victimes du 14 juillet<\/strong>, leurs familles, et toute la ville de Nice\u00a0\u00bb, explique-t-il sur le site du club.<\/p>\n<p>\u00ab\u202fCette interruption du jeu, comme l\u2019ultimatum fait \u00e0 notre speaker de prendre le micro pour faire cesser cette manifestation sous peine que le match ne reprenne pas n\u2019auraient jamais du arriver, poursuit le pr\u00e9sident. L\u2019arbitre m\u2019a dit ne pas \u00eatre au courant et avoir voulu appliquer les consignes qui sont faites. C\u2019est <strong>un manque de pr\u00e9paration et de sensibilit\u00e9<\/strong>, et cela n\u2019aurait jamais se produire, ce que le d\u00e9l\u00e9gu\u00e9 a convenu. <strong>L\u2019arbitre a pr\u00e9sent\u00e9 ses excuses<\/strong>.\u00a0\u00bb\u00a0Le Gym assure qu\u2019il fera le n\u00e9cessaire \u00ab\u202faupr\u00e8s de la FFF, de Philippe Diallo et d\u2019Anthony Gautier\u202f\u00bb pour qu\u2019un tel incident ne se reproduise plus.<\/p>\n<p>Les politiques ont \u00e9galement r\u00e9agi, parmi lesquels le candidat \u00e0 la mairie Eric Ciotti, qui d\u00e9nonce un \u00ab\u202fmanque total de discernement\u202f\u00bb. Une fois n\u2019est pas coutume, le maire sortant Christian Estrosi \u00e9tait d\u2019accord avec lui. Il a regrett\u00e9 sur X une \u00ab\u202fd\u00e9cision totalement incompr\u00e9hensible\u202f\u00bb, ajoutant qu\u2019 \u00ab\u202fun peu de pr\u00e9paration et de discernement ne feraient pas de mal dans ces situations\u202f\u00bb.<\/p>\n<p>\t\t\t\t\t\t\t\t\t\t<a class=\"lien-connexe\" href=\"https:\/\/www.sofoot.com\/breves\/ligue-1-nice-ebouriffe-lyon\" rel=\"nofollow noopener\" target=\"_blank\">Nice \u00e9bouriffe l&rsquo;OL<\/a>\t\t\t\t\t<\/p>\n","protected":false},"excerpt":{"rendered":"\u00ab\u202fL\u2019histoire retiendra qu\u2019un match de Ligue 1 a \u00e9t\u00e9 arr\u00eat\u00e9 par un arbitre apr\u00e8s qu\u2019un public a eu&hellip;\n","protected":false},"author":2,"featured_media":473488,"comment_status":"","ping_status":"","sticky":false,"template":"","format":"standard","meta":{"footnotes":""},"categories":[2819],"tags":[1111,47,11,61,69,65,64,1777,674,63,1011,27,68,66,12,62,2401,70,882,25,67],"class_list":{"0":"post-473487","1":"post","2":"type-post","3":"status-publish","4":"format-standard","5":"has-post-thumbnail","7":"category-nice","8":"tag-actu","9":"tag-actualite","10":"tag-actualites","11":"tag-actus-football","12":"tag-bundesliga","13":"tag-championnats-europeens","14":"tag-equipe-de-france","15":"tag-eu","16":"tag-europe","17":"tag-football","18":"tag-fr","19":"tag-france","20":"tag-ligua","21":"tag-ligue-1","22":"tag-news","23":"tag-news-foot","24":"tag-nice","25":"tag-premier-league","26":"tag-provence-alpes-cote-dazur","27":"tag-republique-francaise","28":"tag-serie-a"},"share_on_mastodon":{"url":"https:\/\/pubeurope.com\/@fr\/115397559814520604","error":""},"_links":{"self":[{"href":"https:\/\/www.europesays.com\/fr\/wp-json\/wp\/v2\/posts\/473487","targetHints":{"allow":["GET"]}}],"collection":[{"href":"https:\/\/www.europesays.com\/fr\/wp-json\/wp\/v2\/posts"}],"about":[{"href":"https:\/\/www.europesays.com\/fr\/wp-json\/wp\/v2\/types\/post"}],"author":[{"embeddable":true,"href":"https:\/\/www.europesays.com\/fr\/wp-json\/wp\/v2\/users\/2"}],"replies":[{"embeddable":true,"href":"https:\/\/www.europesays.com\/fr\/wp-json\/wp\/v2\/comments?post=473487"}],"version-history":[{"count":0,"href":"https:\/\/www.europesays.com\/fr\/wp-json\/wp\/v2\/posts\/473487\/revisions"}],"wp:featuredmedia":[{"embeddable":true,"href":"https:\/\/www.europesays.com\/fr\/wp-json\/wp\/v2\/media\/473488"}],"wp:attachment":[{"href":"https:\/\/www.europesays.com\/fr\/wp-json\/wp\/v2\/media?parent=473487"}],"wp:term":[{"taxonomy":"category","embeddable":true,"href":"https:\/\/www.europesays.com\/fr\/wp-json\/wp\/v2\/categories?post=473487"},{"taxonomy":"post_tag","embeddable":true,"href":"https:\/\/www.europesays.com\/fr\/wp-json\/wp\/v2\/tags?post=473487"}],"curies":[{"name":"wp","href":"https:\/\/api.w.org\/{rel}","templated":true}]}}