{"id":473489,"date":"2025-10-18T22:37:32","date_gmt":"2025-10-18T22:37:32","guid":{"rendered":"https:\/\/www.europesays.com\/fr\/473489\/"},"modified":"2025-10-18T22:37:32","modified_gmt":"2025-10-18T22:37:32","slug":"cinquieme-victoire-de-rang-des-lyonnaises-en-championnat","status":"publish","type":"post","link":"https:\/\/www.europesays.com\/fr\/473489\/","title":{"rendered":"cinqui\u00e8me victoire de rang des Lyonnaises en championnat"},"content":{"rendered":"<p>L&rsquo;OL Lyonnes recevait Nantes ce samedi \u00e0 21 heures au Groupama Stadium. Vainqueurs de leurs six premiers matchs de la saison, en Premi\u00e8re Ligue et en Ligue des champions, les Fenottes ont maintenu leur niveau en s&rsquo;imposant sans trembler, 6-1 face \u00e0 des Canaries d\u00e9munies. Avec 30 tirs, 8 corners et une possession de balle de 71 %, les Feunottes n&rsquo;ont laiss\u00e9 aucune chance aux Nantaises. Revivez le film de leur victoire.<\/p>\n<p>&#13;<br \/>\n              Gary Genin &#8211; &#13;<br \/>\n        &#13;<br \/>\n          Hier \u00e0 20:30&#13;<br \/>\n    &#13;<br \/>\n                  | mis \u00e0 jour hier \u00e0 23:09&#13;<br \/>\n              &#8211; Temps de lecture : &#13;<br \/>\n  &#13;\n<\/p>\n<p>                        &#13;<br \/>\n    &#13;<br \/>\n    &#13;<br \/>\n    <a href=\"https:\/\/cdn-s-www.leprogres.fr\/images\/35F7AF6D-7C10-4A49-BCC0-13F2CF7B0955\/NW_raw\/carina-brunold-et-lily-yohannes-photo-richard-mouillaud-1760716862.jpg\" title=\"Carina Brunold et Lily Yohannes Photo Richard Mouillaud\" class=\"chocolat-image GA-tracking\" data-ga_type=\"click\" data-ga_category=\"D\u00e9tail\" data-ga_action=\"zoomer\" data-ga_label=\"aggrandir image\" target=\"_blank\" rel=\"noopener\">&#13;<br \/>\n        <img src=\"https:\/\/www.europesays.com\/fr\/wp-content\/uploads\/2025\/10\/carina-brunold-et-lily-yohannes-photo-richard-mouillaud-1760716862.jpg\"   alt=\"Carina Brunold et Lily Yohannes Photo Richard Mouillaud\" fetchpriority=\"high\" decoding=\"async\" data-mobile=\"NW_detail_M|1760716862\" data-base=\"NW_detail|1760716862\"\/>&#13;<br \/>\n    <\/a>&#13;<\/p>\n<p>\u00a0Carina Brunold et Lily Yohannes Photo Richard Mouillaud<\/p>\n","protected":false},"excerpt":{"rendered":"L&rsquo;OL Lyonnes recevait Nantes ce samedi \u00e0 21 heures au Groupama Stadium. Vainqueurs de leurs six premiers matchs&hellip;\n","protected":false},"author":2,"featured_media":473490,"comment_status":"","ping_status":"","sticky":false,"template":"","format":"standard","meta":{"footnotes":""},"categories":[2818],"tags":[1111,11,3545,1777,674,107,63,1011,27,2428,766,12,2755,23153,2636,25,2429,517],"class_list":{"0":"post-473489","1":"post","2":"type-post","3":"status-publish","4":"format-standard","5":"has-post-thumbnail","7":"category-nantes","8":"tag-actu","9":"tag-actualites","10":"tag-direct-sport","11":"tag-eu","12":"tag-europe","13":"tag-fil-info","14":"tag-football","15":"tag-fr","16":"tag-france","17":"tag-lyon","18":"tag-nantes","19":"tag-news","20":"tag-ol-olympique-lyonnais-football","21":"tag-ol-lyonnes-olympique-lyonnais-feminin","22":"tag-pays-de-la-loire","23":"tag-republique-francaise","24":"tag-rhone","25":"tag-sport"},"share_on_mastodon":{"url":"https:\/\/pubeurope.com\/@fr\/115397568227022659","error":""},"_links":{"self":[{"href":"https:\/\/www.europesays.com\/fr\/wp-json\/wp\/v2\/posts\/473489","targetHints":{"allow":["GET"]}}],"collection":[{"href":"https:\/\/www.europesays.com\/fr\/wp-json\/wp\/v2\/posts"}],"about":[{"href":"https:\/\/www.europesays.com\/fr\/wp-json\/wp\/v2\/types\/post"}],"author":[{"embeddable":true,"href":"https:\/\/www.europesays.com\/fr\/wp-json\/wp\/v2\/users\/2"}],"replies":[{"embeddable":true,"href":"https:\/\/www.europesays.com\/fr\/wp-json\/wp\/v2\/comments?post=473489"}],"version-history":[{"count":0,"href":"https:\/\/www.europesays.com\/fr\/wp-json\/wp\/v2\/posts\/473489\/revisions"}],"wp:featuredmedia":[{"embeddable":true,"href":"https:\/\/www.europesays.com\/fr\/wp-json\/wp\/v2\/media\/473490"}],"wp:attachment":[{"href":"https:\/\/www.europesays.com\/fr\/wp-json\/wp\/v2\/media?parent=473489"}],"wp:term":[{"taxonomy":"category","embeddable":true,"href":"https:\/\/www.europesays.com\/fr\/wp-json\/wp\/v2\/categories?post=473489"},{"taxonomy":"post_tag","embeddable":true,"href":"https:\/\/www.europesays.com\/fr\/wp-json\/wp\/v2\/tags?post=473489"}],"curies":[{"name":"wp","href":"https:\/\/api.w.org\/{rel}","templated":true}]}}