{"id":473493,"date":"2025-10-18T22:39:24","date_gmt":"2025-10-18T22:39:24","guid":{"rendered":"https:\/\/www.europesays.com\/fr\/473493\/"},"modified":"2025-10-18T22:39:24","modified_gmt":"2025-10-18T22:39:24","slug":"le-debrief-a-chaud-de-bordeaux-vendee-fc-la-roche-3-0","status":"publish","type":"post","link":"https:\/\/www.europesays.com\/fr\/473493\/","title":{"rendered":"Le D\u00e9brief \u00e0 Chaud de Bordeaux-Vend\u00e9e FC la Roche (3-0)"},"content":{"rendered":"<p>\n    18\/10 &#8211; 21:23 | Par Nicolas Pietrelli | Il y a<br \/>\n    3 heures\n  <\/p>\n<p><strong>Suivez le D\u00e9brief \u00e0 Chaud du match de National 2 (8e journ\u00e9e) entre les Girondins de Bordeaux et Vend\u00e9e FC la Roche-sur-Yon avec Nicolas Pietrelli de WebGirondins, Fred Si\u00e8ze et Patrice, Romain et Samuel Vaslin. Laurent Crocis de L&rsquo;\u00c9quipe sera en duplex du Stade Atlantique. Saison 2025-2026.<\/strong><\/p>\n<p>    <a href=\"https:\/\/www.webgirondins.com\/actualites-categorie-le-debrief-88\" target=\"_blank\" rel=\"noopener\">#Le D\u00e9brief<\/a><\/p>\n<p>  COMMENTAIRES<br \/>\n  ()<\/p>\n","protected":false},"excerpt":{"rendered":"18\/10 &#8211; 21:23 | Par Nicolas Pietrelli | Il y a 3 heures Suivez le D\u00e9brief \u00e0 Chaud&hellip;\n","protected":false},"author":2,"featured_media":323589,"comment_status":"","ping_status":"","sticky":false,"template":"","format":"standard","meta":{"footnotes":""},"categories":[2817],"tags":[1111,11,3396,1997,6100,12111,2834,1777,674,1011,27,10434,1987,3465,955,3238,12,3957,2219,25184,17676,25,6689,18140,16527,5237,2546,5238],"class_list":{"0":"post-473493","1":"post","2":"type-post","3":"status-publish","4":"format-standard","5":"has-post-thumbnail","7":"category-bordeaux","8":"tag-actu","9":"tag-actualites","10":"tag-avec","11":"tag-bordeaux","12":"tag-chaud","13":"tag-debrief","14":"tag-entre","15":"tag-eu","16":"tag-europe","17":"tag-fr","18":"tag-france","19":"tag-fred","20":"tag-girondins","21":"tag-journee","22":"tag-match","23":"tag-national","24":"tag-news","25":"tag-nicolas","26":"tag-nouvelle-aquitaine","27":"tag-patrice","28":"tag-pietrelli","29":"tag-republique-francaise","30":"tag-roche","31":"tag-romain","32":"tag-sieze","33":"tag-suivez","34":"tag-vendee","35":"tag-webgirondins"},"share_on_mastodon":{"url":"https:\/\/pubeurope.com\/@fr\/115397575644163007","error":""},"_links":{"self":[{"href":"https:\/\/www.europesays.com\/fr\/wp-json\/wp\/v2\/posts\/473493","targetHints":{"allow":["GET"]}}],"collection":[{"href":"https:\/\/www.europesays.com\/fr\/wp-json\/wp\/v2\/posts"}],"about":[{"href":"https:\/\/www.europesays.com\/fr\/wp-json\/wp\/v2\/types\/post"}],"author":[{"embeddable":true,"href":"https:\/\/www.europesays.com\/fr\/wp-json\/wp\/v2\/users\/2"}],"replies":[{"embeddable":true,"href":"https:\/\/www.europesays.com\/fr\/wp-json\/wp\/v2\/comments?post=473493"}],"version-history":[{"count":0,"href":"https:\/\/www.europesays.com\/fr\/wp-json\/wp\/v2\/posts\/473493\/revisions"}],"wp:featuredmedia":[{"embeddable":true,"href":"https:\/\/www.europesays.com\/fr\/wp-json\/wp\/v2\/media\/323589"}],"wp:attachment":[{"href":"https:\/\/www.europesays.com\/fr\/wp-json\/wp\/v2\/media?parent=473493"}],"wp:term":[{"taxonomy":"category","embeddable":true,"href":"https:\/\/www.europesays.com\/fr\/wp-json\/wp\/v2\/categories?post=473493"},{"taxonomy":"post_tag","embeddable":true,"href":"https:\/\/www.europesays.com\/fr\/wp-json\/wp\/v2\/tags?post=473493"}],"curies":[{"name":"wp","href":"https:\/\/api.w.org\/{rel}","templated":true}]}}