{"id":473494,"date":"2025-10-18T22:40:12","date_gmt":"2025-10-18T22:40:12","guid":{"rendered":"https:\/\/www.europesays.com\/fr\/473494\/"},"modified":"2025-10-18T22:40:12","modified_gmt":"2025-10-18T22:40:12","slug":"un-mort-apres-lexplosion-et-lincendie-dun-immeuble-a-toulouse-ce-que-dit-lenquete","status":"publish","type":"post","link":"https:\/\/www.europesays.com\/fr\/473494\/","title":{"rendered":"Un mort apr\u00e8s l&rsquo;explosion et l&rsquo;incendie d&rsquo;un immeuble \u00e0 Toulouse : ce que dit l&rsquo;enqu\u00eate"},"content":{"rendered":"<p>            Par<br \/>\n        <strong><br \/>\n            <a href=\"https:\/\/actu.fr\/auteur\/marie-lamarque\" title=\"Consulter tous les articles de Marie Lamarque\" rel=\"nofollow noopener\" target=\"_blank\">Marie Lamarque<\/a><br \/>\n        <\/strong><\/p>\n<p>        Publi\u00e9 le<\/p>\n<p>            18 oct. 2025 \u00e0 15h44        <\/p>\n<p>Un important dispositif de secours a \u00e9t\u00e9 <a href=\"https:\/\/actu.fr\/occitanie\/toulouse_31555\/une-explosion-et-un-feu-d-appartement-dans-un-quartier-de-toulouse-gros-dispositif-de-pompiers-en-cours_63316559.html\" rel=\"nofollow noopener\" target=\"_blank\">mobilis\u00e9 dans le quartier Soupetard<\/a>, \u00e0 l\u2019est de <a href=\"https:\/\/actu.fr\/toulouse\/\" rel=\"nofollow noopener\" target=\"_blank\">Toulouse<\/a>, ce vendredi 17 octobre 2025. En cause, <strong>une explosion, suivie d\u2019un incendie<\/strong> survenu dans un immeuble au cours de l\u2019apr\u00e8s-midi. <strong>Une personne est d\u00e9c\u00e9d\u00e9e<\/strong>. Une enqu\u00eate a \u00e9t\u00e9 ouverte afin de d\u00e9terminer les causes de ce drame. Que sait-on au lendemain des faits ?<\/p>\n<p>#1. Une explosion due au gaz<\/p>\n<p class=\" wall-content\">Selon les \u00e9l\u00e9ments recueillis sur place par Actu Toulouse, l\u2019explosion survenue aux alentours de 15h30 ce vendredi apr\u00e8s-midi \u00e9tait due au gaz. Cette derni\u00e8re s\u2019est d\u00e9clench\u00e9e dans un appartement de 50 m\u00b2 au premier \u00e9tage de la r\u00e9sidence qui en comporte trois et qui se situe rue Jean-Poncelet.<\/p>\n<p>    <a href=\"https:\/\/www.google.com\/maps\/embed?pb=!1m18!1m12!1m3!1d361.0791791656089!2d1.4711671684505807!3d43.614173470983324!2m3!1f0!2f0!3f0!3m2!1i1024!2i768!4f13.1!3m3!1m2!1s0x12aebcc4a30d4c73%3A0xfb4ffe95b37310b1!2sRue%20Jean%20Poncelet%2C%2031500%20Toulouse!5e0!3m2!1sfr!2sfr!4v1760793427190!5m2!1sfr!2sfr\" title=\"Ouvrie le lien\" rel=\"nofollow noopener\" target=\"_blank\">Cliquez ici pour visualiser le contenu<\/a><\/p>\n<p>#2. L\u2019immeuble \u00e9vacu\u00e9<\/p>\n<p class=\" wall-content\">Tout l\u2019immeuble a d\u00fb \u00eatre \u00e9vacu\u00e9 en raison des d\u00e9g\u00e2ts. \u00ab\u00a0Beaucoup de vitres ont vol\u00e9 en \u00e9clats\u00a0\u00bb, d\u00e9crit une source polici\u00e8re d\u2019Actu Toulouse. Les habitants des 13 appartements de cette r\u00e9sidence ont d\u00fb \u00eatre relog\u00e9s.<\/p>\n<p>#3. Une personne d\u00e9c\u00e9d\u00e9e<\/p>\n<p class=\" wall-content\">Sur place, les secours ont rapidement pris en charge une personne, \u00e2g\u00e9e de 45 ans, en arr\u00eat cardiorespiratoire. Mais malgr\u00e9 les soins apport\u00e9s, cet homme, qui se trouvait dans l\u2019appartement o\u00f9 l\u2019explosion a eu lieu, est d\u00e9c\u00e9d\u00e9.<\/p>\n<p>#4. La th\u00e8se du suicide privil\u00e9gi\u00e9e<\/p>\n<p class=\" wall-content\">Apr\u00e8s constatations sur les lieux et analyse de la personnalit\u00e9 de la victime, les enqu\u00eateurs se penchent <strong>sur la th\u00e8se d\u2019un suicide<\/strong>.\u00a0<\/p>\n<p class=\" wall-content\">Personnalisez votre actualit\u00e9 en ajoutant vos villes et m\u00e9dias en favori avec <a href=\"https:\/\/moncompte.actu.fr\" title=\"D\u00e9couvez Mon Actu\" rel=\"nofollow noopener\" data-trk=\"{&quot;cta&quot;:{&quot;action&quot;:&quot;https:\\\/\\\/moncompte.actu.fr&quot;,&quot;category&quot;:&quot;mon compte&quot;,&quot;from&quot;:&quot;article footer&quot;,&quot;name&quot;:&quot;Mon actu&quot;,&quot;type&quot;:&quot;cta&quot;}}\" target=\"_blank\">Mon Actu<\/a>.<\/p>\n","protected":false},"excerpt":{"rendered":"Par Marie Lamarque Publi\u00e9 le 18 oct. 2025 \u00e0 15h44 Un important dispositif de secours a \u00e9t\u00e9 mobilis\u00e9&hellip;\n","protected":false},"author":2,"featured_media":473495,"comment_status":"","ping_status":"","sticky":false,"template":"","format":"standard","meta":{"footnotes":""},"categories":[2816],"tags":[1111,11,1777,674,118,1011,27,12,2680,1072,1311,25,2312],"class_list":{"0":"post-473494","1":"post","2":"type-post","3":"status-publish","4":"format-standard","5":"has-post-thumbnail","7":"category-toulouse","8":"tag-actu","9":"tag-actualites","10":"tag-eu","11":"tag-europe","12":"tag-faits-divers","13":"tag-fr","14":"tag-france","15":"tag-news","16":"tag-occitanie","17":"tag-police","18":"tag-pompiers","19":"tag-republique-francaise","20":"tag-toulouse"},"share_on_mastodon":{"url":"https:\/\/pubeurope.com\/@fr\/115397579543263139","error":""},"_links":{"self":[{"href":"https:\/\/www.europesays.com\/fr\/wp-json\/wp\/v2\/posts\/473494","targetHints":{"allow":["GET"]}}],"collection":[{"href":"https:\/\/www.europesays.com\/fr\/wp-json\/wp\/v2\/posts"}],"about":[{"href":"https:\/\/www.europesays.com\/fr\/wp-json\/wp\/v2\/types\/post"}],"author":[{"embeddable":true,"href":"https:\/\/www.europesays.com\/fr\/wp-json\/wp\/v2\/users\/2"}],"replies":[{"embeddable":true,"href":"https:\/\/www.europesays.com\/fr\/wp-json\/wp\/v2\/comments?post=473494"}],"version-history":[{"count":0,"href":"https:\/\/www.europesays.com\/fr\/wp-json\/wp\/v2\/posts\/473494\/revisions"}],"wp:featuredmedia":[{"embeddable":true,"href":"https:\/\/www.europesays.com\/fr\/wp-json\/wp\/v2\/media\/473495"}],"wp:attachment":[{"href":"https:\/\/www.europesays.com\/fr\/wp-json\/wp\/v2\/media?parent=473494"}],"wp:term":[{"taxonomy":"category","embeddable":true,"href":"https:\/\/www.europesays.com\/fr\/wp-json\/wp\/v2\/categories?post=473494"},{"taxonomy":"post_tag","embeddable":true,"href":"https:\/\/www.europesays.com\/fr\/wp-json\/wp\/v2\/tags?post=473494"}],"curies":[{"name":"wp","href":"https:\/\/api.w.org\/{rel}","templated":true}]}}