{"id":473498,"date":"2025-10-18T22:43:11","date_gmt":"2025-10-18T22:43:11","guid":{"rendered":"https:\/\/www.europesays.com\/fr\/473498\/"},"modified":"2025-10-18T22:43:11","modified_gmt":"2025-10-18T22:43:11","slug":"il-etait-une-fois-concert-rodolphe-menguy-evenements","status":"publish","type":"post","link":"https:\/\/www.europesays.com\/fr\/473498\/","title":{"rendered":"Il \u00e9tait une fois &#8211; Concert Rodolphe Menguy \/ \u00c9v\u00e9nements"},"content":{"rendered":"<p>\n                                                                        Le 3 d\u00e9cembre 2025<br \/>\n\t\t\t\t\t\t\t\t\t\t\tde 19h00 \u00e0 20h30\n\t\t\t\t\t                                        <\/p>\n<p class=\"subtitle\">\u00e0 <strong><br \/>\nAuditorium du Conservatoire de Lille<\/strong><\/p>\n<p>            <img loading=\"lazy\" decoding=\"async\" src=\"\/var\/www\/storage\/images\/mediatheque\/mairie-de-lille\/images-openagenda\/il-etait-une-fois-concert-rodolphe-menguy\/3872348-1-fre-FR\/Il-etait-une-fois-Concert-Rodolphe-Menguy_news_image_top.jpg\" width=\"779\" height=\"551\" alt=\"Il \u00e9tait une fois - Concert Rodolphe Menguy\"\/><\/p>\n<p>\nLe Conservatoire de Lille a le plaisir d\u2019accueillir le pianiste Rodolphe Menguy pour une soir\u00e9e musicale exceptionnelle plac\u00e9e sous le signe de la transmission et du partage.<br \/>Pour tout savoir sur <a href=\"https:\/\/www.lille.fr\/\" target=\"_self\" class=\"lien_interne\" rel=\"noopener\">Rodolphe Menguy &#8211; Mirare<\/a>, nous vous invitons \u00e0 lire cette page. Il a notamment obtenu, en 2023, le second Prix du Concours International des Etoiles du Piano.<br \/>La soir\u00e9e s\u2019ouvrira avec une premi\u00e8re partie assur\u00e9e par les \u00e9l\u00e8ves du Conservatoire qui ont b\u00e9n\u00e9fici\u00e9 de la masterclass anim\u00e9e par Rodolphe Menguy. L\u2019occasion de d\u00e9couvrir le fruit d\u2019un travail approfondi autour du r\u00e9pertoire pianistique, guid\u00e9 par un artiste reconnu pour sa sensibilit\u00e9 et son exigence.<\/p>\n<p>Le r\u00e9cital se poursuivra avec Rodolphe Menguy, et son programme autour des contes de f\u00e9es.<\/p>\n<p>Dans le hall du Conservatoire, l&rsquo;Association des Parents d\u2019\u00c9l\u00e8ves et Amis du Conservatoire de Lille, partenaire de l\u2019\u00e9v\u00e9nement, vous propose un moment d\u2019\u00e9changes et d\u2019information autour de ses actions et de la vie du Conservatoire.<\/p>\n<p>\u00c0 l\u2019issue du concert, une vente de CD de Rodolphe Menguy sera \u00e9galement organis\u00e9e dans le hall, pour prolonger le plaisir de l\u2019\u00e9coute.<\/p>\n<p>Merci \u00e0 l&rsquo;APEACL, partenaire du projet, pour son engagement et son aide, et \u00e0 Jean-Fran\u00e7ois Boyer, Coordinateur p\u00e9dagogique du projet<\/p>\n<p>\nMercredi 3 d\u00e9cembre 2025 \u2013 19h00<br \/>Auditorium du Conservatoire de Lille \u2013 Place du Concert<\/p>\n<p>        \t\t                        Infos pratiques<\/p>\n<p>                    Lieu<\/p>\n<p>\nAuditorium du Conservatoire de Lille<\/p>\n<p>                    Adresse<\/p>\n<p>Place du concert 59000 Lille<\/p>\n<p>                                                            Voir le plan<\/p>\n<p>\n                    PublicsDe  \u00e0  ans<\/p>\n<p>                            Horaires<\/p>\n<p class=\"textAlone\">Le 03\/12\/2025 de 19:00 \u00e0 20:30<\/p>\n","protected":false},"excerpt":{"rendered":"Le 3 d\u00e9cembre 2025 de 19h00 \u00e0 20h30 \u00e0 Auditorium du Conservatoire de Lille Le Conservatoire de Lille&hellip;\n","protected":false},"author":2,"featured_media":473499,"comment_status":"","ping_status":"","sticky":false,"template":"","format":"standard","meta":{"footnotes":""},"categories":[2815],"tags":[1111,11,4763,1777,674,1011,27,811,1307,5415,12,25],"class_list":{"0":"post-473498","1":"post","2":"type-post","3":"status-publish","4":"format-standard","5":"has-post-thumbnail","7":"category-lille","8":"tag-actu","9":"tag-actualites","10":"tag-agenda","11":"tag-eu","12":"tag-europe","13":"tag-fr","14":"tag-france","15":"tag-hauts-de-france","16":"tag-lille","17":"tag-mairie","18":"tag-news","19":"tag-republique-francaise"},"share_on_mastodon":{"url":"https:\/\/pubeurope.com\/@fr\/115397592109362702","error":""},"_links":{"self":[{"href":"https:\/\/www.europesays.com\/fr\/wp-json\/wp\/v2\/posts\/473498","targetHints":{"allow":["GET"]}}],"collection":[{"href":"https:\/\/www.europesays.com\/fr\/wp-json\/wp\/v2\/posts"}],"about":[{"href":"https:\/\/www.europesays.com\/fr\/wp-json\/wp\/v2\/types\/post"}],"author":[{"embeddable":true,"href":"https:\/\/www.europesays.com\/fr\/wp-json\/wp\/v2\/users\/2"}],"replies":[{"embeddable":true,"href":"https:\/\/www.europesays.com\/fr\/wp-json\/wp\/v2\/comments?post=473498"}],"version-history":[{"count":0,"href":"https:\/\/www.europesays.com\/fr\/wp-json\/wp\/v2\/posts\/473498\/revisions"}],"wp:featuredmedia":[{"embeddable":true,"href":"https:\/\/www.europesays.com\/fr\/wp-json\/wp\/v2\/media\/473499"}],"wp:attachment":[{"href":"https:\/\/www.europesays.com\/fr\/wp-json\/wp\/v2\/media?parent=473498"}],"wp:term":[{"taxonomy":"category","embeddable":true,"href":"https:\/\/www.europesays.com\/fr\/wp-json\/wp\/v2\/categories?post=473498"},{"taxonomy":"post_tag","embeddable":true,"href":"https:\/\/www.europesays.com\/fr\/wp-json\/wp\/v2\/tags?post=473498"}],"curies":[{"name":"wp","href":"https:\/\/api.w.org\/{rel}","templated":true}]}}