{"id":473500,"date":"2025-10-18T22:44:15","date_gmt":"2025-10-18T22:44:15","guid":{"rendered":"https:\/\/www.europesays.com\/fr\/473500\/"},"modified":"2025-10-18T22:44:15","modified_gmt":"2025-10-18T22:44:15","slug":"velos-frigos-tables-les-societes-nautiques-ont-nettoye-le-vieux-port-de-marseille","status":"publish","type":"post","link":"https:\/\/www.europesays.com\/fr\/473500\/","title":{"rendered":"V\u00e9los, frigos, tables&#8230; les soci\u00e9t\u00e9s nautiques ont nettoy\u00e9 le Vieux-Port de Marseille"},"content":{"rendered":"<p>Pneus, chariots, batteries, frigos, v\u00e9los \u00e9lectriques, tables, parasols, canettes, poubelles&#8230; la p\u00eache du jour d\u00e9passe toutes les pr\u00e9visions des organisateurs.<\/p>\n<p><img alt=\"450 b\u00e9n\u00e9voles dont 70 plongeurs s'\u00e9taient rassembl\u00e9s d\u00e8s ce samedi 18 octobre au matin pour nettoyer le Vieux-Port.\" loading=\"lazy\" decoding=\"async\" data-nimg=\"fill\" class=\" TwicCore_img__i9TC1 undefined  undefined\" style=\"position:absolute;height:100%;width:100%;left:0;top:0;right:0;bottom:0;color:transparent;background-size:cover;background-position:50% 50%;background-repeat:no-repeat;background-image:url(&quot;data:image\/svg+xml;charset=utf-8,%3Csvg xmlns='http:\/\/www.w3.org\/2000\/svg' %3E%3Cfilter id='b' color-interpolation-filters='sRGB'%3E%3CfeGaussianBlur stdDeviation='20'\/%3E%3CfeColorMatrix values='1 0 0 0 0 0 1 0 0 0 0 0 1 0 0 0 0 0 100 -1' result='s'\/%3E%3CfeFlood x='0' y='0' width='100%25' height='100%25'\/%3E%3CfeComposite operator='out' in='s'\/%3E%3CfeComposite in2='SourceGraphic'\/%3E%3CfeGaussianBlur stdDeviation='20'\/%3E%3C\/filter%3E%3Cimage width='100%25' height='100%25' x='0' y='0' preserveAspectRatio='none' style='filter: url(%23b);' href='https:\/\/pictures.laprovence.com\/cdn-cgi\/image\/blur=250\/media\/melody\/2025\/10\/18\/nettoyage-du-vieux-port-par-des-plongeurs-181025gbr01-181025gbr01-1760811398_45ae7af963f86c9ae7af963f8ddae7v_.jpg'\/%3E%3C\/svg%3E&quot;)\"   src=\"https:\/\/www.europesays.com\/fr\/wp-content\/uploads\/2025\/10\/nettoyage-du-vieux-port-par-des-plongeurs-181025gbr01-181025gbr01-1760811398_45ae7af963f86c9ae7af963.jpeg\"\/>450 b\u00e9n\u00e9voles dont 70 plongeurs s&rsquo;\u00e9taient rassembl\u00e9s d\u00e8s ce samedi 18 octobre au matin pour nettoyer le Vieux-Port. \/ Photo Gilles Bader<\/p>\n<p>Pour cette premi\u00e8re grande op\u00e9ration \u00ab\u00a0Vieux-Port propre\u00a0\u00bb, organis\u00e9e par les soci\u00e9t\u00e9s nautiques marseillaises, 450 b\u00e9n\u00e9voles dont 70 plongeurs s&rsquo;\u00e9taient rassembl\u00e9s d\u00e8s ce samedi 18 octobre au matin. Au programme\u00a0:<a href=\"https:\/\/www.laprovence.com\/article\/region\/1839993315942814\/une-centaine-de-benevoles-pour-nettoyer-le-vieux-port-ce-samedi-les-trottinettes-dans-le-viseur-des-associations\" target=\"_blank\" rel=\"noopener\"> un nettoyage XXL autour des pontons.<\/a><\/p>\n<p><img alt=\"450 b\u00e9n\u00e9voles dont 70 plongeurs s'\u00e9taient rassembl\u00e9s d\u00e8s ce samedi 18 octobre au matin pour nettoyer le Vieux-Port.\" loading=\"lazy\" decoding=\"async\" data-nimg=\"fill\" class=\" TwicCore_img__i9TC1 undefined  undefined\" style=\"position:absolute;height:100%;width:100%;left:0;top:0;right:0;bottom:0;color:transparent;background-size:cover;background-position:50% 50%;background-repeat:no-repeat;background-image:url(&quot;data:image\/svg+xml;charset=utf-8,%3Csvg xmlns='http:\/\/www.w3.org\/2000\/svg' %3E%3Cfilter id='b' color-interpolation-filters='sRGB'%3E%3CfeGaussianBlur stdDeviation='20'\/%3E%3CfeColorMatrix values='1 0 0 0 0 0 1 0 0 0 0 0 1 0 0 0 0 0 100 -1' result='s'\/%3E%3CfeFlood x='0' y='0' width='100%25' height='100%25'\/%3E%3CfeComposite operator='out' in='s'\/%3E%3CfeComposite in2='SourceGraphic'\/%3E%3CfeGaussianBlur stdDeviation='20'\/%3E%3C\/filter%3E%3Cimage width='100%25' height='100%25' x='0' y='0' preserveAspectRatio='none' style='filter: url(%23b);' href='https:\/\/pictures.laprovence.com\/cdn-cgi\/image\/blur=250\/media\/melody\/2025\/10\/18\/nettoyage-du-vieux-port-par-des-plongeurs-181025gbr01-181025gbr01-1760811399_5140e612c3f865540e612c3f84940ev_.jpg'\/%3E%3C\/svg%3E&quot;)\"   src=\"https:\/\/www.europesays.com\/fr\/wp-content\/uploads\/2025\/10\/nettoyage-du-vieux-port-par-des-plongeurs-181025gbr01-181025gbr01-1760811399_5140e612c3f865540e612c3.jpeg\"\/>450 b\u00e9n\u00e9voles dont 70 plongeurs s&rsquo;\u00e9taient rassembl\u00e9s d\u00e8s ce samedi 18 octobre au matin pour nettoyer le Vieux-Port. \/ Photo Gilles Bader<\/p>\n<p>Si les moyens \u00e9taient mutualis\u00e9s, chaque club faisait le propre sur son p\u00e9rim\u00e8tre. \u00ab\u00a0Entre les d\u00e9chets jet\u00e9s par les plaisanciers, ceux ramen\u00e9s par la mer et les incivilit\u00e9s tout autour du port, oui, il y a de quoi faire. Nous avons rempli des bennes mais nous avons conscience que nous n&rsquo;avons pu ramener qu&rsquo;un faible pourcentage de ce qui reste au fond&#8230;\u00a0\u00bb, explique St\u00e9phane Kazarian, pr\u00e9sident du club MACT (Marseille accueil culture et traditions).<\/p>\n<p><img alt=\"450 b\u00e9n\u00e9voles dont 70 plongeurs s'\u00e9taient rassembl\u00e9s d\u00e8s ce samedi 18 octobre au matin pour nettoyer le Vieux-Port.\" loading=\"lazy\" decoding=\"async\" data-nimg=\"fill\" class=\" TwicCore_img__i9TC1 undefined  undefined\" style=\"position:absolute;height:100%;width:100%;left:0;top:0;right:0;bottom:0;color:transparent;background-size:cover;background-position:50% 50%;background-repeat:no-repeat;background-image:url(&quot;data:image\/svg+xml;charset=utf-8,%3Csvg xmlns='http:\/\/www.w3.org\/2000\/svg' %3E%3Cfilter id='b' color-interpolation-filters='sRGB'%3E%3CfeGaussianBlur stdDeviation='20'\/%3E%3CfeColorMatrix values='1 0 0 0 0 0 1 0 0 0 0 0 1 0 0 0 0 0 100 -1' result='s'\/%3E%3CfeFlood x='0' y='0' width='100%25' height='100%25'\/%3E%3CfeComposite operator='out' in='s'\/%3E%3CfeComposite in2='SourceGraphic'\/%3E%3CfeGaussianBlur stdDeviation='20'\/%3E%3C\/filter%3E%3Cimage width='100%25' height='100%25' x='0' y='0' preserveAspectRatio='none' style='filter: url(%23b);' href='https:\/\/pictures.laprovence.com\/cdn-cgi\/image\/blur=250\/media\/melody\/2025\/10\/18\/nettoyage-du-vieux-port-par-des-plongeurs-181025gbr01-181025gbr01-1760811400_e789b612c3f86fb89b612c3f8ef89bv_.jpg'\/%3E%3C\/svg%3E&quot;)\"   src=\"https:\/\/www.europesays.com\/fr\/wp-content\/uploads\/2025\/10\/nettoyage-du-vieux-port-par-des-plongeurs-181025gbr01-181025gbr01-1760811400_e789b612c3f86fb89b612c3.jpeg\"\/>450 b\u00e9n\u00e9voles dont 70 plongeurs s&rsquo;\u00e9taient rassembl\u00e9s d\u00e8s ce samedi 18 octobre au matin pour nettoyer le Vieux-Port. \/ Photo Gilles Bader<\/p>\n<p>Membre du comit\u00e9 d&rsquo;organisation, le Marseillais organisera un tri s\u00e9lectif. \u00ab\u00a0Nous n&rsquo;avons pas encore totalis\u00e9 le nombre de kilos mais nous avons r\u00e9cup\u00e9r\u00e9 beaucoup de ferraille\u00a0\u00bb, souffle-t-il.<\/p>\n<p>Plus de deux tonnes<\/p>\n<p>\u00c0 midi, les b\u00e9n\u00e9voles \u00e9taient satisfaits et \u00e9voquaient d\u00e9j\u00e0 les deux tonnes d\u00e9pass\u00e9es.<\/p>\n<p><img alt=\"450 b\u00e9n\u00e9voles dont 70 plongeurs s'\u00e9taient rassembl\u00e9s d\u00e8s ce samedi 18 octobre au matin pour nettoyer le Vieux-Port.\" loading=\"lazy\" decoding=\"async\" data-nimg=\"fill\" class=\" TwicCore_img__i9TC1 undefined  undefined\" style=\"position:absolute;height:100%;width:100%;left:0;top:0;right:0;bottom:0;color:transparent;background-size:cover;background-position:50% 50%;background-repeat:no-repeat;background-image:url(&quot;data:image\/svg+xml;charset=utf-8,%3Csvg xmlns='http:\/\/www.w3.org\/2000\/svg' %3E%3Cfilter id='b' color-interpolation-filters='sRGB'%3E%3CfeGaussianBlur stdDeviation='20'\/%3E%3CfeColorMatrix values='1 0 0 0 0 0 1 0 0 0 0 0 1 0 0 0 0 0 100 -1' result='s'\/%3E%3CfeFlood x='0' y='0' width='100%25' height='100%25'\/%3E%3CfeComposite operator='out' in='s'\/%3E%3CfeComposite in2='SourceGraphic'\/%3E%3CfeGaussianBlur stdDeviation='20'\/%3E%3C\/filter%3E%3Cimage width='100%25' height='100%25' x='0' y='0' preserveAspectRatio='none' style='filter: url(%23b);' href='https:\/\/pictures.laprovence.com\/cdn-cgi\/image\/blur=250\/media\/melody\/2025\/10\/18\/nettoyage-du-vieux-port-par-des-plongeurs-181025gbr01-181025gbr01-1760811397_672fcba863f866b2fcba863f84f2fcv_.jpg'\/%3E%3C\/svg%3E&quot;)\"   src=\"https:\/\/www.europesays.com\/fr\/wp-content\/uploads\/2025\/10\/nettoyage-du-vieux-port-par-des-plongeurs-181025gbr01-181025gbr01-1760811397_672fcba863f866b2fcba863.jpeg\"\/>450 b\u00e9n\u00e9voles dont 70 plongeurs s&rsquo;\u00e9taient rassembl\u00e9s d\u00e8s ce samedi 18 octobre au matin pour nettoyer le Vieux-Port. \/ Photo Gilles Bader<\/p>\n<p>Avec un regret\u00a0: \u00ab\u00a0ne pas avoir pu remonter une voiture qui est entrelac\u00e9e entre les vieux cordages et d&rsquo;autres d\u00e9chets\u00a0\u00bb, pointe St\u00e9phane Kazarian, qui pr\u00e9pare d\u00e9j\u00e0 la prochaine \u00e9dition.<\/p>\n<p><img alt=\"\" loading=\"lazy\" width=\"18\" height=\"18\" decoding=\"async\" data-nimg=\"1\" class=\"mx-[8px]\" style=\"color:transparent\" src=\"https:\/\/www.laprovence.com\/_next\/static\/media\/comment.b95dda91.svg\"\/>D\u00e9marrez la conversation<\/p>\n<p class=\"text-[1.8rem] mt-[32px]\">Votre opinion compte pour nous. Rejoignez la communaut\u00e9 laprovence.com en r\u00e9agissant sur l&rsquo;article V\u00e9los, frigos, tables&#8230; les soci\u00e9t\u00e9s nautiques ont nettoy\u00e9 le Vieux-Port de Marseille.<\/p>\n","protected":false},"excerpt":{"rendered":"Pneus, chariots, batteries, frigos, v\u00e9los \u00e9lectriques, tables, parasols, canettes, poubelles&#8230; la p\u00eache du jour d\u00e9passe toutes les pr\u00e9visions&hellip;\n","protected":false},"author":2,"featured_media":473501,"comment_status":"","ping_status":"","sticky":false,"template":"","format":"standard","meta":{"footnotes":""},"categories":[2814],"tags":[17,1111,11,436,1777,674,1011,27,25443,151,884,40062,12,2537,882,25,59691,32160,825],"class_list":{"0":"post-473500","1":"post","2":"type-post","3":"status-publish","4":"format-standard","5":"has-post-thumbnail","7":"category-marseille","8":"tag-17","9":"tag-actu","10":"tag-actualites","11":"tag-environnement","12":"tag-eu","13":"tag-europe","14":"tag-fr","15":"tag-france","16":"tag-frigos","17":"tag-les","18":"tag-marseille","19":"tag-nautiques","20":"tag-news","21":"tag-ont","22":"tag-provence-alpes-cote-dazur","23":"tag-republique-francaise","24":"tag-societes","25":"tag-tables","26":"tag-velos"},"share_on_mastodon":{"url":"https:\/\/pubeurope.com\/@fr\/115397596403739979","error":""},"_links":{"self":[{"href":"https:\/\/www.europesays.com\/fr\/wp-json\/wp\/v2\/posts\/473500","targetHints":{"allow":["GET"]}}],"collection":[{"href":"https:\/\/www.europesays.com\/fr\/wp-json\/wp\/v2\/posts"}],"about":[{"href":"https:\/\/www.europesays.com\/fr\/wp-json\/wp\/v2\/types\/post"}],"author":[{"embeddable":true,"href":"https:\/\/www.europesays.com\/fr\/wp-json\/wp\/v2\/users\/2"}],"replies":[{"embeddable":true,"href":"https:\/\/www.europesays.com\/fr\/wp-json\/wp\/v2\/comments?post=473500"}],"version-history":[{"count":0,"href":"https:\/\/www.europesays.com\/fr\/wp-json\/wp\/v2\/posts\/473500\/revisions"}],"wp:featuredmedia":[{"embeddable":true,"href":"https:\/\/www.europesays.com\/fr\/wp-json\/wp\/v2\/media\/473501"}],"wp:attachment":[{"href":"https:\/\/www.europesays.com\/fr\/wp-json\/wp\/v2\/media?parent=473500"}],"wp:term":[{"taxonomy":"category","embeddable":true,"href":"https:\/\/www.europesays.com\/fr\/wp-json\/wp\/v2\/categories?post=473500"},{"taxonomy":"post_tag","embeddable":true,"href":"https:\/\/www.europesays.com\/fr\/wp-json\/wp\/v2\/tags?post=473500"}],"curies":[{"name":"wp","href":"https:\/\/api.w.org\/{rel}","templated":true}]}}