{"id":473509,"date":"2025-10-18T22:50:12","date_gmt":"2025-10-18T22:50:12","guid":{"rendered":"https:\/\/www.europesays.com\/fr\/473509\/"},"modified":"2025-10-18T22:50:12","modified_gmt":"2025-10-18T22:50:12","slug":"israel-a-recupere-les-deux-nouvelles-depouilles-rendues-samedi-par-le-hamas","status":"publish","type":"post","link":"https:\/\/www.europesays.com\/fr\/473509\/","title":{"rendered":"Isra\u00ebl a r\u00e9cup\u00e9r\u00e9 les deux nouvelles d\u00e9pouilles rendues samedi par le Hamas"},"content":{"rendered":"<p>   Isra\u00ebl conditionne la r\u00e9ouverture de Rafah au retour des d\u00e9pouilles d\u2019otages retenues \u00e0 Gaza             <\/p>\n<p class=\"post__live-container--answer-text post__space-node\">Le poste-fronti\u00e8re de Rafah, entre Gaza et l\u2019Egypte, restera ferm\u00e9 \u00ab\u00a0jusqu\u2019\u00e0 nouvel ordre\u00a0\u00bb, a affirm\u00e9, samedi, le bureau du premier ministre isra\u00e9lien, conditionnant sa r\u00e9ouverture \u00e0 la remise des d\u00e9pouilles d\u2019otages encore retenues \u00e0 Gaza par le Hamas.<\/p>\n<p class=\"post__live-container--answer-text post__space-node\">Le premier ministre isra\u00e9lien, Benyamin N\u00e9tanyahou, \u00ab\u00a0a ordonn\u00e9 que le passage frontalier de Rafah reste ferm\u00e9 jusqu\u2019\u00e0 nouvel ordre\u00a0\u00bb, a fait savoir son bureau dans un communiqu\u00e9. \u00ab\u00a0Sa r\u00e9ouverture sera envisag\u00e9e en fonction de la mani\u00e8re dont le Hamas s\u2019acquittera de ses obligations en mati\u00e8re de restitution des otages et des corps des d\u00e9funts, et de mise en \u0153uvre du cadre convenu\u00a0\u00bb, poursuit le texte.<\/p>\n<p class=\"post__live-container--answer-text post__space-node\">Ces d\u00e9clarations contredisent celles de l\u2019ambassade palestinienne en Egypte, qui a affirm\u00e9 un peu plus t\u00f4t dans la journ\u00e9e que le poste-fronti\u00e8re de Rafah rouvrirait lundi 20\u00a0octobre afin de permettre aux Palestiniens vivant en Egypte de rentrer dans le territoire.<\/p>\n<p class=\"post__live-container--answer-text post__space-node\">Jeudi 16\u00a0octobre, les autorit\u00e9s isra\u00e9liennes avaient pr\u00e9cis\u00e9 que lors de la r\u00e9ouverture du poste, seuls les d\u00e9placements de personnes seraient autoris\u00e9s, et non le passage de l\u2019aide humanitaire. L\u2019arm\u00e9e isra\u00e9lienne a pris le contr\u00f4le du c\u00f4t\u00e9 palestinien du passage de Rafah d\u00e9but mai\u00a02024, affirmant que l\u2019installation \u00e9tait \u00ab\u00a0utilis\u00e9e \u00e0 des fins terroristes\u00a0\u00bb et pour la contrebande d\u2019armes.<\/p>\n<p class=\"post__live-container--answer-text post__space-node\">A la suite de cette prise de contr\u00f4le, tout acc\u00e8s au point de passage a \u00e9t\u00e9 suspendu, y compris celui du personnel des Nations unies. Le point de passage a \u00e9t\u00e9 bri\u00e8vement rouvert pendant le pr\u00e9c\u00e9dent cessez-le-feu entre Isra\u00ebl et le Hamas, entr\u00e9 en vigueur le 19\u00a0janvier\u00a02025.<\/p>\n","protected":false},"excerpt":{"rendered":"Isra\u00ebl conditionne la r\u00e9ouverture de Rafah au retour des d\u00e9pouilles d\u2019otages retenues \u00e0 Gaza Le poste-fronti\u00e8re de Rafah,&hellip;\n","protected":false},"author":2,"featured_media":473510,"comment_status":"","ping_status":"","sticky":false,"template":"","format":"standard","meta":{"footnotes":""},"categories":[1888],"tags":[1111,1928,11,1927,1777,674,1011,27,12,1926,626,1925,25],"class_list":{"0":"post-473509","1":"post","2":"type-post","3":"status-publish","4":"format-standard","5":"has-post-thumbnail","7":"category-paris","8":"tag-actu","9":"tag-actu-paris","10":"tag-actualites","11":"tag-actualites-paris","12":"tag-eu","13":"tag-europe","14":"tag-fr","15":"tag-france","16":"tag-news","17":"tag-news-paris","18":"tag-paris","19":"tag-paris-news","20":"tag-republique-francaise"},"share_on_mastodon":{"url":"https:\/\/pubeurope.com\/@fr\/115397618913163465","error":""},"_links":{"self":[{"href":"https:\/\/www.europesays.com\/fr\/wp-json\/wp\/v2\/posts\/473509","targetHints":{"allow":["GET"]}}],"collection":[{"href":"https:\/\/www.europesays.com\/fr\/wp-json\/wp\/v2\/posts"}],"about":[{"href":"https:\/\/www.europesays.com\/fr\/wp-json\/wp\/v2\/types\/post"}],"author":[{"embeddable":true,"href":"https:\/\/www.europesays.com\/fr\/wp-json\/wp\/v2\/users\/2"}],"replies":[{"embeddable":true,"href":"https:\/\/www.europesays.com\/fr\/wp-json\/wp\/v2\/comments?post=473509"}],"version-history":[{"count":0,"href":"https:\/\/www.europesays.com\/fr\/wp-json\/wp\/v2\/posts\/473509\/revisions"}],"wp:featuredmedia":[{"embeddable":true,"href":"https:\/\/www.europesays.com\/fr\/wp-json\/wp\/v2\/media\/473510"}],"wp:attachment":[{"href":"https:\/\/www.europesays.com\/fr\/wp-json\/wp\/v2\/media?parent=473509"}],"wp:term":[{"taxonomy":"category","embeddable":true,"href":"https:\/\/www.europesays.com\/fr\/wp-json\/wp\/v2\/categories?post=473509"},{"taxonomy":"post_tag","embeddable":true,"href":"https:\/\/www.europesays.com\/fr\/wp-json\/wp\/v2\/tags?post=473509"}],"curies":[{"name":"wp","href":"https:\/\/api.w.org\/{rel}","templated":true}]}}