{"id":473513,"date":"2025-10-18T22:52:42","date_gmt":"2025-10-18T22:52:42","guid":{"rendered":"https:\/\/www.europesays.com\/fr\/473513\/"},"modified":"2025-10-18T22:52:42","modified_gmt":"2025-10-18T22:52:42","slug":"quinte-quinte-du-dimanche-19-octobre-a-longchamp-annabels-ghost-peut-se-racheter","status":"publish","type":"post","link":"https:\/\/www.europesays.com\/fr\/473513\/","title":{"rendered":"Quint\u00e9+: Quint\u00e9+ du dimanche 19 octobre \u00e0 Longchamp : Annabel&rsquo;s Ghost peut se racheter"},"content":{"rendered":"<p><strong>Les partants du Quint\u00e9+ de ce dimanche 19 octobre.<\/strong><strong style=\"float: left;margin-left: 2%;\">PRIX RIEUSSEC<\/strong><strong style=\"float: right;margin-right: 2%;\">DIMANCHE 19 OCTOBRE<\/strong><br \/>ParisLongchamp &#8211; 3100 METRES &#8211; \u00a0<img decoding=\"async\" alt=\"picto_galop\" class=\"img2\" src=\"https:\/\/static.equidia.fr\/equidia\/discipline\/galop.svg\"\/>D\u00c9PART : 15H15<\/p>\n<tr class=\"row1\" style=\"border: thin solid #020338; width: 50%; padding: 5px; background-color: #020338; color: #FFFFFF; text-align: left; line-height: 15px;\">N\u00b0\u00a0CHEVALCORDE\u00a0JOCKEYPOIDS\u00a0ENTRA\u00ceNEURVALEURGAINS<\/tr>\n<tr class=\"row2\" style=\"text-align: left; background-color: #FFFFFF; line-height: 15px;\">\n<td class=\"col1\" style=\"text-align: center; width: 65px;font-weight: bold;\">1<\/td>\n<td class=\"col2\"><a href=\"https:\/\/www.equidia.fr\/chevaux\/pentaour?horse_uuid=b2af8ec3-30df-4b2b-83ab-09239946c328\" target=\"_blank\" rel=\"noopener\">PENTAOUR<\/a><\/td>\n<td class=\"col3\" style=\"text-align: center;\">12<\/td>\n<td class=\"col4\">J.MOUTARD<\/td>\n<td class=\"col5\">62.0 kg<\/td>\n<td class=\"col6\">MME A.BUDKA<\/td>\n<td class=\"col7\" style=\"text-align: center;\">42.0<\/td>\n<td class=\"col8\" style=\"text-align: right;\">146410 \u20ac<\/td>\n<\/tr>\n<tr class=\"row3\" style=\"text-align: left; background-color: rgb(218, 218, 226); line-height: 15px;\">\n<td class=\"col1\" style=\"text-align: center; width: 65px;font-weight: bold;\">2<\/td>\n<td class=\"col2\"><a href=\"https:\/\/www.equidia.fr\/chevaux\/annabels-ghost?horse_uuid=1dd74a1d-18df-4607-851b-8754bfa09b28\" target=\"_blank\" rel=\"noopener\">ANNABEL&rsquo;S GHOST<\/a><\/td>\n<td class=\"col3\" style=\"text-align: center;\">10<\/td>\n<td class=\"col4\">A.MOSSE<\/td>\n<td class=\"col5\">59.5 kg<\/td>\n<td class=\"col6\">A.FABRE (S)<\/td>\n<td class=\"col7\" style=\"text-align: center;\">39.5<\/td>\n<td class=\"col8\" style=\"text-align: right;\">57555 \u20ac<\/td>\n<\/tr>\n<tr class=\"row2\" style=\"text-align: left; background-color: #FFFFFF; line-height: 15px;\">\n<td class=\"col1\" style=\"text-align: center; width: 65px;font-weight: bold;\">3<\/td>\n<td class=\"col2\"><a href=\"https:\/\/www.equidia.fr\/chevaux\/hasta-la-vista-225313?horse_uuid=19b70c79-1474-41ee-95da-9d1b5995204c\" target=\"_blank\" rel=\"noopener\">HASTA LA VISTA<\/a><\/td>\n<td class=\"col3\" style=\"text-align: center;\">5<\/td>\n<td class=\"col4\">A.POUCHIN<\/td>\n<td class=\"col5\">59.5 kg<\/td>\n<td class=\"col6\">JP.GAUVIN (S)<\/td>\n<td class=\"col7\" style=\"text-align: center;\">39.5<\/td>\n<td class=\"col8\" style=\"text-align: right;\">65008 \u20ac<\/td>\n<\/tr>\n<tr class=\"row3\" style=\"text-align: left; background-color: rgb(218, 218, 226); line-height: 15px;\">\n<td class=\"col1\" style=\"text-align: center; width: 65px;font-weight: bold;\">4<\/td>\n<td class=\"col2\"><a href=\"https:\/\/www.equidia.fr\/chevaux\/rika-de-la-vis?horse_uuid=a28eda49-76b1-4883-b1fe-bc78ee3a03f6\" target=\"_blank\" rel=\"noopener\">RIKA DE LA VIS<\/a><\/td>\n<td class=\"col3\" style=\"text-align: center;\">13<\/td>\n<td class=\"col4\">C.DEMURO<\/td>\n<td class=\"col5\">58.5 kg<\/td>\n<td class=\"col6\">M.BARATTI (S)<\/td>\n<td class=\"col7\" style=\"text-align: center;\">38.5<\/td>\n<td class=\"col8\" style=\"text-align: right;\">76170 \u20ac<\/td>\n<\/tr>\n<tr class=\"row2\" style=\"text-align: left; background-color: #FFFFFF; line-height: 15px;\">\n<td class=\"col1\" style=\"text-align: center; width: 65px;font-weight: bold;\">5<\/td>\n<td class=\"col2\"><a href=\"https:\/\/www.equidia.fr\/chevaux\/xylophone?horse_uuid=19016a4d-674f-4611-a155-fc292a5c4a9b\" target=\"_blank\" rel=\"noopener\">XYLOPHONE<\/a><\/td>\n<td class=\"col3\" style=\"text-align: center;\">6<\/td>\n<td class=\"col4\">M.FAVRIAUX<\/td>\n<td class=\"col5\">58.0 kg<\/td>\n<td class=\"col6\">JP.MACEDO DA COSTA OLIVEIRA<\/td>\n<td class=\"col7\" style=\"text-align: center;\">38.0<\/td>\n<td class=\"col8\" style=\"text-align: right;\">55000 \u20ac<\/td>\n<\/tr>\n<tr class=\"row3\" style=\"text-align: left; background-color: rgb(218, 218, 226); line-height: 15px;\">\n<td class=\"col1\" style=\"text-align: center; width: 65px;font-weight: bold;\">6<\/td>\n<td class=\"col2\"><a href=\"https:\/\/www.equidia.fr\/chevaux\/step-morning?horse_uuid=dcea043e-6215-4b41-8771-6acf0fd6125c\" target=\"_blank\" rel=\"noopener\">STEP MORNING<\/a><\/td>\n<td class=\"col3\" style=\"text-align: center;\">14<\/td>\n<td class=\"col4\">T.BACHELOT<\/td>\n<td class=\"col5\">57.5 kg<\/td>\n<td class=\"col6\">MME L.HEBRARD DE VEYRINAS<\/td>\n<td class=\"col7\" style=\"text-align: center;\">37.5<\/td>\n<td class=\"col8\" style=\"text-align: right;\">107803 \u20ac<\/td>\n<\/tr>\n<tr class=\"row2\" style=\"text-align: left; background-color: #FFFFFF; line-height: 15px;\">\n<td class=\"col1\" style=\"text-align: center; width: 65px;font-weight: bold;\">7<\/td>\n<td class=\"col2\"><a href=\"https:\/\/www.equidia.fr\/chevaux\/ventosilla?horse_uuid=a3dc1c9e-ed14-43a8-88d8-159a197869bb\" target=\"_blank\" rel=\"noopener\">VENTOSILLA<\/a><\/td>\n<td class=\"col3\" style=\"text-align: center;\">3<\/td>\n<td class=\"col4\">M.BARZALONA<\/td>\n<td class=\"col5\">57.5 kg<\/td>\n<td class=\"col6\">C.LOTOUX (S)<\/td>\n<td class=\"col7\" style=\"text-align: center;\">37.5<\/td>\n<td class=\"col8\" style=\"text-align: right;\">67924 \u20ac<\/td>\n<\/tr>\n<tr class=\"row3\" style=\"text-align: left; background-color: rgb(218, 218, 226); line-height: 15px;\">\n<td class=\"col1\" style=\"text-align: center; width: 65px;font-weight: bold;\">8<\/td>\n<td class=\"col2\"><a href=\"https:\/\/www.equidia.fr\/chevaux\/woot-city?horse_uuid=0b0c3b8f-8bf1-48d5-964e-1db30513244b\" target=\"_blank\" rel=\"noopener\">WOOT CITY<\/a><\/td>\n<td class=\"col3\" style=\"text-align: center;\">9<\/td>\n<td class=\"col4\">A.LEMAITRE<\/td>\n<td class=\"col5\">57.0 kg<\/td>\n<td class=\"col6\">F.CHAPPET (S)<\/td>\n<td class=\"col7\" style=\"text-align: center;\">37.0<\/td>\n<td class=\"col8\" style=\"text-align: right;\">232771 \u20ac<\/td>\n<\/tr>\n<tr class=\"row2\" style=\"text-align: left; background-color: #FFFFFF; line-height: 15px;\">\n<td class=\"col1\" style=\"text-align: center; width: 65px;font-weight: bold;\">9<\/td>\n<td class=\"col2\"><a href=\"https:\/\/www.equidia.fr\/chevaux\/super-alex?horse_uuid=b0a38f93-d99a-41ee-a8e9-6c5713951a34\" target=\"_blank\" rel=\"noopener\">SUPER ALEX<\/a><\/td>\n<td class=\"col3\" style=\"text-align: center;\">16<\/td>\n<td class=\"col4\">C.LECOEUVRE<\/td>\n<td class=\"col5\">56.5 kg<\/td>\n<td class=\"col6\">A.PEAN (S)<\/td>\n<td class=\"col7\" style=\"text-align: center;\">36.5<\/td>\n<td class=\"col8\" style=\"text-align: right;\">64660 \u20ac<\/td>\n<\/tr>\n<tr class=\"row3\" style=\"text-align: left; background-color: rgb(218, 218, 226); line-height: 15px;\">\n<td class=\"col1\" style=\"text-align: center; width: 65px;font-weight: bold;\">10<\/td>\n<td class=\"col2\"><a href=\"https:\/\/www.equidia.fr\/chevaux\/tic-tac-1?horse_uuid=a33c674d-b24c-4897-ad8d-58c528656a50\" target=\"_blank\" rel=\"noopener\">TIC TAC<\/a><\/td>\n<td class=\"col3\" style=\"text-align: center;\">11<\/td>\n<td class=\"col4\">T.PICCONE<\/td>\n<td class=\"col5\">55.5 kg<\/td>\n<td class=\"col6\">HA.PANTALL (S)<\/td>\n<td class=\"col7\" style=\"text-align: center;\">35.5<\/td>\n<td class=\"col8\" style=\"text-align: right;\">53087 \u20ac<\/td>\n<\/tr>\n<tr class=\"row2\" style=\"text-align: left; background-color: #FFFFFF; line-height: 15px;\">\n<td class=\"col1\" style=\"text-align: center; width: 65px;font-weight: bold;\">11<\/td>\n<td class=\"col2\"><a href=\"https:\/\/www.equidia.fr\/chevaux\/acotango?horse_uuid=fb7d862c-278c-4482-bdf4-8347ee00f8f0\" target=\"_blank\" rel=\"noopener\">ACOTANGO<\/a><\/td>\n<td class=\"col3\" style=\"text-align: center;\">1<\/td>\n<td class=\"col4\">H.BOUTIN<\/td>\n<td class=\"col5\">55.0 kg<\/td>\n<td class=\"col6\">M.BOUTIN (S)<\/td>\n<td class=\"col7\" style=\"text-align: center;\">35.0<\/td>\n<td class=\"col8\" style=\"text-align: right;\">53400 \u20ac<\/td>\n<\/tr>\n<tr class=\"row3\" style=\"text-align: left; background-color: rgb(218, 218, 226); line-height: 15px;\">\n<td class=\"col1\" style=\"text-align: center; width: 65px;font-weight: bold;\">12<\/td>\n<td class=\"col2\"><a href=\"https:\/\/www.equidia.fr\/chevaux\/hatim-2?horse_uuid=03b48b1e-6ef0-44e2-a10d-14c02a8c5cff\" target=\"_blank\" rel=\"noopener\">HATIM<\/a><\/td>\n<td class=\"col3\" style=\"text-align: center;\">15<\/td>\n<td class=\"col4\">M.GUYON<\/td>\n<td class=\"col5\">55.0 kg<\/td>\n<td class=\"col6\">F.ROHAUT (S)<\/td>\n<td class=\"col7\" style=\"text-align: center;\">35.0<\/td>\n<td class=\"col8\" style=\"text-align: right;\">42843 \u20ac<\/td>\n<\/tr>\n<tr class=\"row2\" style=\"text-align: left; background-color: #FFFFFF; line-height: 15px;\">\n<td class=\"col1\" style=\"text-align: center; width: 65px;font-weight: bold;\">13<\/td>\n<td class=\"col2\"><a href=\"https:\/\/www.equidia.fr\/chevaux\/ker-stormy?horse_uuid=d7ad94e5-d6c4-4bb4-8e3b-1d78c1ce8e81\" target=\"_blank\" rel=\"noopener\">KER STORMY<\/a><\/td>\n<td class=\"col3\" style=\"text-align: center;\">7<\/td>\n<td class=\"col4\">L.ROUSSEL<\/td>\n<td class=\"col5\">55.0 kg<\/td>\n<td class=\"col6\">N.LEENDERS<\/td>\n<td class=\"col7\" style=\"text-align: center;\">35.0<\/td>\n<td class=\"col8\" style=\"text-align: right;\">94650 \u20ac<\/td>\n<\/tr>\n<tr class=\"row3\" style=\"text-align: left; background-color: rgb(218, 218, 226); line-height: 15px;\">\n<td class=\"col1\" style=\"text-align: center; width: 65px;font-weight: bold;\">14<\/td>\n<td class=\"col2\"><a href=\"https:\/\/www.equidia.fr\/chevaux\/mehlango?horse_uuid=07acc575-7750-443a-be15-7cf898fb9cc1\" target=\"_blank\" rel=\"noopener\">MEHLANGO<\/a><\/td>\n<td class=\"col3\" style=\"text-align: center;\">2<\/td>\n<td class=\"col4\">R.MANGIONE<\/td>\n<td class=\"col5\">54.0 kg<\/td>\n<td class=\"col6\">F.JOLIVET (S)<\/td>\n<td class=\"col7\" style=\"text-align: center;\">34.0<\/td>\n<td class=\"col8\" style=\"text-align: right;\">82890 \u20ac<\/td>\n<\/tr>\n<tr class=\"row2\" style=\"text-align: left; background-color: #FFFFFF; line-height: 15px;\">\n<td class=\"col1\" style=\"text-align: center; width: 65px;font-weight: bold;\">15<\/td>\n<td class=\"col2\"><a href=\"https:\/\/www.equidia.fr\/chevaux\/baden-rocks?horse_uuid=aa6d613e-3a32-4577-9c61-1694348ba588\" target=\"_blank\" rel=\"noopener\">BADEN ROCKS<\/a><\/td>\n<td class=\"col3\" style=\"text-align: center;\">8<\/td>\n<td class=\"col4\">T.TRULLIER<\/td>\n<td class=\"col5\">54.0 kg<\/td>\n<td class=\"col6\">MME C.WHITFIELD<\/td>\n<td class=\"col7\" style=\"text-align: center;\">34.0<\/td>\n<td class=\"col8\" style=\"text-align: right;\">178672 \u20ac<\/td>\n<\/tr>\n<tr class=\"row3\" style=\"text-align: left; background-color: rgb(218, 218, 226); line-height: 15px;\">\n<td class=\"col1\" style=\"text-align: center; width: 65px;font-weight: bold;\">16<\/td>\n<td class=\"col2\"><a href=\"https:\/\/www.equidia.fr\/chevaux\/lorenzo-de-medici?horse_uuid=3314e8d0-48f1-4953-a440-0e17bbf9f022\" target=\"_blank\" rel=\"noopener\">LORENZO DE MEDICI<\/a><\/td>\n<td class=\"col3\" style=\"text-align: center;\">4<\/td>\n<td class=\"col4\">F.LEFEBVRE<\/td>\n<td class=\"col5\">53.5 kg<\/td>\n<td class=\"col6\">A.FOUASSIER<\/td>\n<td class=\"col7\" style=\"text-align: center;\">33.5<\/td>\n<td class=\"col8\" style=\"text-align: right;\">138144 \u20ac<\/td>\n<\/tr>\n<p><strong>Les forces en pr\u00e9sence<\/strong><\/p>\n<p style=\"text-align: justify;\">Lors de sa rentr\u00e9e \u00e0 Dieppe, <a href=\"https:\/\/www.equidia.fr\/chevaux\/annabels-ghost?horse_uuid=1dd74a1d-18df-4607-851b-8754bfa09b28\" target=\"_blank\" rel=\"noopener\">ANNABEL&rsquo;S GHOST (2)<\/a> s&rsquo;\u00e9tait class\u00e9 troisi\u00e8me, tout pr\u00e8s de Goya Senora, pris en valeur 49,5. M\u00eame s&rsquo;il a depuis d\u00e9\u00e7u pour son retour dans les handicaps, ce pensionnaire d&rsquo;Andr\u00e9 Fabre pourrait bien refaire parler de lui \u00e0 cette valeur. <a href=\"https:\/\/www.equidia.fr\/chevaux\/woot-city?horse_uuid=0b0c3b8f-8bf1-48d5-964e-1db30513244b\" target=\"_blank\" rel=\"noopener\">WOOT CITY (8)<\/a> ne cesse de voir sa situation au poids s&rsquo;am\u00e9liorer. Confirm\u00e9 sur ce type de distances, il conduira l&rsquo;opposition en compagnie de <a href=\"https:\/\/www.equidia.fr\/chevaux\/mehlango?horse_uuid=07acc575-7750-443a-be15-7cf898fb9cc1\" target=\"_blank\" rel=\"noopener\">MEHLANGO (14)<\/a>, de retour en forme, et de <a href=\"https:\/\/www.equidia.fr\/chevaux\/lorenzo-de-medici?horse_uuid=3314e8d0-48f1-4953-a440-0e17bbf9f022\" target=\"_blank\" rel=\"noopener\">LORENZO DE MEDICI (16)<\/a>, qui a prouv\u00e9 \u00e0 maintes reprises sa comp\u00e9titivit\u00e9 \u00e0 ce niveau. <a href=\"https:\/\/www.equidia.fr\/chevaux\/acotango?horse_uuid=fb7d862c-278c-4482-bdf4-8347ee00f8f0\" target=\"_blank\" rel=\"noopener\">ACOTANGO (11)<\/a> pr\u00e9sente un profil similaire \u00e0 celui de <a href=\"https:\/\/www.equidia.fr\/chevaux\/mehlango?horse_uuid=07acc575-7750-443a-be15-7cf898fb9cc1\" target=\"_blank\" rel=\"noopener\">MEHLANGO (14)<\/a> et d\u00e9tient une belle carte \u00e0 jouer, \u00e0 condition de tenir la longue distance propos\u00e9e. <a href=\"https:\/\/www.equidia.fr\/chevaux\/pentaour?horse_uuid=b2af8ec3-30df-4b2b-83ab-09239946c328\" target=\"_blank\" rel=\"noopener\">PENTAOUR (1)<\/a>, auteur d&rsquo;une rentr\u00e9e convaincante sur plus court, s&rsquo;annonce comme un candidat au podium. <a href=\"https:\/\/www.equidia.fr\/chevaux\/super-alex?horse_uuid=b0a38f93-d99a-41ee-a8e9-6c5713951a34\" target=\"_blank\" rel=\"noopener\">SUPER ALEX (9)<\/a>, tr\u00e8s r\u00e9gulier, et <a href=\"https:\/\/www.equidia.fr\/chevaux\/ker-stormy?horse_uuid=d7ad94e5-d6c4-4bb4-8e3b-1d78c1ce8e81\" target=\"_blank\" rel=\"noopener\">KER STORMY (13)<\/a>, qui sera bien plus \u00e0 l&rsquo;aise sur la distance propos\u00e9e, ne doivent pas \u00eatre oubli\u00e9s au moment du choix.<\/p>\n<p><strong>Le prono de FREDDY BOERSCH<\/strong><\/p>\n<tr cellpadding=\"0\" cellspacing=\"10\" class=\"row5\" style=\"text-align: left; background-color: #FFFFFF; font-size: 130%;\">\n<td style=\"text-align: center;\">2<\/td>\n<td style=\"text-align: center;\">8<\/td>\n<td style=\"text-align: center;\">14<\/td>\n<td style=\"text-align: center;\">16<\/td>\n<td style=\"text-align: center;\">11<\/td>\n<td style=\"text-align: center;\">1<\/td>\n<td style=\"text-align: center;\">9<\/td>\n<td style=\"text-align: center;\">13<\/td>\n<\/tr>\n<tr class=\"row6\" style=\"text-align: center; background-color: #FFFFFF; column-width: 6rem;\">\n<td class=\"col2\"><img decoding=\"async\" alt=\"casaque_ANNABEL'S GHOST\" class=\"cas\" src=\"https:\/\/www.europesays.com\/fr\/wp-content\/uploads\/2025\/10\/20251019-r1c4p2-png.png\" style=\" width: 70%;\"\/><\/p>\n<p class=\"col10\" style=\"font-size: x-small; line-height: 11px;;\">ANNABEL&rsquo;S GHOST<\/p>\n<\/td>\n<td class=\"col8\"><img decoding=\"async\" alt=\"casaque_WOOT CITY\" class=\"cas\" src=\"https:\/\/www.europesays.com\/fr\/wp-content\/uploads\/2025\/10\/20251019-r1c4p8-png.png\" style=\" width: 70%;\"\/><\/p>\n<p class=\"col10\" style=\"font-size: x-small; line-height: 11px;;\">WOOT CITY<\/p>\n<\/td>\n<td class=\"col14\"><img decoding=\"async\" alt=\"casaque_MEHLANGO\" class=\"cas\" src=\"https:\/\/www.europesays.com\/fr\/wp-content\/uploads\/2025\/10\/20251019-r1c4p14-png.png\" style=\" width: 70%;\"\/><\/p>\n<p class=\"col10\" style=\"font-size: x-small; line-height: 11px;;\">MEHLANGO<\/p>\n<\/td>\n<td class=\"col16\"><img decoding=\"async\" alt=\"casaque_LORENZO DE MEDICI\" class=\"cas\" src=\"https:\/\/www.europesays.com\/fr\/wp-content\/uploads\/2025\/10\/20251019-r1c4p16-png.png\" style=\" width: 70%;\"\/><\/p>\n<p class=\"col10\" style=\"font-size: x-small; line-height: 11px;;\">LORENZO DE MEDICI<\/p>\n<\/td>\n<td class=\"col11\"><img decoding=\"async\" alt=\"casaque_ACOTANGO\" class=\"cas\" src=\"https:\/\/www.europesays.com\/fr\/wp-content\/uploads\/2025\/10\/20251019-r1c4p11-png.png\" style=\" width: 70%;\"\/><\/p>\n<p class=\"col10\" style=\"font-size: x-small; line-height: 11px;;\">ACOTANGO<\/p>\n<\/td>\n<td class=\"col1\"><img decoding=\"async\" alt=\"casaque_PENTAOUR\" class=\"cas\" src=\"https:\/\/www.europesays.com\/fr\/wp-content\/uploads\/2025\/10\/20251019-r1c4p1-png.png\" style=\" width: 70%;\"\/><\/p>\n<p class=\"col10\" style=\"font-size: x-small; line-height: 11px;;\">PENTAOUR<\/p>\n<\/td>\n<td class=\"col9\"><img decoding=\"async\" alt=\"casaque_SUPER ALEX\" class=\"cas\" src=\"https:\/\/www.europesays.com\/fr\/wp-content\/uploads\/2025\/10\/20251019-r1c4p9-png.png\" style=\" width: 70%;\"\/><\/p>\n<p class=\"col10\" style=\"font-size: x-small; line-height: 11px;;\">SUPER ALEX<\/p>\n<\/td>\n<td class=\"col13\"><img decoding=\"async\" alt=\"casaque_KER STORMY\" class=\"cas\" src=\"https:\/\/www.europesays.com\/fr\/wp-content\/uploads\/2025\/10\/20251019-r1c4p13-png.png\" style=\" width: 70%;\"\/><\/p>\n<p class=\"col10\" style=\"font-size: x-small; line-height: 11px;;\">KER STORMY<\/p>\n<\/td>\n<\/tr>\n<p><a href=\"https:\/\/servedby.revive-adserver.net\/ck.php?n=a3265498&amp;cb=1234\" target=\"_blank\" rel=\"noopener\"><img decoding=\"async\" alt=\"\" border=\"0\" src=\"https:\/\/www.europesays.com\/fr\/wp-content\/uploads\/2025\/10\/1760827947_880_avw\"\/><\/a><\/p>\n<p><strong>Les partants en d\u00e9tail (par F. BOERSCH) et l&rsquo;avis des pros (par S. KOHAIZA)<\/strong><\/p>\n<p id=\"ch_PENTAOUR\" style=\"margin-bottom: 1%;\"><a href=\"https:\/\/www.equidia.fr\/chevaux\/pentaour?horse_uuid=b2af8ec3-30df-4b2b-83ab-09239946c328\" target=\"_blank\" rel=\"noopener\">1 &#8211; \u00a0<img decoding=\"async\" alt=\"casaque_PENTAOUR\" src=\"https:\/\/www.europesays.com\/fr\/wp-content\/uploads\/2025\/10\/1760827948_600_20251019-r1c4p1-png.png\" style=\"width: 4.5%; margin :0; vertical-align : middle;\"\/>\u00a0\u00a0PENTAOUR<\/a><\/p>\n<p style=\"text-align: justify;\">Apr\u00e8s sa victoire dans un Quint\u00e9+ en juin \u00e0 Compi\u00e8gne, ce pensionnaire d&rsquo;Ad\u00e9la\u00efde Budka a b\u00e9n\u00e9fici\u00e9 d&rsquo;un break durant l&rsquo;\u00e9t\u00e9. Il vient de r\u00e9aliser une rentr\u00e9e convaincante sur cette piste, sur plus court. Il ne devrait pas \u00eatre d\u00e9rang\u00e9 par l&rsquo;allongement de la distance et s&rsquo;annonce comme un candidat au podium.<\/p>\n<p><strong>Adela\u00efde Budka, entra\u00eeneur : <\/strong><\/p>\n<p style=\"text-align: justify;\">\u00ab Pentaour (1) devait initialement disputer une Listed au mois de novembre mais le cheval est dans un tel \u00e9tat de forme, que j&rsquo;ai d\u00e9cid\u00e9 de le suppl\u00e9menter dans cette \u00e9preuve. De surcro\u00eet, il va \u00e9voluer en plein sur sa distance et adore la piste de ParisLongchamp. Si tout se passe bien, il a les moyens de jouer un bon r\u00f4le dans ce lot nettement \u00e0 sa port\u00e9e. \u00bb<\/p>\n<p id=\"ch_ANNABEL'S GHOST\" style=\"margin-bottom: 1%;\"><a href=\"https:\/\/www.equidia.fr\/chevaux\/annabels-ghost?horse_uuid=1dd74a1d-18df-4607-851b-8754bfa09b28\" target=\"_blank\" rel=\"noopener\">2 &#8211; \u00a0<img decoding=\"async\" alt=\"casaque_ANNABEL'S GHOST\" src=\"https:\/\/www.europesays.com\/fr\/wp-content\/uploads\/2025\/10\/1760827949_343_20251019-r1c4p2-png.png\" style=\"width: 4.5%; margin :0; vertical-align : middle;\"\/>\u00a0\u00a0ANNABEL&rsquo;S GHOST<\/a><\/p>\n<p style=\"text-align: justify;\">Troisi\u00e8me d&rsquo;une Classe 2 de bon niveau \u00e0 Dieppe durant l&rsquo;\u00e9t\u00e9, ce pensionnaire d&rsquo;Andr\u00e9 Fabre a eu d&rsquo;autres ambitions durant sa carri\u00e8re, mais s&rsquo;est toutefois montr\u00e9e tr\u00e8s d\u00e9cevant lors de son retour dans les Quint\u00e9+. Il a cependant \u00e9t\u00e9 abaiss\u00e9e d&rsquo;un kilo et s&rsquo;est illustr\u00e9 \u00e0 meilleur niveau par le pass\u00e9. \u00c0 reprendre imp\u00e9rativement !<\/p>\n<p><strong>Arthur Moss\u00e9, jockey : <\/strong><\/p>\n<p style=\"text-align: justify;\">\u00ab Je suis content de retrouver Annabel&rsquo;s Ghost (2) en comp\u00e9tition. C&rsquo;est un cheval que j&rsquo;affectionne particuli\u00e8rement et avec lequel j&rsquo;ai eu la chance de franchir le poteau en t\u00eate \u00e0 deux reprises. Je pense qu&rsquo;il ne faut pas prendre au pied de la lettre ses derniers r\u00e9sultats bruts. Sur ce qu&rsquo;il m&rsquo;a montr\u00e9 par le pass\u00e9, il a les moyens de bien faire dans un bon jour. \u00bb<\/p>\n<p id=\"ch_HASTA LA VISTA\" style=\"margin-bottom: 1%;\"><a href=\"https:\/\/www.equidia.fr\/chevaux\/hasta-la-vista-225313?horse_uuid=19b70c79-1474-41ee-95da-9d1b5995204c\" target=\"_blank\" rel=\"noopener\">3 &#8211; \u00a0<img decoding=\"async\" alt=\"casaque_HASTA LA VISTA\" src=\"https:\/\/www.europesays.com\/fr\/wp-content\/uploads\/2025\/10\/20251019-r1c4p3-png.png\" style=\"width: 4.5%; margin :0; vertical-align : middle;\"\/>\u00a0\u00a0HASTA LA VISTA<\/a><\/p>\n<p style=\"text-align: justify;\">Ce concurrent de Jean-Pierre Gauvin a pris part \u00e0 cinq handicaps au cours de sa carri\u00e8re et a toujours termin\u00e9 parmi les cinq premiers. En dernier lieu, il a fourni un bon effort final et s&rsquo;est class\u00e9 cinqui\u00e8me du Quint\u00e9+ du 16 septembre. Tr\u00e8s r\u00e9gulier, il ne poss\u00e8de pas une grande marge de man\u0153uvre mais peut se placer, comme d&rsquo;autres.<\/p>\n<p><strong>Jean-Pierre Gauvin, entra\u00eeneur : <\/strong><\/p>\n<p style=\"text-align: justify;\">\u00ab Hasta la Vista (3) vient de bien se comporter par deux fois \u00e0 ce niveau. Le rallongement ne sera pas d\u00e9rangeant et je pense qu&rsquo;il devrait bien s&rsquo;adapter au trac\u00e9 de ParisLongchamp. Il n&rsquo;a pas trop de marge pour la victoire, mais il n&rsquo;y a pas de raison qu&rsquo;il ne r\u00e9p\u00e8te pas ses derni\u00e8res valeurs. J&rsquo;y crois pour une place. \u00bb<\/p>\n<p id=\"ch_RIKA DE LA VIS\" style=\"margin-bottom: 1%;\"><a href=\"https:\/\/www.equidia.fr\/chevaux\/rika-de-la-vis?horse_uuid=a28eda49-76b1-4883-b1fe-bc78ee3a03f6\" target=\"_blank\" rel=\"noopener\">4 &#8211; \u00a0<img decoding=\"async\" alt=\"casaque_RIKA DE LA VIS\" src=\"https:\/\/www.europesays.com\/fr\/wp-content\/uploads\/2025\/10\/20251019-r1c4p4-png.png\" style=\"width: 4.5%; margin :0; vertical-align : middle;\"\/>\u00a0\u00a0RIKA DE LA VIS<\/a><\/p>\n<p style=\"text-align: justify;\">Laur\u00e9ate d\u00e8s sa rentr\u00e9e \u00e0 Chantilly, cette \u00e9l\u00e8ve de Mario Baratti n&rsquo;a toutefois pu confirmer dans un handicap r\u00e9serv\u00e9 aux femelles ensuite. Elle n&rsquo;a encore jamais perform\u00e9 \u00e0 une valeur aussi haute et viendra dans un second choix.<\/p>\n<p><strong>Mario Baratti, entra\u00eeneur : <\/strong><\/p>\n<p style=\"text-align: justify;\">\u00ab Rika de la Vis (4) s&rsquo;est bien d\u00e9fendue en dernier lieu \u00e0 Chantilly sur une distance qui n&rsquo;\u00e9tait pas la sienne. Elle poss\u00e8de de la tenue et a d\u00e9j\u00e0 brill\u00e9 sur cette distance \u00e0 Nantes le mois dernier. De plus, elle a toujours bien couru sur cet hippodrome et le terrain ne devrait pas lui poser de probl\u00e8me. Je suis confiant : elle s&rsquo;annonce comp\u00e9titive pour les places. \u00bb<\/p>\n<p id=\"ch_XYLOPHONE\" style=\"margin-bottom: 1%;\"><a href=\"https:\/\/www.equidia.fr\/chevaux\/xylophone?horse_uuid=19016a4d-674f-4611-a155-fc292a5c4a9b\" target=\"_blank\" rel=\"noopener\">5 &#8211; \u00a0<img decoding=\"async\" alt=\"casaque_XYLOPHONE\" src=\"https:\/\/www.europesays.com\/fr\/wp-content\/uploads\/2025\/10\/20251019-r1c4p5-png.png\" style=\"width: 4.5%; margin :0; vertical-align : middle;\"\/>\u00a0\u00a0XYLOPHONE<\/a><\/p>\n<p style=\"text-align: justify;\">Apr\u00e8s plusieurs \u00e9checs, ce fils de Zarak a renou\u00e9 avec la victoire facilement \u00e0 Compi\u00e8gne le mois dernier, avant de confirmer \u00e0 Saint-Cloud le 9 octobre. Il doit composer avec huit kilos de surcharge, mais il semble avoir franchi un cap. Invaincu depuis qu&rsquo;il \u00e9volue sous la responsabilit\u00e9 de Joao Macedo Costa Oliveira, il pourrait bien poursuivre sur sa lanc\u00e9e. Notre regret !<\/p>\n<p><strong>Malone Favriaux, jockey : <\/strong><\/p>\n<p style=\"text-align: justify;\">\u00ab Je vais retrouver Xylophone (5), avec qui j&rsquo;ai gagn\u00e9 plaisamment lors de son avant-derni\u00e8re sortie. Le cheval a \u00e9t\u00e9 p\u00e9nalis\u00e9 suite \u00e0 ses deux r\u00e9centes victoires cons\u00e9cutives et affronte une opposition plus consistante. Il faudra donc voir s&rsquo;il a encore la marge n\u00e9cessaire pour bien faire, mais je suis certain que la distance ne sera pas un probl\u00e8me pour lui. \u00bb<\/p>\n<p id=\"ch_STEP MORNING\" style=\"margin-bottom: 1%;\"><a href=\"https:\/\/www.equidia.fr\/chevaux\/step-morning?horse_uuid=dcea043e-6215-4b41-8771-6acf0fd6125c\" target=\"_blank\" rel=\"noopener\">6 &#8211; \u00a0<img decoding=\"async\" alt=\"casaque_STEP MORNING\" src=\"https:\/\/www.europesays.com\/fr\/wp-content\/uploads\/2025\/10\/20251019-r1c4p6-png.png\" style=\"width: 4.5%; margin :0; vertical-align : middle;\"\/>\u00a0\u00a0STEP MORNING<\/a><\/p>\n<p style=\"text-align: justify;\">Ce concurrent de Laura H\u00e9brard de Veyrinas r\u00e9alise une belle ann\u00e9e 2025 puisqu&rsquo;il a d\u00e9j\u00e0 remport\u00e9 un Quint\u00e9+ et, plus r\u00e9cemment, un handicap \u00e0 Senonnes-Pouanc\u00e9. Il n&rsquo;a pu faire mieux que dixi\u00e8me pour son retour dans les Quint\u00e9+, mais \u00e9volue d\u00e9sormais six kilos au-dessus de la valeur qui lui avait permis de s&rsquo;imposer en janvier \u00e0 ce niveau. Il y a mieux.<\/p>\n<p><strong>Laura H\u00e9brard de Veyrinas, entra\u00eeneur : <\/strong><\/p>\n<p style=\"text-align: justify;\">\u00ab Il faut effacer la derni\u00e8re sortie de Step Morning (6) \u00e0 Compi\u00e8gne, o\u00f9 il s&rsquo;est retrouv\u00e9 trop loin durant le parcours. Le cheval va \u00e9voluer dans sa cat\u00e9gorie et retrouvera Th\u00e9o Bachelot, qui a d\u00e9j\u00e0 brill\u00e9 avec lui en r\u00e9gion parisienne. Avant le coup, c&rsquo;est une bonne chance, d&rsquo;autant que le lot est abordable. J&rsquo;esp\u00e8re qu&rsquo;il ne va pas me contredire. \u00bb<\/p>\n<p id=\"ch_VENTOSILLA\" style=\"margin-bottom: 1%;\"><a href=\"https:\/\/www.equidia.fr\/chevaux\/ventosilla?horse_uuid=a3dc1c9e-ed14-43a8-88d8-159a197869bb\" target=\"_blank\" rel=\"noopener\">7 &#8211; \u00a0<img decoding=\"async\" alt=\"casaque_VENTOSILLA\" src=\"https:\/\/www.europesays.com\/fr\/wp-content\/uploads\/2025\/10\/20251019-r1c4p7-png.png\" style=\"width: 4.5%; margin :0; vertical-align : middle;\"\/>\u00a0\u00a0VENTOSILLA<\/a><\/p>\n<p style=\"text-align: justify;\">Depuis sa victoire \u00e0 Nantes, en juin, cette repr\u00e9sentante du haras des Sablonnets a vu sa marge de man\u0153uvre nettement se r\u00e9duire, m\u00eame si elle reste capable de se placer, comme en t\u00e9moigne son second accessit \u00e0 Angers le mois dernier. Sixi\u00e8me pour son unique tentative sur cette piste, d&rsquo;autres candidatures lui sont pr\u00e9f\u00e9rables.<\/p>\n<p><strong>Christophe Lotoux, entra\u00eeneur : <\/strong><\/p>\n<p style=\"text-align: justify;\">\u00ab Ventosilla (7) aura l&rsquo;avantage d&rsquo;\u00e9voluer sur une distance et un terrain \u00e0 sa convenance ce dimanche. Si son jockey ne r\u00e9p\u00e8te pas la m\u00eame erreur qu&rsquo;\u00e0 Deauville en la montant trop loin, elle devrait \u00eatre en mesure de prendre une bonne allocation. \u00bb<\/p>\n<p id=\"ch_WOOT CITY\" style=\"margin-bottom: 1%;\"><a href=\"https:\/\/www.equidia.fr\/chevaux\/woot-city?horse_uuid=0b0c3b8f-8bf1-48d5-964e-1db30513244b\" target=\"_blank\" rel=\"noopener\">8 &#8211; \u00a0<img decoding=\"async\" alt=\"casaque_WOOT CITY\" src=\"https:\/\/www.europesays.com\/fr\/wp-content\/uploads\/2025\/10\/1760827952_262_20251019-r1c4p8-png.png\" style=\"width: 4.5%; margin :0; vertical-align : middle;\"\/>\u00a0\u00a0WOOT CITY<\/a><\/p>\n<p style=\"text-align: justify;\">Triple laur\u00e9at de Quint\u00e9+, ce pensionnaire de Fabrice Chappet ne cesse de voir sa situation au poids s&rsquo;am\u00e9liorer, puisqu&rsquo;il a perdu cinq livres en deux courses. Il a d\u00e9j\u00e0 bien couru \u00e0 ParisLongchamp et se pla\u00eet sur les longues distances. M\u00eame si sa forme est sujette \u00e0 caution, il trouve une belle occasion de refaire parler de lui. \u00c0 suivre de tr\u00e8s pr\u00e8s !<\/p>\n<p><strong>L&rsquo;avis du reporter : <\/strong><\/p>\n<p style=\"text-align: justify;\">\u00ab Woot City (8) voit sa situation au poids s&rsquo;am\u00e9liorer. D\u00e9j\u00e0 laur\u00e9at \u00e0 ce niveau, il est en mesure de refaire surface. \u00bb<\/p>\n<p id=\"ch_SUPER ALEX\" style=\"margin-bottom: 1%;\"><a href=\"https:\/\/www.equidia.fr\/chevaux\/super-alex?horse_uuid=b0a38f93-d99a-41ee-a8e9-6c5713951a34\" target=\"_blank\" rel=\"noopener\">9 &#8211; \u00a0<img decoding=\"async\" alt=\"casaque_SUPER ALEX\" src=\"https:\/\/www.europesays.com\/fr\/wp-content\/uploads\/2025\/10\/1760827953_802_20251019-r1c4p9-png.png\" style=\"width: 4.5%; margin :0; vertical-align : middle;\"\/>\u00a0\u00a0SUPER ALEX<\/a><\/p>\n<p style=\"text-align: justify;\">Cet \u00e9l\u00e8ve d&rsquo;Arthur P\u00e9an fait preuve d&rsquo;une belle r\u00e9gularit\u00e9 en comp\u00e9tition. Quatri\u00e8me du Handicap de la Manche \u00e0 Deauville, il s&rsquo;est depuis class\u00e9 sixi\u00e8me d&rsquo;une \u00e9preuve de r\u00e9f\u00e9rence \u00e0 Compi\u00e8gne. Pour la victoire, il n&rsquo;a pas la moindre marge de man\u0153uvre, mais il devrait, une nouvelle fois, batailler pour les places.<\/p>\n<p><strong>Arthur P\u00e9an, entra\u00eeneur : <\/strong><\/p>\n<p style=\"text-align: justify;\">\u00ab Super Alex (9) m&rsquo;a laiss\u00e9 un peu sur ma faim lors de sa derni\u00e8re course \u00e0 Compi\u00e8gne. Je n&rsquo;ai tout de m\u00eame pas grand-chose \u00e0 lui reprocher depuis qu&rsquo;il a rejoint mes boxes. De surcro\u00eet, il devrait appr\u00e9cier le parcours ainsi que le terrain. Sans incident, il devrait se r\u00e9habiliter. \u00bb<\/p>\n<p id=\"ch_TIC TAC\" style=\"margin-bottom: 1%;\"><a href=\"https:\/\/www.equidia.fr\/chevaux\/tic-tac-1?horse_uuid=a33c674d-b24c-4897-ad8d-58c528656a50\" target=\"_blank\" rel=\"noopener\">10 &#8211; \u00a0<img decoding=\"async\" alt=\"casaque_TIC TAC\" src=\"https:\/\/www.europesays.com\/fr\/wp-content\/uploads\/2025\/10\/20251019-r1c4p10-png.png\" style=\"width: 4.5%; margin :0; vertical-align : middle;\"\/>\u00a0\u00a0TIC TAC<\/a><\/p>\n<p style=\"text-align: justify;\">Lors du premier semestre, ce pensionnaire d&rsquo;Henri-Alex Pantall n&rsquo;a cess\u00e9 de d\u00e9cevoir. En quatre participations \u00e0 des Quint\u00e9+, il n&rsquo;a jamais fait mieux que huiti\u00e8me. Il a b\u00e9n\u00e9fici\u00e9 d&rsquo;un break durant l&rsquo;\u00e9t\u00e9, certainement dans l&rsquo;espoir de trouver des terrains profonds \u00e0 la rentr\u00e9e, ce qui n&rsquo;est toujours pas le cas. Une prochaine fois.<\/p>\n<p><strong>Henri-Alex Pantall, entra\u00eeneur : <\/strong><\/p>\n<p style=\"text-align: justify;\">\u00ab Tic Tac (10) va effectuer sa course de rentr\u00e9e et aura besoin de courir. Dans ces conditions, il m&rsquo;est difficile de vous le conseiller. \u00bb<\/p>\n<p id=\"ch_ACOTANGO\" style=\"margin-bottom: 1%;\"><a href=\"https:\/\/www.equidia.fr\/chevaux\/acotango?horse_uuid=fb7d862c-278c-4482-bdf4-8347ee00f8f0\" target=\"_blank\" rel=\"noopener\">11 &#8211; \u00a0<img decoding=\"async\" alt=\"casaque_ACOTANGO\" src=\"https:\/\/www.europesays.com\/fr\/wp-content\/uploads\/2025\/10\/1760827954_325_20251019-r1c4p11-png.png\" style=\"width: 4.5%; margin :0; vertical-align : middle;\"\/>\u00a0\u00a0ACOTANGO<\/a><\/p>\n<p style=\"text-align: justify;\">Lors de ses deux derni\u00e8res tentatives dans des handicaps, ce prot\u00e9g\u00e9 de Bruce Collet s&rsquo;est class\u00e9 \u00e0 chaque fois deuxi\u00e8me. Il a ainsi prouv\u00e9 sa comp\u00e9titivit\u00e9. Il va toutefois courir pour la premi\u00e8re fois sur une distance aussi longue. S&rsquo;il n&rsquo;est pas d\u00e9rang\u00e9 par cela, il devrait prendre une part active \u00e0 l&rsquo;arriv\u00e9e.<\/p>\n<p><strong>Mathieu Boutin, entra\u00eeneur : <\/strong><\/p>\n<p style=\"text-align: justify;\">\u00ab Acotango (11) va s&rsquo;essayer pour la premi\u00e8re fois sur cette longue distance, mais d&rsquo;apr\u00e8s les dires de son jockey, il devrait bien s&rsquo;y adapter. Le cheval est en forme, et un terrain bien souple ne pourra que le satisfaire. \u00bb<\/p>\n<p id=\"ch_HATIM\" style=\"margin-bottom: 1%;\"><a href=\"https:\/\/www.equidia.fr\/chevaux\/hatim-2?horse_uuid=03b48b1e-6ef0-44e2-a10d-14c02a8c5cff\" target=\"_blank\" rel=\"noopener\">12 &#8211; \u00a0<img decoding=\"async\" alt=\"casaque_HATIM\" src=\"https:\/\/www.europesays.com\/fr\/wp-content\/uploads\/2025\/10\/20251019-r1c4p12-png.png\" style=\"width: 4.5%; margin :0; vertical-align : middle;\"\/>\u00a0\u00a0HATIM<\/a><\/p>\n<p style=\"text-align: justify;\">Auteur d&rsquo;une rentr\u00e9e victorieuse \u00e0 Toulouse sur 2 400 m\u00e8tres, ce concurrent du Cheikh Abdullah Bin Khalifa Al Thani s&rsquo;est ensuite comport\u00e9 honorablement dans divers handicaps. Il vient de prendre une bonne troisi\u00e8me place dans une deuxi\u00e8me \u00e9preuve \u00e0 Compi\u00e8gne et Maxime Guyon lui renouvelle sa confiance. M\u00eame s&rsquo;il va d\u00e9couvrir ParisLongchamp, il a son mot \u00e0 dire pour les places.<\/p>\n<p><strong>Fran\u00e7ois Rohaut, entra\u00eeneur : <\/strong><\/p>\n<p style=\"text-align: justify;\">\u00ab Hatim (12) a fait une bonne rentr\u00e9e malgr\u00e9 un num\u00e9ro en dehors qui l&rsquo;a contraint \u00e0 voyager en \u00e9paisseur. Le cheval est rest\u00e9 en bonne condition et la distance ne lui posera pas de probl\u00e8me. Tous les feux sont au vert : j&rsquo;en attends un bon comportement. \u00bb<\/p>\n<p id=\"ch_KER STORMY\" style=\"margin-bottom: 1%;\"><a href=\"https:\/\/www.equidia.fr\/chevaux\/ker-stormy?horse_uuid=d7ad94e5-d6c4-4bb4-8e3b-1d78c1ce8e81\" target=\"_blank\" rel=\"noopener\">13 &#8211; \u00a0<img decoding=\"async\" alt=\"casaque_KER STORMY\" src=\"https:\/\/www.europesays.com\/fr\/wp-content\/uploads\/2025\/10\/1760827955_711_20251019-r1c4p13-png.png\" style=\"width: 4.5%; margin :0; vertical-align : middle;\"\/>\u00a0\u00a0KER STORMY<\/a><\/p>\n<p style=\"text-align: justify;\">Lors de sa rentr\u00e9e, cet \u00e9l\u00e8ve de Norbert Leenders s&rsquo;est plaisamment impos\u00e9 dans un lot relev\u00e9. Il n&rsquo;a toutefois pu confirmer lors de ses sorties suivantes, disput\u00e9es sur des distances certainement un peu courtes pour lui. Il devrait se plaire sur ce parcours et pourrait bien briller, m\u00eame s&rsquo;il n&rsquo;a pas de r\u00e9f\u00e9rences \u00e0 cette valeur. Surprise possible !<\/p>\n<p><strong>Norbert Leenders, entra\u00eeneur : <\/strong><\/p>\n<p style=\"text-align: justify;\">\u00ab Il ne faut pas tenir rigueur des deux r\u00e9centes sorties de Ker Stormy (13) qui n&rsquo;\u00e9voluait pas sur sa distance. Je n&rsquo;avais pas trop le choix des engagements mais il va retrouver cette fois une distance \u00e0 sa convenance. J&rsquo;esp\u00e8re juste qu&rsquo;il ne pleuvra pas trop d&rsquo;ici l\u00e0. Pour la victoire, la t\u00e2che semble compliqu\u00e9e mais il a les moyens d&rsquo;accrocher une petite place. \u00bb<\/p>\n<p id=\"ch_MEHLANGO\" style=\"margin-bottom: 1%;\"><a href=\"https:\/\/www.equidia.fr\/chevaux\/mehlango?horse_uuid=07acc575-7750-443a-be15-7cf898fb9cc1\" target=\"_blank\" rel=\"noopener\">14 &#8211; \u00a0<img decoding=\"async\" alt=\"casaque_MEHLANGO\" src=\"https:\/\/www.europesays.com\/fr\/wp-content\/uploads\/2025\/10\/1760827956_342_20251019-r1c4p14-png.png\" style=\"width: 4.5%; margin :0; vertical-align : middle;\"\/>\u00a0\u00a0MEHLANGO<\/a><\/p>\n<p style=\"text-align: justify;\">Apr\u00e8s plusieurs \u00e9checs, ce prot\u00e9g\u00e9 de Fabien Jolivet vient de refaire surface \u00e0 Saint-Cloud en se classant troisi\u00e8me, juste derri\u00e8re ACOTANGO (11). Il doit certes faire ses preuves sur la distance propos\u00e9e, mais il a conclu plaisamment \u00e0 l&rsquo;int\u00e9rieur lors de sa derni\u00e8re sortie et semble en mesure de confirmer, d&rsquo;autant plus qu&rsquo;il b\u00e9n\u00e9ficiera de la confiance de son entourage.<\/p>\n<p><strong>Rosario Mangione, jockey : <\/strong><\/p>\n<p style=\"text-align: justify;\">\u00ab Mehlango (14) vient de bien se comporter \u00e0 Saint-Cloud et va retrouver les Quint\u00e9+ avec un kilo de moins. J&rsquo;esp\u00e8re simplement que le terrain ne sera pas trop souple avec les pluies annonc\u00e9s. S&rsquo;il r\u00e9p\u00e8te sa derni\u00e8re valeur, il a le droit de participer \u00e0 l&rsquo;arriv\u00e9e d&rsquo;autant que le rallongement de la distance devrait servir ses int\u00e9r\u00eats. \u00bb<\/p>\n<p id=\"ch_BADEN ROCKS\" style=\"margin-bottom: 1%;\"><a href=\"https:\/\/www.equidia.fr\/chevaux\/baden-rocks?horse_uuid=aa6d613e-3a32-4577-9c61-1694348ba588\" target=\"_blank\" rel=\"noopener\">15 &#8211; \u00a0<img decoding=\"async\" alt=\"casaque_BADEN ROCKS\" src=\"https:\/\/www.europesays.com\/fr\/wp-content\/uploads\/2025\/10\/20251019-r1c4p15-png.png\" style=\"width: 4.5%; margin :0; vertical-align : middle;\"\/>\u00a0\u00a0BADEN ROCKS<\/a><\/p>\n<p style=\"text-align: justify;\">Surprenant vainqueur d&rsquo;une deuxi\u00e8me \u00e9preuve au mois d&rsquo;ao\u00fbt \u00e0 Deauville, ce repr\u00e9sentant de l&rsquo;\u00e9curie Hayley n&rsquo;a toutefois pu confirmer lors de sa derni\u00e8re tentative \u00e0 Strasbourg, alors qu&rsquo;il b\u00e9n\u00e9ficiait de cinq livres de d\u00e9charge. Il monte de cat\u00e9gorie et n&rsquo;aura donc pas la partie facile.<\/p>\n<p><strong>Conny Whitfield, entra\u00eeneur : <\/strong><\/p>\n<p style=\"text-align: justify;\">\u00ab Baden Rocks (15) est rest\u00e9 en bonne condition depuis sa r\u00e9cente cinqui\u00e8me place \u00e0 Strasbourg. Le cheval va de nouveau \u00e9voluer en plein sur sa distance et le terrain ne sera pas d\u00e9rangeant pour lui ce dimanche. Au vu du lot, sa t\u00e2che ne sera pas forc\u00e9ment ais\u00e9e mais je pense qu&rsquo;il devrait tout de m\u00eame se montrer comp\u00e9titif pour les places. \u00bb<\/p>\n<p id=\"ch_LORENZO DE MEDICI\" style=\"margin-bottom: 1%;\"><a href=\"https:\/\/www.equidia.fr\/chevaux\/lorenzo-de-medici?horse_uuid=3314e8d0-48f1-4953-a440-0e17bbf9f022\" target=\"_blank\" rel=\"noopener\">16 &#8211; \u00a0<img decoding=\"async\" alt=\"casaque_LORENZO DE MEDICI\" src=\"https:\/\/www.europesays.com\/fr\/wp-content\/uploads\/2025\/10\/1760827957_258_20251019-r1c4p16-png.png\" style=\"width: 4.5%; margin :0; vertical-align : middle;\"\/>\u00a0\u00a0LORENZO DE MEDICI<\/a><\/p>\n<p style=\"text-align: justify;\">Cet \u00e9l\u00e8ve d&rsquo;Adrien Fouassier fait preuve d&rsquo;une belle r\u00e9gularit\u00e9 en comp\u00e9tition et a prouv\u00e9 \u00e0 plusieurs reprises sa comp\u00e9titivit\u00e9 en valeur 33,5. Jamais plus loin que deuxi\u00e8me sur les distances sup\u00e9rieures \u00e0 3 000 m\u00e8tres, il devrait, une nouvelle fois, r\u00e9pondre pr\u00e9sent.<\/p>\n<p><strong>Adrien Fouassier, entra\u00eeneur : <\/strong><\/p>\n<p style=\"text-align: justify;\">\u00ab Lorenzo de Medici (16) est un super cheval qui fait preuve d&rsquo;une louable r\u00e9gularit\u00e9 cette ann\u00e9e. Le cheval est en bonne forme et je suis satisfait d&rsquo;\u00eatre tomb\u00e9 dans le bas de la premi\u00e8re \u00e9preuve. Il a d\u00e9j\u00e0 fait ses preuves sur cette distance mais il ne faudra juste pas qu&rsquo;il pleuve de trop. Si tel est le cas, sa place est encore \u00e0 l&rsquo;arriv\u00e9e. \u00bb<\/p>\n<p><strong>Les favoris de la presse<\/strong><\/p>\n<p class=\"synthese\"><strong>SYNTH\u00c8SE \u00a0\u00a0\u00a0\u00a03\u00a0\u00a0&#8211;\u00a0\u00a016\u00a0\u00a0&#8211;\u00a0\u00a09\u00a0\u00a0&#8211;\u00a0\u00a012\u00a0\u00a0&#8211;\u00a0\u00a07\u00a0\u00a0&#8211;\u00a0\u00a01\u00a0\u00a0&#8211;\u00a0\u00a05\u00a0\u00a0&#8211;\u00a0\u00a011<\/strong><\/p>\n<p><a href=\"https:\/\/servedby.revive-adserver.net\/ck.php?n=aa10a822&amp;cb=1234\" target=\"_blank\" rel=\"noopener\"><img decoding=\"async\" alt=\"\" border=\"0\" src=\"https:\/\/www.europesays.com\/fr\/wp-content\/uploads\/2025\/10\/1760827958_15_avw\"\/><\/a><\/p>\n<p><strong>Les stats du jour<\/strong><\/p>\n<p><img decoding=\"async\" src=\"https:\/\/www.europesays.com\/fr\/wp-content\/uploads\/2025\/10\/1019_stats-web-jpg\"\/><\/p>\n<p><strong>Nos \u00e9missions de pronos<\/strong><a href=\"https:\/\/www.equidia.fr\/emissions\/3-mn-q-2023\" target=\"_blank\" rel=\"noopener\"><img decoding=\"async\" alt=\"3min-pronos\" class=\"img_prono\" src=\"https:\/\/www.europesays.com\/fr\/wp-content\/uploads\/2025\/04\/vignette-article-3min-pronos-jpg-1.jpeg\"\/><\/a>3 mn PRONOS du 19\/10<br \/>(Disponible samedi 18 octobre 2025, \u00e0 partir de 17h55)<a href=\"https:\/\/www.equidia.fr\/emissions\/ticket-gagnant-2023\" target=\"_blank\" rel=\"noopener\"><img decoding=\"async\" alt=\"ticket-gagnant\" class=\"img_prono\" src=\"https:\/\/www.europesays.com\/fr\/wp-content\/uploads\/2025\/04\/vignette-article-ticket-gagnant-jpg-1.jpeg\"\/><\/a>TICKET GAGNANT du 19\/10<br \/>(Disponible samedi 18 octobre 2025, \u00e0 partir de 18h00)<\/p>\n","protected":false},"excerpt":{"rendered":"Les partants du Quint\u00e9+ de ce dimanche 19 octobre.PRIX RIEUSSECDIMANCHE 19 OCTOBREParisLongchamp &#8211; 3100 METRES &#8211; \u00a0D\u00c9PART :&hellip;\n","protected":false},"author":2,"featured_media":473514,"comment_status":"","ping_status":"","sticky":false,"template":"","format":"standard","meta":{"footnotes":""},"categories":[1888],"tags":[11,1777,674,1011,27,3014,12,626,3016,1821,3015,25],"class_list":{"0":"post-473513","1":"post","2":"type-post","3":"status-publish","4":"format-standard","5":"has-post-thumbnail","7":"category-paris","8":"tag-actualites","9":"tag-eu","10":"tag-europe","11":"tag-fr","12":"tag-france","13":"tag-galop","14":"tag-news","15":"tag-paris","16":"tag-plat","17":"tag-pronostics","18":"tag-qrcode","19":"tag-republique-francaise"},"share_on_mastodon":{"url":"https:\/\/pubeurope.com\/@fr\/115397628530396222","error":""},"_links":{"self":[{"href":"https:\/\/www.europesays.com\/fr\/wp-json\/wp\/v2\/posts\/473513","targetHints":{"allow":["GET"]}}],"collection":[{"href":"https:\/\/www.europesays.com\/fr\/wp-json\/wp\/v2\/posts"}],"about":[{"href":"https:\/\/www.europesays.com\/fr\/wp-json\/wp\/v2\/types\/post"}],"author":[{"embeddable":true,"href":"https:\/\/www.europesays.com\/fr\/wp-json\/wp\/v2\/users\/2"}],"replies":[{"embeddable":true,"href":"https:\/\/www.europesays.com\/fr\/wp-json\/wp\/v2\/comments?post=473513"}],"version-history":[{"count":0,"href":"https:\/\/www.europesays.com\/fr\/wp-json\/wp\/v2\/posts\/473513\/revisions"}],"wp:featuredmedia":[{"embeddable":true,"href":"https:\/\/www.europesays.com\/fr\/wp-json\/wp\/v2\/media\/473514"}],"wp:attachment":[{"href":"https:\/\/www.europesays.com\/fr\/wp-json\/wp\/v2\/media?parent=473513"}],"wp:term":[{"taxonomy":"category","embeddable":true,"href":"https:\/\/www.europesays.com\/fr\/wp-json\/wp\/v2\/categories?post=473513"},{"taxonomy":"post_tag","embeddable":true,"href":"https:\/\/www.europesays.com\/fr\/wp-json\/wp\/v2\/tags?post=473513"}],"curies":[{"name":"wp","href":"https:\/\/api.w.org\/{rel}","templated":true}]}}