{"id":473519,"date":"2025-10-18T22:55:11","date_gmt":"2025-10-18T22:55:11","guid":{"rendered":"https:\/\/www.europesays.com\/fr\/473519\/"},"modified":"2025-10-18T22:55:11","modified_gmt":"2025-10-18T22:55:11","slug":"zelensky-confie-son-amertume-aux-europeens-apres-sa-rencontre-avec-trump","status":"publish","type":"post","link":"https:\/\/www.europesays.com\/fr\/473519\/","title":{"rendered":"Zelensky confie son amertume aux Europ\u00e9ens apr\u00e8s sa rencontre avec Trump"},"content":{"rendered":"<p>\u00ab\u00a0\u00a0Donald Trump \u00e9tait de tr\u00e8s mauvaise humeur\u00a0\u00bb, a confi\u00e9 le pr\u00e9sident ukrainien, <a class=\"Link\" href=\"https:\/\/www.lepoint.fr\/tags\/volodymyr-zelensky\" data-gtm=\"click:capsule\" data-capsule=\"Lien\" target=\"_blank\" rel=\"noopener\">Volodymyr Zelensky<\/a>, aux dirigeants europ\u00e9ens lors d&rsquo;un d\u00e9briefing t\u00e9l\u00e9phonique organis\u00e9 dans la foul\u00e9e de sa rencontre avec le pr\u00e9sident am\u00e9ricain, \u00e0 Washington, vendredi. Portes ferm\u00e9es, Donald Trump \u00e9tait tr\u00e8s diff\u00e9rent de l&rsquo;homme qui plaisante devant les journalistes sur le \u00ab\u00a0prix Nobel\u00a0\u00bb d\u00e9cern\u00e9\u00a0\u00e0 une \u00ab\u00a0inconnue\u00a0\u00bb.\u00a0Cette conversation entre plusieurs dirigeants europ\u00e9ens a dur\u00e9 pr\u00e8s d&rsquo;une heure et demie, retardant d&rsquo;autant la conf\u00e9rence de presse de Zelensky sortant de la Maison-Blanche.<\/p>\n<p>Au t\u00e9l\u00e9phone, \u00e0 21\u00a0h\u00a030, le Premier ministre britannique, Keir Starmer, le Polonais Donald Tusk, l&rsquo;Italienne Giorgia Meloni, le secr\u00e9taire g\u00e9n\u00e9ral de l&rsquo;Otan, Mark Rutte, Alexander Stubb, le pr\u00e9sident finlandais et parten&#8230;<\/p>\n<p>Toute l\u2019actualit\u00e9 \u00e0 1\u20ac le premier mois<\/p>\n<p><a href=\"https:\/\/abo.lepoint.fr\/?provenance=21EDI020098\" class=\"btn\" title=\"S&#039;abonner\" data-gtm=\"click:abo|display:abo\" data-campaign=\"paywall_maison\" target=\"_blank\" rel=\"noopener\">S&rsquo;abonner<\/a><\/p>\n<p>ou<\/p>\n","protected":false},"excerpt":{"rendered":"\u00ab\u00a0\u00a0Donald Trump \u00e9tait de tr\u00e8s mauvaise humeur\u00a0\u00bb, a confi\u00e9 le pr\u00e9sident ukrainien, Volodymyr Zelensky, aux dirigeants europ\u00e9ens lors&hellip;\n","protected":false},"author":2,"featured_media":473520,"comment_status":"","ping_status":"","sticky":false,"template":"","format":"standard","meta":{"footnotes":""},"categories":[1590],"tags":[11,75,73,1777,674,12,136,220,364,135,134],"class_list":{"0":"post-473519","1":"post","2":"type-post","3":"status-publish","4":"format-standard","5":"has-post-thumbnail","7":"category-ukraine","8":"tag-actualites","9":"tag-donald-trump","10":"tag-etats-unis","11":"tag-eu","12":"tag-europe","13":"tag-news","14":"tag-otan","15":"tag-ukraine","16":"tag-union-europeenne","17":"tag-vladimir-poutine","18":"tag-volodymyr-zelensky"},"share_on_mastodon":{"url":"https:\/\/pubeurope.com\/@fr\/115397638516200985","error":""},"_links":{"self":[{"href":"https:\/\/www.europesays.com\/fr\/wp-json\/wp\/v2\/posts\/473519","targetHints":{"allow":["GET"]}}],"collection":[{"href":"https:\/\/www.europesays.com\/fr\/wp-json\/wp\/v2\/posts"}],"about":[{"href":"https:\/\/www.europesays.com\/fr\/wp-json\/wp\/v2\/types\/post"}],"author":[{"embeddable":true,"href":"https:\/\/www.europesays.com\/fr\/wp-json\/wp\/v2\/users\/2"}],"replies":[{"embeddable":true,"href":"https:\/\/www.europesays.com\/fr\/wp-json\/wp\/v2\/comments?post=473519"}],"version-history":[{"count":0,"href":"https:\/\/www.europesays.com\/fr\/wp-json\/wp\/v2\/posts\/473519\/revisions"}],"wp:featuredmedia":[{"embeddable":true,"href":"https:\/\/www.europesays.com\/fr\/wp-json\/wp\/v2\/media\/473520"}],"wp:attachment":[{"href":"https:\/\/www.europesays.com\/fr\/wp-json\/wp\/v2\/media?parent=473519"}],"wp:term":[{"taxonomy":"category","embeddable":true,"href":"https:\/\/www.europesays.com\/fr\/wp-json\/wp\/v2\/categories?post=473519"},{"taxonomy":"post_tag","embeddable":true,"href":"https:\/\/www.europesays.com\/fr\/wp-json\/wp\/v2\/tags?post=473519"}],"curies":[{"name":"wp","href":"https:\/\/api.w.org\/{rel}","templated":true}]}}