{"id":473527,"date":"2025-10-18T22:59:16","date_gmt":"2025-10-18T22:59:16","guid":{"rendered":"https:\/\/www.europesays.com\/fr\/473527\/"},"modified":"2025-10-18T22:59:16","modified_gmt":"2025-10-18T22:59:16","slug":"cette-ville-belge-fait-partie-des-plus-effrayantes-deurope-pour-feter-halloween","status":"publish","type":"post","link":"https:\/\/www.europesays.com\/fr\/473527\/","title":{"rendered":"Cette ville belge fait partie des plus effrayantes d&rsquo;Europe pour f\u00eater Halloween"},"content":{"rendered":"<p class=\"ap-StoryElement ap-StoryElement--mb ap-StoryText\">Vous l&rsquo;aurez compris, on parle ici de destinations parfaites pour se mettre dans l&rsquo;ambiance d&rsquo;Halloween gr\u00e2ce \u00e0 un d\u00e9cor qui donne des frissons. L&rsquo;\u00e9tude parle de \u00ab\u00a0tourisme effrayant\u00a0\u00bb, soit le fait de voyager vers des lieux r\u00e9put\u00e9s pour leur atmosph\u00e8re particuli\u00e8re ou leurs histoires de fant\u00f4mes. Si vous cherchez des villes avec des animations effrayantes pour l&rsquo;occasion, ce n&rsquo;est peut-\u00eatre pas le bon classement \u00e0 prendre en compte.<\/p>\n<p><a href=\"https:\/\/www.parismatch.be\/lifestyle\/tendances-et-loisirs\/2025\/10\/02\/halloween-voici-les-costumes-qui-seront-particulierement-tendance-cette-annee-WGVQ54S5SJEA3IJUGBLWYHM5MY\/\" target=\"_blank\" rel=\"noopener noreferrer\" class=\"ap-StoryInterstitialLink ap-StoryElement ap-StoryElement--mb\">Halloween : voici les costumes qui seront particuli\u00e8rement tendance cette ann\u00e9e<\/a>Quelle est la meilleure ville belge pour se plonger dans l&rsquo;ambiance d&rsquo;Halloween ?<\/p>\n<p class=\"ap-StoryElement ap-StoryElement--mb ap-StoryText\">Dans ce classement, \u00e9tabli par DiscoversCars.com, on retrouve ainsi une ville belge. Il s&rsquo;agit de\u2026 Gand, qui se hisse \u00e0 la huiti\u00e8me place, ex aequo avec York, au Royaume-Uni. Avec un total de 66 points, la ville flamande conna\u00eet pr\u00e8s de 14 heures d&rsquo;obscurit\u00e9 par jour, soit le score le plus \u00e9lev\u00e9 (partag\u00e9 par d&rsquo;autres villes). On y trouve \u00e9galement 15 b\u00e2timents gothiques m\u00e9di\u00e9vaux, qui est aussi l&rsquo;un des scores les plus \u00e9lev\u00e9s. Le prix moyen d&rsquo;un h\u00f4tel par nuit est de 388 euros, tandis que celui de la location de voiture pour le week-end s&rsquo;\u00e9l\u00e8ve \u00e0 176 euros. Ce dernier point est le plus \u00e9lev\u00e9 du top10, c&rsquo;est donc sans doute lui qui a fait perdre quelques places \u00e0 Gand.<\/p>\n<p class=\"text-left ap-StoryElement ap-StoryElement--mb ap-StoryText\">En toute premi\u00e8re place du classement, on retrouve Sibiu, en Roumanie, avec 88 points. Gda\u0144sk, en Pologne, prend la seconde position, avec 85 points et Tallinn, en Estonie, vient cl\u00f4turer le podium avec ses 82 points. On retrouve ensuite Cracovie (\u00e9galement en Pologne), Bra\u0219ov (aussi en Roumanie), Riga (Lettonie) et Rouen (France), qui arrive en septi\u00e8me place, juste avant Gand et York. Viennent ensuite Venise et Milan, qui arrivent ex aequo \u00e0 la neuvi\u00e8me position. Le top 10 se cl\u00f4ture avec \u00c9dimbourg, au Royaume-Uni.<\/p>\n<p><a href=\"https:\/\/www.parismatch.be\/actualites\/societe\/2024\/10\/31\/ce-lieu-est-lun-des-plus-hantes-de-belgique-5I4FYSLP4VFCVIUZZQFVDGCVG4\/\" target=\"_blank\" rel=\"noopener noreferrer\" class=\"ap-StoryInterstitialLink ap-StoryElement ap-StoryElement--mb\">Ce lieu est l&rsquo;un des plus hant\u00e9s de Belgique<\/a><\/p>\n<p class=\"text-left ap-StoryElement ap-StoryElement--mb ap-StoryText\">Vous savez maintenant o\u00f9 aller si vous voulez vous plonger dans une atmosph\u00e8re effrayante \u00e0 l&rsquo;occasion <a href=\"https:\/\/www.parismatch.be\/lifestyle\/tendances-et-loisirs\/2025\/10\/02\/halloween-voici-les-costumes-qui-seront-particulierement-tendance-cette-annee-WGVQ54S5SJEA3IJUGBLWYHM5MY\/\" target=\"_blank\" rel=\"noopener\">d&rsquo;Halloween<\/a>. Et vous n&rsquo;avez m\u00eame pas besoin de quitter la Belgique pour vous plonger dans l&rsquo;ambiance.<\/p>\n","protected":false},"excerpt":{"rendered":"Vous l&rsquo;aurez compris, on parle ici de destinations parfaites pour se mettre dans l&rsquo;ambiance d&rsquo;Halloween gr\u00e2ce \u00e0 un&hellip;\n","protected":false},"author":2,"featured_media":473528,"comment_status":"","ping_status":"","sticky":false,"template":"","format":"standard","meta":{"footnotes":""},"categories":[1586],"tags":[11,828,1981,9277,1777,674,1011,27,37665,20815,12,25,4824],"class_list":{"0":"post-473527","1":"post","2":"type-post","3":"status-publish","4":"format-standard","5":"has-post-thumbnail","7":"category-europe","8":"tag-actualites","9":"tag-belgique","10":"tag-classement","11":"tag-effrayant","12":"tag-eu","13":"tag-europe","14":"tag-fr","15":"tag-france","16":"tag-gand","17":"tag-halloween","18":"tag-news","19":"tag-republique-francaise","20":"tag-ville"},"share_on_mastodon":{"url":"https:\/\/pubeurope.com\/@fr\/115397654305516525","error":""},"_links":{"self":[{"href":"https:\/\/www.europesays.com\/fr\/wp-json\/wp\/v2\/posts\/473527","targetHints":{"allow":["GET"]}}],"collection":[{"href":"https:\/\/www.europesays.com\/fr\/wp-json\/wp\/v2\/posts"}],"about":[{"href":"https:\/\/www.europesays.com\/fr\/wp-json\/wp\/v2\/types\/post"}],"author":[{"embeddable":true,"href":"https:\/\/www.europesays.com\/fr\/wp-json\/wp\/v2\/users\/2"}],"replies":[{"embeddable":true,"href":"https:\/\/www.europesays.com\/fr\/wp-json\/wp\/v2\/comments?post=473527"}],"version-history":[{"count":0,"href":"https:\/\/www.europesays.com\/fr\/wp-json\/wp\/v2\/posts\/473527\/revisions"}],"wp:featuredmedia":[{"embeddable":true,"href":"https:\/\/www.europesays.com\/fr\/wp-json\/wp\/v2\/media\/473528"}],"wp:attachment":[{"href":"https:\/\/www.europesays.com\/fr\/wp-json\/wp\/v2\/media?parent=473527"}],"wp:term":[{"taxonomy":"category","embeddable":true,"href":"https:\/\/www.europesays.com\/fr\/wp-json\/wp\/v2\/categories?post=473527"},{"taxonomy":"post_tag","embeddable":true,"href":"https:\/\/www.europesays.com\/fr\/wp-json\/wp\/v2\/tags?post=473527"}],"curies":[{"name":"wp","href":"https:\/\/api.w.org\/{rel}","templated":true}]}}