{"id":473535,"date":"2025-10-18T23:05:14","date_gmt":"2025-10-18T23:05:14","guid":{"rendered":"https:\/\/www.europesays.com\/fr\/473535\/"},"modified":"2025-10-18T23:05:14","modified_gmt":"2025-10-18T23:05:14","slug":"volley-ball-a-quelques-jours-du-lancement-de-la-saison-larago-de-sete-fait-les-presentations","status":"publish","type":"post","link":"https:\/\/www.europesays.com\/fr\/473535\/","title":{"rendered":"Volley-ball\u00a0: \u00e0 quelques jours du lancement de la saison, l\u2019Arago de S\u00e8te fait les pr\u00e9sentations"},"content":{"rendered":"<p>\n                                                                Le club, lors d\u2019une soir\u00e9e r\u00e9serv\u00e9e aux partenaires, a \u00e9voqu\u00e9 l\u2019exercice 2025-2026.\n                            <\/p>\n<p>Les temps changent. Et ils sont durs. La traditionnelle soir\u00e9e de pr\u00e9sentation de l\u2019Arago de S\u00e8te s\u2019est transform\u00e9e cette ann\u00e9e en soir\u00e9e ACE (Arago Club Entreprise), organis\u00e9e ce mardi 14\u00a0octobre dans les locaux de Locawatt.<\/p>\n<p>Devant les principaux partenaires du club, le pr\u00e9sident Alain Bilicki a ainsi dress\u00e9 le portrait de l\u2019institution, rappelant entre autres que l\u2019Arago compte vingt campagnes europ\u00e9ennes, sept titres de champions de France chez les jeunes dont le dernier date de la saison derni\u00e8re et 49 saisons cons\u00e9cutives au plus haut niveau, soit le record de France tous sports confondus. Un regard vers le pass\u00e9, puis un autre vers l\u2019avenir\u00a0: \u00ab\u00a0Nous nous pr\u00e9parons pour une saison historique avec la r\u00e9novation de la halle du Barrou\u00a0\u00bb. Et le vice-pr\u00e9sident Alain Le Gall de pr\u00e9ciser\u00a0: \u00ab\u00a0D\u00e9but janvier, on devrait pouvoir y disputer la phase retour\u00a0\u00bb.<\/p>\n<p>Objectif playoffs<\/p>\n<p>Le nouvel entra\u00eeneur Fulvio Bertini a lui aussi \u00e9t\u00e9 pr\u00e9sent\u00e9 aux partenaires. L\u2019occasion pour l\u2019Italien en provenance de Saint-Nazaire de donner les grandes lignes de la saison\u00a0: \u00ab\u00a0J\u2019ai des souvenirs de mes passages \u00e0 S\u00e8te. Ici, il y a une ambiance, une \u00e9quipe toujours pr\u00eate \u00e0 se battre, des supporters proches des joueurs. Et c\u2019est notre responsabilit\u00e9 de faire un bon d\u00e9but de saison, \u00e0 B\u00e9ziers, pour se retrouver tous ici de la meilleure des fa\u00e7ons. Je suis content de la pr\u00e9paration, l\u2019ambiance dans le groupe est tr\u00e8s bonne. On ne peut pas tout contr\u00f4ler, mais on peut d\u00e9j\u00e0 le faire sur l\u2019attitude pendant les s\u00e9ances. Et sur ce point, \u00e7a fonctionne. C\u2019est la base pour bien travailler. Notre \u00e9quipe est un bon \u00ab\u00a0mix\u00a0\u00bb\u00a0entre joueurs exp\u00e9riment\u00e9s et jeunes issus du centre de formation. Ces jeunes, justement, sont d\u00e9j\u00e0 pr\u00eats pour nous suivre. Et l\u2019objectif est clair, il faut absolument disputer les playoffs.\u00a0\u00bb Les six premiers seront qualifi\u00e9s, un \u00ab\u00a0play in\u00a0\u00bb, de la 7e \u00e0 la 10e place, sera organis\u00e9 pour d\u00e9livrer les deux derniers tickets.<\/p>\n<p>La saison commencera ce mardi 21\u00a0octobre \u00e0 Paris. L\u2019Arago recevra ensuite Narbonne, \u00e0 B\u00e9ziers, le samedi\u00a025. En Coupe de France, ce sera le 4\u00a0novembre et, cette fois-ci, ce sera \u00e0 la salle Maurice-Vi\u00e9, face \u00e0 Cannes.<\/p>\n","protected":false},"excerpt":{"rendered":"Le club, lors d\u2019une soir\u00e9e r\u00e9serv\u00e9e aux partenaires, a \u00e9voqu\u00e9 l\u2019exercice 2025-2026. Les temps changent. Et ils sont&hellip;\n","protected":false},"author":2,"featured_media":473536,"comment_status":"","ping_status":"","sticky":false,"template":"","format":"standard","meta":{"footnotes":""},"categories":[1417],"tags":[1011,27,60,1470,1469],"class_list":{"0":"post-473535","1":"post","2":"type-post","3":"status-publish","4":"format-standard","5":"has-post-thumbnail","7":"category-volley","8":"tag-fr","9":"tag-france","10":"tag-sports","11":"tag-volley","12":"tag-volleyball"},"share_on_mastodon":{"url":"https:\/\/pubeurope.com\/@fr\/115397677790055987","error":""},"_links":{"self":[{"href":"https:\/\/www.europesays.com\/fr\/wp-json\/wp\/v2\/posts\/473535","targetHints":{"allow":["GET"]}}],"collection":[{"href":"https:\/\/www.europesays.com\/fr\/wp-json\/wp\/v2\/posts"}],"about":[{"href":"https:\/\/www.europesays.com\/fr\/wp-json\/wp\/v2\/types\/post"}],"author":[{"embeddable":true,"href":"https:\/\/www.europesays.com\/fr\/wp-json\/wp\/v2\/users\/2"}],"replies":[{"embeddable":true,"href":"https:\/\/www.europesays.com\/fr\/wp-json\/wp\/v2\/comments?post=473535"}],"version-history":[{"count":0,"href":"https:\/\/www.europesays.com\/fr\/wp-json\/wp\/v2\/posts\/473535\/revisions"}],"wp:featuredmedia":[{"embeddable":true,"href":"https:\/\/www.europesays.com\/fr\/wp-json\/wp\/v2\/media\/473536"}],"wp:attachment":[{"href":"https:\/\/www.europesays.com\/fr\/wp-json\/wp\/v2\/media?parent=473535"}],"wp:term":[{"taxonomy":"category","embeddable":true,"href":"https:\/\/www.europesays.com\/fr\/wp-json\/wp\/v2\/categories?post=473535"},{"taxonomy":"post_tag","embeddable":true,"href":"https:\/\/www.europesays.com\/fr\/wp-json\/wp\/v2\/tags?post=473535"}],"curies":[{"name":"wp","href":"https:\/\/api.w.org\/{rel}","templated":true}]}}