{"id":473541,"date":"2025-10-18T23:09:22","date_gmt":"2025-10-18T23:09:22","guid":{"rendered":"https:\/\/www.europesays.com\/fr\/473541\/"},"modified":"2025-10-18T23:09:22","modified_gmt":"2025-10-18T23:09:22","slug":"amoureux-de-phillip-island-di-giannantonio-veut-garder-les-pieds-sur-terre","status":"publish","type":"post","link":"https:\/\/www.europesays.com\/fr\/473541\/","title":{"rendered":"Amoureux de Phillip Island, Di Giannantonio veut \u00ab\u00a0garder les pieds sur terre\u00a0\u00bb"},"content":{"rendered":"<p>M\u00eame s&rsquo;il n&rsquo;a jamais termin\u00e9 tout en haut du classement des s\u00e9ances d&rsquo;essais de ce vendredi, <a href=\"https:\/\/fr.motorsport.com\/driver\/fabio-di-giannantonio\/289538\/\" target=\"_blank\" rel=\"noopener\">Fabio Di Giannantonio<\/a> s&rsquo;est clairement montr\u00e9 comme l&rsquo;un des hommes les plus rapides du peloton. L&rsquo;Italien est totalement sous le charme du circuit de Phillip Island\u00a0<\/p>\n<p>\u00ab\u00a0J&rsquo;appr\u00e9cie tellement rouler ici\u00a0\u00bb,\u00a0confie le pilote Ducati, interrog\u00e9 par le site du MotoGP. \u00ab\u00a0Cet endroit, c&rsquo;est le paradis. C&rsquo;est incroyable. Donc je suis tr\u00e8s motiv\u00e9 quand je suis en piste parce que j&rsquo;ai envie de profiter de chaque tour que je fais ici ce week-end. Il y a si peu de circuits comme celui-l\u00e0 dans l&rsquo;ann\u00e9e.\u00a0\u00bb<\/p>\n<p>Sa premi\u00e8re journ\u00e9e d\u2019essais libres \u00e0 Phillip Island a donc \u00e9t\u00e9, en plus d&rsquo;une balade romantique, tr\u00e8s encourageante, \u00e9tant tr\u00e8s \u00e0 l&rsquo;aise sur sa Ducati d\u00e8s les premiers tours de circuit : \u00ab\u00a0C&rsquo;\u00e9tait tr\u00e8s positif aujourd&rsquo;hui, nous avons \u00e9t\u00e9 tr\u00e8s rapides. Les sensations \u00e0 l&rsquo;avant \u00e9taient bonnes d\u00e8s le d\u00e9but, ce qui est une bonne chose surtout dans une course comme celle-ci avec autant de virages rapides.\u00a0\u00bb<\/p>\n<p>\u00ab\u00a0Nous travaillons dans la bonne direction, le feeling allait de mieux en mieux et au final j&rsquo;ai pu bien attaquer pendant le time attack. Il y a encore quelques dixi\u00e8mes \u00e0 aller chercher, mais le rythme \u00e9tait d\u00e9finitivement l\u00e0 aujourd&rsquo;hui.\u00a0\u00bb<\/p>\n<p>   <img decoding=\"async\" draggable=\"false\" src=\"https:\/\/www.europesays.com\/fr\/wp-content\/uploads\/2025\/10\/1760828962_947_fabio-di-giannantonio-vr46-rac.jpg\" alt=\"Fabio Di Giannantonio, VR46 Racing Team\" width=\"1200\" height=\"800\" loading=\"lazy\"\/> <\/p>\n<p class=\"title\">Fabio Di Giannantonio, VR46 Racing Team<\/p>\n<p class=\"photographer\">Photo de: Robert Cianflone \/ Getty Images<\/p>\n<p>Fabio Di Giannantonio appara\u00eet donc comme l&rsquo;un des favoris pour la victoire ce week-end, alors que de nombreux pilotes sont absents. Il a sembl\u00e9 que seul <a href=\"https:\/\/fr.motorsport.com\/driver\/marco-bezzecchi\/441839\/\" target=\"_blank\" rel=\"noopener\">Marco Bezzecchi<\/a> \u00e9tait de taille \u00e0 battre le pilote VR46, mais l&rsquo;Italien devra purg\u00e9 son double long-lap dimanche, ce qui le retire quasiment automatiquement de la lutte pour la gagne.\u00a0<\/p>\n<p>Malgr\u00e9 ses tr\u00e8s bonnes sensations au guidon de la GP25,\u00a0Di Giannantonio ne veut pas trop se monter la t\u00eate. Son v\u00e9ritable chass\u00e9-crois\u00e9 lors du Grand Prix du Japon, lorsqu&rsquo;il avait <a href=\"https:\/\/fr.motorsport.com\/motogp\/news\/di-giannantonio-week-end-bizarre-hors-controle\/10763402\/\" target=\"_blank\" rel=\"noopener\">d\u00e9but\u00e9 le week-end en tr\u00e8s bonne forme avant de compl\u00e8tement sombrer<\/a>, semble l&rsquo;avoir beaucoup marqu\u00e9 et il ne veut pas risquer de se faire de faux espoirs.\u00a0<\/p>\n<p>\u00ab\u00a0Ce n&rsquo;est que vendredi\u00a0\u00bb, rappelle-t-il. \u00ab\u00a0Mais nous \u00e9tions bien, j&rsquo;\u00e9tais rapide. Attendons de voir. Il faut que je recommence demain, avec la m\u00eame \u00e9nergie, nous avons encore beaucoup de travail \u00e0 faire. Ce n&rsquo;est que vendredi, il faut garder la t\u00eate sur les \u00e9paules. Mais c&rsquo;est un bon d\u00e9but pour l&rsquo;\u00e9quipe Diggia.\u00a0\u00bb<\/p>\n<p>\u00c0 la question de savoir s\u2019il se sent confiant que ses bonnes sensations perdureront tout au long du week-end, il admet en rigolant, faisant r\u00e9f\u00e9rence au changement de comportement de sa moto \u00e0 Motegi : \u00ab\u00a0Je suis d\u00e9finitivement anxieux, donc gardons les pieds sur terre.\u00a0\u00bb<\/p>\n<p>Lire aussi :<\/p>\n<p>            Votre avis nous int\u00e9resse !<\/p>\n<p class=\"mt-auto\">Qu&rsquo;aimeriez-vous voir sur Motorsport.com ?<\/p>\n<p>            <a href=\"#\" class=\"ms-link text-link font-bold\">R\u00e9pondez \u00e0 notre enqu\u00eate de 5 minutes.<\/a><\/p>\n<p class=\"mt-1 font-info text-body\">&#8211; L&rsquo;\u00e9quipe Motorsport.com<\/p>\n","protected":false},"excerpt":{"rendered":"M\u00eame s&rsquo;il n&rsquo;a jamais termin\u00e9 tout en haut du classement des s\u00e9ances d&rsquo;essais de ce vendredi, Fabio Di&hellip;\n","protected":false},"author":2,"featured_media":473542,"comment_status":"","ping_status":"","sticky":false,"template":"","format":"standard","meta":{"footnotes":""},"categories":[1413],"tags":[59692,59693,7277,1011,27,56962,1457,1456,1458,56963,60,7276],"class_list":{"0":"post-473541","1":"post","2":"type-post","3":"status-publish","4":"format-standard","5":"has-post-thumbnail","7":"category-moto","8":"tag-amoureux-de-phillip-island","9":"tag-di-giannantonio-veut-garder-les-pieds-sur-terre","10":"tag-fabio-di-giannantonio","11":"tag-fr","12":"tag-france","13":"tag-gp-daustralie","14":"tag-moto","15":"tag-motocycle","16":"tag-motogp","17":"tag-phillip-island-grand-prix-circuit","18":"tag-sports","19":"tag-team-vr46"},"share_on_mastodon":{"url":"https:\/\/pubeurope.com\/@fr\/115397693990192459","error":""},"_links":{"self":[{"href":"https:\/\/www.europesays.com\/fr\/wp-json\/wp\/v2\/posts\/473541","targetHints":{"allow":["GET"]}}],"collection":[{"href":"https:\/\/www.europesays.com\/fr\/wp-json\/wp\/v2\/posts"}],"about":[{"href":"https:\/\/www.europesays.com\/fr\/wp-json\/wp\/v2\/types\/post"}],"author":[{"embeddable":true,"href":"https:\/\/www.europesays.com\/fr\/wp-json\/wp\/v2\/users\/2"}],"replies":[{"embeddable":true,"href":"https:\/\/www.europesays.com\/fr\/wp-json\/wp\/v2\/comments?post=473541"}],"version-history":[{"count":0,"href":"https:\/\/www.europesays.com\/fr\/wp-json\/wp\/v2\/posts\/473541\/revisions"}],"wp:featuredmedia":[{"embeddable":true,"href":"https:\/\/www.europesays.com\/fr\/wp-json\/wp\/v2\/media\/473542"}],"wp:attachment":[{"href":"https:\/\/www.europesays.com\/fr\/wp-json\/wp\/v2\/media?parent=473541"}],"wp:term":[{"taxonomy":"category","embeddable":true,"href":"https:\/\/www.europesays.com\/fr\/wp-json\/wp\/v2\/categories?post=473541"},{"taxonomy":"post_tag","embeddable":true,"href":"https:\/\/www.europesays.com\/fr\/wp-json\/wp\/v2\/tags?post=473541"}],"curies":[{"name":"wp","href":"https:\/\/api.w.org\/{rel}","templated":true}]}}