{"id":473543,"date":"2025-10-18T23:10:10","date_gmt":"2025-10-18T23:10:10","guid":{"rendered":"https:\/\/www.europesays.com\/fr\/473543\/"},"modified":"2025-10-18T23:10:10","modified_gmt":"2025-10-18T23:10:10","slug":"la-grille-de-depart-isack-hadjar-commet-lirreparable","status":"publish","type":"post","link":"https:\/\/www.europesays.com\/fr\/473543\/","title":{"rendered":"la grille de d\u00e9part, Isack Hadjar commet l&rsquo;irr\u00e9parable"},"content":{"rendered":"<p>\u00c0 l&rsquo;issue d&rsquo;une s\u00e9ance de qualification marqu\u00e9e par la sortie de piste d&rsquo;Isack Hadjar, Max Verstappen s&rsquo;adjuge la pole position pour la deuxi\u00e8me fois du week-end. D\u00e9couvrez la grille de d\u00e9part du GP des \u00c9tats-Unis de F1.<\/p>\n<p>Alors que les premi\u00e8res monoplaces d\u00e9valaient le ruban d&rsquo;asphalte texan, la s\u00e9ance de qualification a rapidement \u00e9t\u00e9 interrompue d&rsquo;un drapeau rouge. Dans les toutes premi\u00e8res minutes, Isack Hadjar se fait surprendre dans le premier secteur du trac\u00e9 am\u00e9ricain.<\/p>\n<p>\u00c0 l&rsquo;origine du dernier incident lors de la course sprint du GP des \u00c9tats-Unis de F1, Lance Stroll a \u00e9t\u00e9 p\u00e9nalis\u00e9 de 10 secondes par les commissaires. N&rsquo;ayant pas \u00e9t\u00e9 en mesure de terminer l&rsquo;\u00e9preuve, cette sanction s&rsquo;est transform\u00e9 en cinq places de p\u00e9nalit\u00e9s sur la grille de d\u00e9part. Ainsi, le Canadien qualifi\u00e9 18e se voit r\u00e9trograd\u00e9 en derni\u00e8re position.<\/p>\n<p>Durant la premi\u00e8re phase de la s\u00e9ance qualificative, Lando Norris, tout juste sorti d&rsquo;un abandon en course sprint, manque de sortir de piste lors d&rsquo;un tour d&rsquo;attaque. Le Britannique se reprendra et accrochera la 2e place sur la grille de d\u00e9part du GP des \u00c9tats-Unis de F1.<\/p>\n<p>Max Verstappen quant \u00e0 lui n&rsquo;aura eu besoin que d&rsquo;un essai. En retard lors de son dernier tour de sortie, le N\u00e9erlandais prend le drapeau \u00e0 damier avant m\u00eame de s&rsquo;\u00e9lancer pour un second relais. Sur les terres am\u00e9ricaines, le quadruple champion du monde s&rsquo;adjuge sa deuxi\u00e8me position du week-end.<\/p>\n<p>La grille de d\u00e9part<\/p>\n<ol>\n<li>Max Verstappen &#8211; Red Bull<\/li>\n<li>Lando Norris &#8211; McLaren<\/li>\n<li>Charles Leclerc &#8211; Ferrari<\/li>\n<li>George Russell &#8211; Mercedes<\/li>\n<li>Lewis Hamilton &#8211; Ferrari<\/li>\n<li>Oscar Piastri &#8211; McLaren<\/li>\n<li>Kimi Antonelli &#8211; Mercedes<\/li>\n<li>Oliver Bearman &#8211; Haas<\/li>\n<li>Carlos Sainz &#8211; Williams<\/li>\n<li>Fernando Alonso &#8211; Aston Martin<\/li>\n<li>Nico H\u00fclkenberg &#8211; Sauber<\/li>\n<li>Liam Lawson &#8211; Racing Bulls<\/li>\n<li>Yuki Tsunoda &#8211; Red Bull<\/li>\n<li>Pierre Gasly &#8211; Alpine<\/li>\n<li>Franco Colapinto &#8211; Alpine\u00a0<\/li>\n<li>Gabriel Bortoleto &#8211; Sauber<\/li>\n<li>Esteban Ocon &#8211; Haas<\/li>\n<li>Lance Stroll &#8211; Aston Martin<\/li>\n<li>Alexander Albon &#8211; Williams<\/li>\n<\/ol>\n<p>Abandon<\/p>\n<p>La r\u00e9action des pilotes \u00e0 l&rsquo;arriv\u00e9e\u00a0<\/p>\n<p>D\u00e9couvrez ci-dessous les r\u00e9actions des pilotes quelques minutes apr\u00e8s avoir franchi le drapeau \u00e0 damier de la course sprint du GP des \u00c9tats-Unis de F1.<\/p>\n<p>Max Verstappen &#8211; pole position<\/p>\n<p>                    Sur quelle cha\u00eene TV et \u00e0 quelle regarder le GP des \u00c9tats-Unis de F1 ?<\/p>\n<p>Le GP des \u00c9tats-Unis de F1 est retransmis en direct sur Canal+ Sport 360 \u00e0 partir de 19h53. Le d\u00e9part de la course sera donn\u00e9 \u00e0 21h, heure fran\u00e7aise. Vous pourrez suivre le podium et le magazine Formula One apr\u00e8s la course.<\/p>\n<tr>\nSESSION<br \/>\nCHA\u00ceNE TV<br \/>\nDATE<br \/>\nHORAIRE<br \/>\n<\/tr>\n<tr>\n<td style=\"background-color:hsl(0, 0%, 100%);border:1px solid hsl(0, 0%, 90%);text-align:center;\">Course sprint<\/td>\n<td style=\"background-color:hsl(0, 0%, 100%);border:1px solid hsl(0, 0%, 90%);text-align:center;\">Canal+ Sport<\/td>\n<td style=\"background-color:hsl(0, 0%, 100%);border:1px solid hsl(0, 0%, 90%);text-align:center;\">Samedi 18 octobre<\/td>\n<td style=\"background-color:hsl(0, 0%, 100%);border:1px solid hsl(0, 0%, 90%);text-align:center;\">\u00c0 partir de 18h45<\/td>\n<\/tr>\n<tr>\n<td style=\"background-color:hsl(0, 0%, 90%);border:1px solid hsl(0, 0%, 90%);text-align:center;\">Qualifications<\/td>\n<td style=\"background-color:hsl(0, 0%, 90%);border:1px solid hsl(0, 0%, 90%);text-align:center;\">Canal+ Sport<\/td>\n<td style=\"background-color:hsl(0, 0%, 90%);border:1px solid hsl(0, 0%, 90%);text-align:center;\">Samedi 18 octobre<\/td>\n<td style=\"background-color:hsl(0, 0%, 90%);text-align:center;\">\u00c0 partir de 22h40<\/td>\n<\/tr>\n<tr>\n<td style=\"background-color:hsl(0, 0%, 100%);border:1px solid hsl(0, 0%, 90%);text-align:center;\">Course<\/td>\n<td style=\"background-color:hsl(0, 0%, 100%);border:1px solid hsl(0, 0%, 90%);text-align:center;\">Canal+ Sport 360<\/td>\n<td style=\"background-color:hsl(0, 0%, 100%);border:1px solid hsl(0, 0%, 90%);text-align:center;\">Dimanche 18 octobre<\/td>\n<td style=\"background-color:hsl(0, 0%, 100%);text-align:center;\">\u00c0 partir de 21h<\/td>\n<\/tr>\n<p>Cr\u00e9dit photo : Getty Images \/ Red Bull Pool Content.<\/p>\n","protected":false},"excerpt":{"rendered":"\u00c0 l&rsquo;issue d&rsquo;une s\u00e9ance de qualification marqu\u00e9e par la sortie de piste d&rsquo;Isack Hadjar, Max Verstappen s&rsquo;adjuge la&hellip;\n","protected":false},"author":2,"featured_media":473544,"comment_status":"","ping_status":"","sticky":false,"template":"","format":"standard","meta":{"footnotes":""},"categories":[1412],"tags":[1451,1452,1453,1454,1455,1011,27,60],"class_list":{"0":"post-473543","1":"post","2":"type-post","3":"status-publish","4":"format-standard","5":"has-post-thumbnail","7":"category-f1","8":"tag-f1","9":"tag-formula-1","10":"tag-formula1","11":"tag-formule-1","12":"tag-formule1","13":"tag-fr","14":"tag-france","15":"tag-sports"},"share_on_mastodon":{"url":"https:\/\/pubeurope.com\/@fr\/115397697688881437","error":""},"_links":{"self":[{"href":"https:\/\/www.europesays.com\/fr\/wp-json\/wp\/v2\/posts\/473543","targetHints":{"allow":["GET"]}}],"collection":[{"href":"https:\/\/www.europesays.com\/fr\/wp-json\/wp\/v2\/posts"}],"about":[{"href":"https:\/\/www.europesays.com\/fr\/wp-json\/wp\/v2\/types\/post"}],"author":[{"embeddable":true,"href":"https:\/\/www.europesays.com\/fr\/wp-json\/wp\/v2\/users\/2"}],"replies":[{"embeddable":true,"href":"https:\/\/www.europesays.com\/fr\/wp-json\/wp\/v2\/comments?post=473543"}],"version-history":[{"count":0,"href":"https:\/\/www.europesays.com\/fr\/wp-json\/wp\/v2\/posts\/473543\/revisions"}],"wp:featuredmedia":[{"embeddable":true,"href":"https:\/\/www.europesays.com\/fr\/wp-json\/wp\/v2\/media\/473544"}],"wp:attachment":[{"href":"https:\/\/www.europesays.com\/fr\/wp-json\/wp\/v2\/media?parent=473543"}],"wp:term":[{"taxonomy":"category","embeddable":true,"href":"https:\/\/www.europesays.com\/fr\/wp-json\/wp\/v2\/categories?post=473543"},{"taxonomy":"post_tag","embeddable":true,"href":"https:\/\/www.europesays.com\/fr\/wp-json\/wp\/v2\/tags?post=473543"}],"curies":[{"name":"wp","href":"https:\/\/api.w.org\/{rel}","templated":true}]}}