{"id":473558,"date":"2025-10-18T23:18:29","date_gmt":"2025-10-18T23:18:29","guid":{"rendered":"https:\/\/www.europesays.com\/fr\/473558\/"},"modified":"2025-10-18T23:18:29","modified_gmt":"2025-10-18T23:18:29","slug":"ce-film-dhorreur-qui-a-profondement-marque-jose-garcia","status":"publish","type":"post","link":"https:\/\/www.europesays.com\/fr\/473558\/","title":{"rendered":"Ce film d&rsquo;horreur qui a profond\u00e9ment marqu\u00e9 Jos\u00e9 Garcia"},"content":{"rendered":"<p>Ce 28 octobre 2025, France 2, diffuse \u00e0 21h10 un documentaire intitul\u00e9 Sur La Terre des Dinosaures. Jos\u00e9 Garcia, qui pr\u00eate sa voix au programme, se confie dans une interview accord\u00e9e \u00e0 T\u00e9l\u00e9-Loisirs et \u00e9voque son rapport \u00e0 la t\u00e9l\u00e9vision. Il y a d\u00e9couvert des classiques du cin\u00e9ma, dont un qui l&rsquo;avait particuli\u00e8rement marqu\u00e9&#8230;<\/p>\n<p>Jos\u00e9 Garcia s&rsquo;est impos\u00e9 comme une figure embl\u00e9matique du cin\u00e9ma et de la t\u00e9l\u00e9vision fran\u00e7aise. Connu pour ses r\u00f4les dans <a href=\"https:\/\/www.programme-tv.net\/news\/cinema\/380838-la-verite-si-je-mens-cette-actrice-etait-prete-a-arreter-sa-carriere-juste-avant-le-tournage-de-la-saga-culte-decouvrez-pourquoi\/\" data-api-deeplink=\"teleloisirs:\/\/news\/380838\" target=\"_blank\" rel=\"noopener\">des films devenus cultes tels que La V\u00e9rit\u00e9 si je mens<\/a>, il a \u00e9galement marqu\u00e9 le petit \u00e9cran <a href=\"https:\/\/www.programme-tv.net\/news\/tv\/352069-exclu-bientot-un-retour-de-nulle-part-ailleurs-jose-garcia-nous-explique-pourquoi-il-nest-pas-nostalgique\/\" data-api-deeplink=\"teleloisirs:\/\/news\/352069\" target=\"_blank\" rel=\"noopener\">en semant la zizanie dans l&rsquo;\u00e9mission Nulle Part Ailleurs<\/a>. Cette ann\u00e9e, l&rsquo;acteur s&rsquo;aventure dans la narration de documentaires, en pr\u00eatant sa voix au programme Sur La Terre des Dinosaures, diffus\u00e9 le 28 octobre 2025 \u00e0 21h10 sur France 2. \u00c0 cette occasion,<a href=\"https:\/\/www.programme-tv.net\/news\/people\/389790-jai-failli-quitter-la-route-comment-jose-garcia-a-echappe-de-peu-a-un-accident-de-voiture\/\" data-api-deeplink=\"teleloisirs:\/\/news\/389790\" target=\"_blank\" rel=\"noopener\"> le com\u00e9dien a accord\u00e9 une interview \u00e0 T\u00e9l\u00e9-Loisirs<\/a> dans laquelle il exprime son attachement \u00e0 la t\u00e9l\u00e9vision et raconte la grosse frayeur qu&rsquo;il a v\u00e9cue en regardant un film diffus\u00e9 sur le petit \u00e9cran.<\/p>\n<p>Jos\u00e9 Garcia :<\/p>\n<p>Alors que les jeunes d\u00e9laissent de plus en plus la t\u00e9l\u00e9vision et ses programmes pour s&rsquo;informer ou se divertir sur smartphone, certaines personnes, ayant grandi avec le petit \u00e9cran, en gardent une certaine nostalgie. C&rsquo;est notamment le cas de Jos\u00e9 Garcia qui, durant une interview accord\u00e9e \u00e0 T\u00e9l\u00e9-Loisirs, \u00e9voque : \u00ab\u00a0Moi, je suis un gamin de la t\u00e9l\u00e9, je suis n\u00e9 avec \u00e7a, et \u00e0 l\u2019\u00e9poque, il y avait \u00e9norm\u00e9ment de choses informatives. Ma premi\u00e8re culture provient de la t\u00e9l\u00e9vision.\u00a0\u00bb L&rsquo;acteur poursuit en saluant l&rsquo;importance d&rsquo;une \u00e9mission embl\u00e9matique, qui lui aurait permis de fa\u00e7onner sa \u00ab\u00a0culture cin\u00e9matographique\u00a0\u00bb et raconte \u00e0 ce sujet : \u00ab\u00a0Sur le service public, il y avait des Cin\u00e9-clubs le soir et que c\u2019\u00e9tait la seule chose que l\u2019on pouvait voir, soit le dimanche soir, soit le vendredi soir \u00e0 une \u00e9poque. On avait des films comme \u00e7a. Donc, on avait de grands critiques qui parlaient de cin\u00e9ma, et on voyait toutes les semaines un film.\u00a0\u00bb Le com\u00e9dien a \u00e9galement r\u00e9v\u00e9l\u00e9 que l&rsquo;\u00e9mission, en plus de lui avoir fait d\u00e9couvrir des classiques du 7e art, lui a caus\u00e9 de grandes frayeurs. Jos\u00e9 Garcia a en effet confi\u00e9 : \u00ab\u00a0C\u2019est comme \u00e7a que j\u2019ai eu la trouille de ma vie en regardant Nosferatu, le tout premier. J\u2019en ai encore peur maintenant\u00a0\u00bb.<\/p>\n<p>                        De quoi parle le documentaire Sur la Terre des dinosaures, narr\u00e9 par Jos\u00e9 Garcia ?<\/p>\n<p>Tr\u00e8s instructif, ce programme en deux volets suit les traces de six dinosaures \u00e0 travers le monde. Aussi captivant qu&rsquo;une fiction, il met en lumi\u00e8re les d\u00e9fis que ces animaux pr\u00e9historiques ont d\u00fb affronter avant leur extinction. Un voyage dans le temps rendu possible gr\u00e2ce \u00e0 des reconstitutions 3D saisissantes et le travail de pal\u00e9ontologues qui partagent avec passion le fruit de leurs recherches.<\/p>\n","protected":false},"excerpt":{"rendered":"Ce 28 octobre 2025, France 2, diffuse \u00e0 21h10 un documentaire intitul\u00e9 Sur La Terre des Dinosaures. Jos\u00e9&hellip;\n","protected":false},"author":2,"featured_media":473559,"comment_status":"","ping_status":"","sticky":false,"template":"","format":"standard","meta":{"footnotes":""},"categories":[1354],"tags":[244,58,59,8644,32645,1346,1011,27,2173,59697,1360,1630],"class_list":{"0":"post-473558","1":"post","2":"type-post","3":"status-publish","4":"format-standard","5":"has-post-thumbnail","7":"category-films","8":"tag-commentaire","9":"tag-divertissement","10":"tag-entertainment","11":"tag-exclu","12":"tag-film-dhorreur","13":"tag-films","14":"tag-fr","15":"tag-france","16":"tag-interview","17":"tag-josu00e9-garcia","18":"tag-movies","19":"tag-zapping"},"share_on_mastodon":{"url":"https:\/\/pubeurope.com\/@fr\/115397729643970406","error":""},"_links":{"self":[{"href":"https:\/\/www.europesays.com\/fr\/wp-json\/wp\/v2\/posts\/473558","targetHints":{"allow":["GET"]}}],"collection":[{"href":"https:\/\/www.europesays.com\/fr\/wp-json\/wp\/v2\/posts"}],"about":[{"href":"https:\/\/www.europesays.com\/fr\/wp-json\/wp\/v2\/types\/post"}],"author":[{"embeddable":true,"href":"https:\/\/www.europesays.com\/fr\/wp-json\/wp\/v2\/users\/2"}],"replies":[{"embeddable":true,"href":"https:\/\/www.europesays.com\/fr\/wp-json\/wp\/v2\/comments?post=473558"}],"version-history":[{"count":0,"href":"https:\/\/www.europesays.com\/fr\/wp-json\/wp\/v2\/posts\/473558\/revisions"}],"wp:featuredmedia":[{"embeddable":true,"href":"https:\/\/www.europesays.com\/fr\/wp-json\/wp\/v2\/media\/473559"}],"wp:attachment":[{"href":"https:\/\/www.europesays.com\/fr\/wp-json\/wp\/v2\/media?parent=473558"}],"wp:term":[{"taxonomy":"category","embeddable":true,"href":"https:\/\/www.europesays.com\/fr\/wp-json\/wp\/v2\/categories?post=473558"},{"taxonomy":"post_tag","embeddable":true,"href":"https:\/\/www.europesays.com\/fr\/wp-json\/wp\/v2\/tags?post=473558"}],"curies":[{"name":"wp","href":"https:\/\/api.w.org\/{rel}","templated":true}]}}