{"id":473564,"date":"2025-10-18T23:21:43","date_gmt":"2025-10-18T23:21:43","guid":{"rendered":"https:\/\/www.europesays.com\/fr\/473564\/"},"modified":"2025-10-18T23:21:43","modified_gmt":"2025-10-18T23:21:43","slug":"revivez-star-academy-2025-un-premier-prime-plein-de-promesses-et-deja-un-eleve-immunise","status":"publish","type":"post","link":"https:\/\/www.europesays.com\/fr\/473564\/","title":{"rendered":"REVIVEZ &#8211; Star Academy 2025 : un premier prime plein de promesses et d\u00e9j\u00e0 un \u00e9l\u00e8ve immunis\u00e9"},"content":{"rendered":"<ul class=\"jsx-862013697 ArticleChapo__List\">\n<li class=\"jsx-862013697 ArticleChapo__List_Item flex\">Quelques mois apr\u00e8s la victoire de Marine, \u00ab\u00a0Star Academy\u00a0\u00bb faisait son retour samedi soir sur TF1.<\/li>\n<li class=\"jsx-862013697 ArticleChapo__List_Item flex\">17 nouveaux \u00e9l\u00e8ves composent la promo 2025 que vous avez pu d\u00e9couvrir en direct comment\u00e9 sur TF1Info.<\/li>\n<li class=\"jsx-862013697 ArticleChapo__List_Item flex\">Suivez la saison d\u00e8s maintenant en streaming sur TF1+.<\/li>\n<\/ul>\n<p><a href=\"https:\/\/www.tf1info.fr\/actualite\/star-academy-2025-videos-replay-tf1-casting-des-candidats-nouvelle-saison-14352\/\" rel=\"noopener\" class=\"jsx-484472199 Link jsx-1428418400 jsx-798756813\" target=\"_blank\"><\/p>\n<p style=\"font-weight:400\" class=\"jsx-1837267516\">Suivez la couverture compl\u00e8te<\/p>\n<p style=\"font-weight:800\" class=\"jsx-1837267516\">Star Academy 2025<\/p>\n<p><\/a><\/p>\n<p data-module=\"article-paragraph\" class=\"jsx-3046738180 Paragraph Paragraph__End\">C\u2019est parti pour la nouvelle promo de \u00ab\u00a0Star Academy\u00a0\u00bb, d\u00e9voil\u00e9e samedi soir en direct sur TF1. Pas moins de 17 ans \u00e9l\u00e8ves ont rejoint le Ch\u00e2teau de Dammarie-les-Lys tard dans la soir\u00e9e, \u00e0 l\u2019issue d\u2019un premier prime tr\u00e8s prometteur en pr\u00e9sence de Marine, la gagnante de la pr\u00e9c\u00e9dente saison qui a vers\u00e9 sa petite larme \u00e0 plusieurs reprises. Il faut dire que certains de ces jeunes talents inconnus du public ont livr\u00e9 des performances \u00e9patantes \u00e0 l\u2019image de Victor, un Parisien de 24 ans qui a propos\u00e9 <a href=\"https:\/\/www.tf1.fr\/tf1\/star-academy\/videos\/star-academy-2025-victor-chante-my-way-de-franck-sinatra-84954211.html\" target=\"_blank\" rel=\"noopener\">une version sublime de \u00ab\u00a0My Way\u00a0\u00bb de Frank Sinatra<\/a>.<\/p>\n<p data-module=\"article-paragraph\" class=\"jsx-3046738180 Paragraph Paragraph__End\">D\u00e9sign\u00e9 meilleur \u00e9l\u00e8ve du jour par Michael Goldman et les professeurs, il sera immunis\u00e9 lors du prochain prime. Plus t\u00f4t dans la soir\u00e9e, c\u2019est l\u2019\u00e9mouvante Sarah qui avait ouvert le bal avec <a href=\"https:\/\/www.tf1.fr\/tf1\/star-academy\/videos\/star-academy-2025-sarah-chante-someone-like-you-dadele-40920890.html\" target=\"_blank\" rel=\"noopener\">une version \u00e0 fleur de peau de \u00ab\u00a0Someone Like You\u00a0\u00bb de Adele<\/a>. Mention sp\u00e9ciale \u00e9galement \u00e0 Ambre, 18 ans, la benjamine de la promo qui a fait le show sur <a href=\"https:\/\/www.tf1.fr\/tf1\/star-academy\/videos\/star-academy-2025-ambre-chante-entrer-dans-la-lumiere-de-patricia-kaas-04877303.html\" target=\"_blank\" rel=\"noopener\">\u00ab\u00a0Entrer dans la lumi\u00e8re\u00a0\u00bb de Patricia Kaas<\/a>. Ou encore \u00e0 la jeune Lily, 22 ans, tr\u00e8s l\u2019aise avec sa guitare sur <a href=\"https:\/\/www.tf1.fr\/tf1\/star-academy\/videos\/star-academy-2025-lily-chante-messy-de-lola-young-45501690.html\" target=\"_blank\" rel=\"noopener\">le tube \u00ab\u00a0Messy\u00a0\u00bb de Lola Young<\/a>.\u00a0<\/p>\n<p data-module=\"article-paragraph\" class=\"jsx-3046738180 Paragraph Paragraph__End\">Apr\u00e8s une tr\u00e8s courte nuit de sommeil, tout ce petit monde aura droit dimanche au premier d\u00e9brief de la prof d\u2019expression sc\u00e9nique Marl\u00e8ne Schaff. Avant les premiers cours et les premi\u00e8res \u00e9valuations qui se d\u00e9rouleront sur deux jours en raison du nombre important d&rsquo;\u00e9l\u00e8ves cette ann\u00e9e. La semaine prochaine, l\u2019un ou l\u2019une d\u2019entre eux quittera d\u00e9j\u00e0 l\u2019aventure. Rendez-vous samedi prochain sur TF1Info pour le deuxi\u00e8me prime&#8230; et les premi\u00e8res larmes de la saison !<\/p>\n<p>Minute par minuteL&rsquo;ARRIV\u00c9E AU CH\u00c2TEAU01:19<\/p>\n<p>Tard dans la nuit, les 17 \u00e9l\u00e8ves de la nouvelle promo ont franchi les grilles du ch\u00e2teau de Dammarie-les-Lys. Regardez&#8230;<\/p>\n<p>Star Academy 2025 &#8211; Premi\u00e8re arriv\u00e9e au Ch\u00e2teau pour la nouvelle promo !Source : Star Academy<\/p>\n<p><img decoding=\"async\" src=\"https:\/\/photos.tf1info.fr\/images\/383\/215\/chateau-c4b2f4-21df12-0@1x.jpeg\" alt=\"Star Academy 2025 - Premi\u00e8re arriv\u00e9e au Ch\u00e2teau pour la nouvelle promo !\" loading=\"lazy\" importance=\"low\" fetchpriority=\"low\" class=\"\"\/><img decoding=\"async\" src=\"https:\/\/www.tf1info.fr\/images\/icons\/player-logo-play.svg\" alt=\"Logo lecture\" class=\"jsx-d0de44c05fe3042c PlayerLazyload__Play\"\/>HAPPY BIRTHDAY L\u00c9A !01:06<\/p>\n<p>C&rsquo;est dans le bus pour Dammarie-les-Lys que la Suissesse L\u00e9a a f\u00eat\u00e9 son anniversaire dans la nuit de samedi \u00e0 dimanche. Regardez&#8230;<\/p>\n<p>Star Academy 2025 &#8211; Meilleur anniversaire ever pour L\u00e9a&#8230; dans le busSource : Star Academy<\/p>\n<p><img decoding=\"async\" src=\"https:\/\/photos.tf1info.fr\/images\/383\/215\/meilleur-anniversaire-ever-pour-lea-dans-le-bus-91c524-ce9981-0@1x.jpeg\" alt=\"Star Academy 2025 - Meilleur anniversaire ever pour L\u00e9a... dans le bus\" loading=\"lazy\" importance=\"low\" fetchpriority=\"low\" class=\"\"\/><img decoding=\"async\" src=\"https:\/\/www.tf1info.fr\/images\/icons\/player-logo-play.svg\" alt=\"Logo lecture\" class=\"jsx-d0de44c05fe3042c PlayerLazyload__Play\"\/>D\u00c9COUVREZ L&rsquo;HYMNE DE LA SAISON01:04<\/p>\n<p>Cette ann\u00e9e, c&rsquo;est un \u00e9norme tube disco qui ouvrira le prime&#8230;<\/p>\n<p>Star Academy 2025 &#8211; L&rsquo;hymne de la saison 2025 est&#8230;Source : Star Academy<\/p>\n<p><img decoding=\"async\" src=\"https:\/\/photos.tf1info.fr\/images\/383\/215\/hymne-3b2f72-ebcfcb-0@1x.jpeg\" alt=\"Star Academy 2025 - L'hymne de la saison 2025 est...\" loading=\"lazy\" importance=\"low\" fetchpriority=\"low\" class=\"\"\/><img decoding=\"async\" src=\"https:\/\/www.tf1info.fr\/images\/icons\/player-logo-play.svg\" alt=\"Logo lecture\" class=\"jsx-d0de44c05fe3042c PlayerLazyload__Play\"\/><\/p>\n<p>samedi 18 octobre 2025<\/p>\n<p>VICTOR IMMUNIS\u00c9 !23:42<\/p>\n<p>Le candidat parisien qui a \u00e9pat\u00e9 avec sa reprise de \u00ab\u00a0My Way\u00a0\u00bb de Frank Sinatra re\u00e7oit l&rsquo;immunit\u00e9 des professeurs en vue du deuxi\u00e8me prime. Autant dire qu&rsquo;il va passer une premi\u00e8re semaine au ch\u00e2teau (presque) tranquille !<\/p>\n<p>JEANNE EN REPLAY23:35<\/p>\n<p>Toute en simplicit\u00e9, Jeanne a livre une chouette de reprise de \u00ab\u00a0Une autre histoire\u00a0\u00bb, le tube de G\u00e9rard Blanc. Regardez&#8230;<\/p>\n<p>Star Academy 2025 &#8211; Jeanne chante \u00ab Une autre histoire \u00bb de G\u00e9rard BlancSource : Star Academy<\/p>\n<p><img decoding=\"async\" src=\"https:\/\/photos.tf1info.fr\/images\/383\/215\/jeanne-chante-une-autre-histoire-de-gerard-blanc-21f251-937e5f-0@1x.jpeg\" alt=\"Star Academy 2025 - Jeanne chante \u00ab Une autre histoire \u00bb de G\u00e9rard Blanc\" loading=\"lazy\" importance=\"low\" fetchpriority=\"low\" class=\"\"\/><img decoding=\"async\" src=\"https:\/\/www.tf1info.fr\/images\/icons\/player-logo-play.svg\" alt=\"Logo lecture\" class=\"jsx-d0de44c05fe3042c PlayerLazyload__Play\"\/>NOAH ENTRE EN SC\u00c8NE23:31<\/p>\n<p>Noah, 20 ans, a pass\u00e9 les auditions accompagn\u00e9 de sa soeur Laetitia au piano. Ils ont un lien tr\u00e8s fort, \u00a0apr\u00e8s avoir grandi sans leur m\u00e8re parti trop t\u00f4t. Il lui d\u00e9die \u00ab\u00a0Des milliers de je t&rsquo;aime\u00a0\u00bb de Slimane pour son premier prime.<\/p>\n<p>M\u00c9LISSA EN REPLAY23:28<\/p>\n<p>La toute jeune M\u00e9lissa a fait mouche avec la version fran\u00e7aise d&rsquo;un tube de Billie Eilish. Regardez&#8230;<\/p>\n<p>Star Academy 2025 \u2013 M\u00e9lissa chante \u00ab pourquoi m\u2019a-t-on faite ? de Carla de Coignac (Billie Eilish)Source : Star Academy<\/p>\n<p><img decoding=\"async\" src=\"https:\/\/photos.tf1info.fr\/images\/383\/215\/melissa-chante-pourquoi-ma-t-on-faite-de-carla-de-coignac-billie-eilish-fc1992-20951e-0@1x.jpeg\" alt=\"Star Academy 2025 \u2013 M\u00e9lissa chante \u00ab pourquoi m\u2019a-t-on faite ? de Carla de Coignac (Billie Eilish)\" loading=\"lazy\" importance=\"low\" fetchpriority=\"low\" class=\"\"\/><img decoding=\"async\" src=\"https:\/\/www.tf1info.fr\/images\/icons\/player-logo-play.svg\" alt=\"Logo lecture\" class=\"jsx-d0de44c05fe3042c PlayerLazyload__Play\"\/>MEHDI EN REPLAY23:27<\/p>\n<p>Red\u00e9couvrez la performance \u00e9mouvante de Mehdi sur \u00ab\u00a0Prendre racine\u00a0\u00bb de Calogero. Regardez&#8230;<\/p>\n<p>Star Academy 2025 &#8211; Mehdi chante \u00ab Prendre racine \u00bb de CalogeroSource : Star Academy<\/p>\n<p><img decoding=\"async\" src=\"https:\/\/photos.tf1info.fr\/images\/383\/215\/mehdi-chante-prendre-racine-de-calogero-eab8a0-f63665-0@1x.jpeg\" alt=\"Star Academy 2025 - Mehdi chante \u00ab Prendre racine \u00bb de Calogero\" loading=\"lazy\" importance=\"low\" fetchpriority=\"low\" class=\"\"\/><img decoding=\"async\" src=\"https:\/\/www.tf1info.fr\/images\/icons\/player-logo-play.svg\" alt=\"Logo lecture\" class=\"jsx-d0de44c05fe3042c PlayerLazyload__Play\"\/>JEANNE DANS LES AIRS23:22<\/p>\n<p>Pour se pr\u00e9senter, Jeanne est assise derri\u00e8re un piano, suspendu au-dessus de la sc\u00e8ne. Elle a 22 ans et elle vient d&rsquo;Agen. \u00ab\u00a0Ce soir commence pour moi la plus belle des histoires\u00a0\u00bb, confie-t-il avant d&rsquo;interpr\u00e9ter \u00ab\u00a0Une autre histoire\u00a0\u00bb de G\u00e9rard Blanc. Un choix audacieux !<\/p>\n<p>COUCOU M\u00c9LISSA !23:16<\/p>\n<p>La prochaine \u00e9l\u00e8ve, c&rsquo;est M\u00e9lissa. Une jeune candidate de 19 ans qui habite \u00e0 Romainville. C&rsquo;est Michael Goldman en personne qui est venu lui annoncer qu&rsquo;elle allait participer \u00e0 la nouvelle saison de la Star Academy. Ce soir, elle chante \u00ab\u00a0Pourquoi m&rsquo;a-ton faite ?\u00a0\u00bb de Carla de Coignac, la version fran\u00e7aise de \u00ab\u00a0What was I made\u00a0\u00bb de Billie Eilish.<\/p>\n<p>UN HYMNE SIGN\u00c9&#8230; ABBA !23:13<\/p>\n<p>C&rsquo;est \u00ab\u00a0Voulez-vous\u00a0\u00bb, le tube mythique Abba, qui sera l&rsquo;hymne de la promo. Dans une version fran\u00e7aise que les \u00e9l\u00e8ves vont enregistrer dans le nouveau studio du Ch\u00e2teau !<\/p>\n<p>MEHDI EN SC\u00c8NE23:07<\/p>\n<p>\u00c9l\u00e8ve en classe pr\u00e9paratoire \u00e0 Avignon, Mehdi a 20 ans et lit une lettre \u00e0 ses parents pour leur expliquer son d\u00e9sir de r\u00e9ussir dans la chanson. Il chante \u00ab\u00a0Prendre racine\u00a0\u00bb de Calogero. \u00ab\u00a0J&rsquo;adore ta voix, elle ne ressemble \u00e0 aucune autre\u00a0\u00bb, souligne Michael Goldman apr\u00e8s sa performance pleine de ferveur.<\/p>\n<p>L\u00c9O EN REPLAY23:02<\/p>\n<p>Le timide Lillois L\u00e9o a chant\u00e9 \u00ab\u00a0Peur de l&rsquo;amour\u00a0\u00bb de Carla de Coignac. Regardez&#8230;<\/p>\n<p>Star Academy 2025 &#8211; L\u00e9o chante \u00ab Peur de l\u2019amour \u00bb de Carla de Coignac \/ Tom OdellSource : Star Academy<\/p>\n<p><img decoding=\"async\" src=\"https:\/\/photos.tf1info.fr\/images\/383\/215\/leo-91f2b7-bdb247-0@1x.jpeg\" alt=\"Star Academy 2025 - L\u00e9o chante \u00ab Peur de l\u2019amour \u00bb de Carla de Coignac \/ Tom Odell\" loading=\"lazy\" importance=\"low\" fetchpriority=\"low\" class=\"\"\/><img decoding=\"async\" src=\"https:\/\/www.tf1info.fr\/images\/icons\/player-logo-play.svg\" alt=\"Logo lecture\" class=\"jsx-d0de44c05fe3042c PlayerLazyload__Play\"\/>LILY EN REPLAY23:01<\/p>\n<p>On a beaucoup aim\u00e9 sa reprise de \u00ab\u00a0Messy\u00a0\u00bb de Lola Young. Revivez la performance de Lily&#8230;<\/p>\n<p>Star Academy 2025 &#8211; Lily chante \u00ab Messy \u00bb de Lola YoungSource : Star Academy<\/p>\n<p><img decoding=\"async\" src=\"https:\/\/photos.tf1info.fr\/images\/383\/215\/lily-chante-messy-de-lola-young-6f820d-f972f1-0@1x.jpeg\" alt=\"Star Academy 2025 - Lily chante \u00ab Messy \u00bb de Lola Young\" loading=\"lazy\" importance=\"low\" fetchpriority=\"low\" class=\"\"\/><img decoding=\"async\" src=\"https:\/\/www.tf1info.fr\/images\/icons\/player-logo-play.svg\" alt=\"Logo lecture\" class=\"jsx-d0de44c05fe3042c PlayerLazyload__Play\"\/>L&rsquo;\u00c9MOTION DE L\u00c9A22:52<\/p>\n<p>Candidate venue de Suisse, L\u00e9a chante devant son papa, atteint de scl\u00e9rose en plaques. La candidate de 21 ans interpr\u00e8te \u00ab\u00a0Always Remember Us This Way\u00a0\u00bb de Lady Gaga dans une version toute en puissance. \u00ab\u00a0\u00c7a groove dans ton larynx !\u00a0\u00bb, s&rsquo;enthousiasme Sofia Morgavi.<\/p>\n<p>REPLAY22:50<\/p>\n<p>Vous avez manqu\u00e9 Ema et Lenny sur \u00ab\u00a0Love Yourself\u00a0\u00bb de Justin Bieber ? C&rsquo;est par ici&#8230;<\/p>\n<p>Star Academy 2025 &#8211; Lenny et Ema chantent \u00ab Love yourself \u00bb de Justin BieberSource : Star Academy<\/p>\n<p><img decoding=\"async\" src=\"https:\/\/photos.tf1info.fr\/images\/383\/215\/lenny-et-ema-bad2c7-ce2cd8-0@1x.jpeg\" alt=\"Star Academy 2025 - Lenny et Ema chantent \u00ab Love yourself \u00bb de Justin Bieber\" loading=\"lazy\" importance=\"low\" fetchpriority=\"low\" class=\"\"\/><img decoding=\"async\" src=\"https:\/\/www.tf1info.fr\/images\/icons\/player-logo-play.svg\" alt=\"Logo lecture\" class=\"jsx-d0de44c05fe3042c PlayerLazyload__Play\"\/>L\u00c9O LE LILLOIS22:42<\/p>\n<p>Il a 24 ans et vient de Lille. L\u00e9o chante, compose et \u00e9crit des chansons qu&rsquo;il partage sur les r\u00e9seaux sociaux. C&rsquo;est en revanche la premi\u00e8re fois qu&rsquo;il se produit sur sc\u00e8ne, avec une reprise de \u00ab\u00a0Peur de l&rsquo;amour\u00a0\u00bb de Carla de Coignac.<\/p>\n<p>LA MARSEILLAISE LILY EN SOLO22:38<\/p>\n<p>Lily chante depuis l&rsquo;\u00e2ge de 3 ans avec son papa. Elle a commenc\u00e9 la guitare \u00e0 6 ans dont elle joue aujourd&rsquo;hui dans les bars. \u00c0 22 ans, elle d\u00e9barque sur le plateau de \u00ab\u00a0Star Academy\u00a0\u00bb pour interpr\u00e9ter \u00ab\u00a0Messy\u00a0\u00bb de Lola Young. Pleine d&rsquo;\u00e9nergie, elle impressionne Michael Goldman. \u00ab\u00a0Lors des castings, j&rsquo;ai \u00e9crit que cette fille respire la musique\u00a0\u00bb, r\u00e9v\u00e8le le directeur.<\/p>\n<p>EMA EN DUO AVEC LENNY22:30<\/p>\n<p>La Toulousaine Ema, 25 ans, va partager le deuxi\u00e8me duo de la soir\u00e9e avec le Francilien Lenny, 21 ans. Ensemble ils interpr\u00e8tent \u00ab\u00a0Love Yourself\u00a0\u00bb de Justin Bieber. Moins spectaculaire que Victor, mais tout en douceur&#8230; Rappelons que les deux candidats se connaissaient \u00e0 peine avant d&rsquo;entrer en sc\u00e8ne. Bienveillante, Marl\u00e8ne Schaff promet de leur donner quelques conseils lors de son d\u00e9brief demain&#8230;<\/p>\n<p>\u00c9PATANT VICTOR22:26<\/p>\n<p>Vendeur en boulangerie \u00e0 Paris, Victor a livr\u00e9 une \u00e9poustouflante reprise de \u00ab\u00a0My Way\u00a0\u00bb de Frank Sinatra pour son premier prime. Regardez&#8230;<\/p>\n<p>Star Academy 2025 &#8211; Victor chante \u00ab My way \u00bb de Franck SinatraSource : Star Academy<\/p>\n<p><img decoding=\"async\" src=\"https:\/\/photos.tf1info.fr\/images\/383\/215\/victor-ac5c06-580fa5-0@1x.jpeg\" alt=\"Star Academy 2025 - Victor chante \u00ab My way \u00bb de Franck Sinatra\" loading=\"lazy\" importance=\"low\" fetchpriority=\"low\" class=\"\"\/><img decoding=\"async\" src=\"https:\/\/www.tf1info.fr\/images\/icons\/player-logo-play.svg\" alt=\"Logo lecture\" class=\"jsx-d0de44c05fe3042c PlayerLazyload__Play\"\/>REPLAY22:20<\/p>\n<p>Th\u00e9o le kin\u00e9 de Montpellier et L\u00e9ane, la Beyonc\u00e9 de Montpellier en duo sur \u00ab\u00a0Perfect\u00a0\u00bb de Ed Sheeran et \u00ab\u00a0Crazy in Love\u00a0\u00bb de Queen B. c&rsquo;est \u00e0 revivre ici&#8230;<\/p>\n<p>Star Academy 2025 &#8211; Th\u00e9o P. et Leane chantent \u00ab Perfect Duet \u00bb d\u2019Ed Sheeran et \u00ab Crazy in love \u00bb de Beyonc\u00e9Source : Star Academy<\/p>\n<p><img decoding=\"async\" src=\"https:\/\/photos.tf1info.fr\/images\/383\/215\/theo-et-leane-98624e-452626-0@1x.jpeg\" alt=\"Star Academy 2025 - Th\u00e9o P. et Leane chantent \u00ab Perfect Duet \u00bb d\u2019Ed Sheeran et \u00ab Crazy in love \u00bb de Beyonc\u00e9\" loading=\"lazy\" importance=\"low\" fetchpriority=\"low\" class=\"\"\/><img decoding=\"async\" src=\"https:\/\/www.tf1info.fr\/images\/icons\/player-logo-play.svg\" alt=\"Logo lecture\" class=\"jsx-d0de44c05fe3042c PlayerLazyload__Play\"\/>PLACE \u00c0 VICTOR22:12<\/p>\n<p>Le prochain candidat, c&rsquo;est Victor, 24 ans, vendeur en boulangerie p\u00e2tisserie \u00e0 Montmartre. Depuis deux ans, il chante dans les rues de Paris. Ce soir, il interpr\u00e8te le classique \u00ab\u00a0My Way\u00a0\u00bb de Frank Sinatra. Apr\u00e8s une intro toute en douceur, le jeune homme monte en puissance et atteint une note stratosph\u00e9rique sous le regard de ses camarades \u00e9bahis. \u00ab\u00a0C&rsquo;est une dinguerie !\u00a0\u00bb, lance la prof de chant Sofia Morgavi.<\/p>\n<p>REPLAY22:10<\/p>\n<p>La Belge Anouk nous a \u00e9mu avec une reprise de sa compatriote H\u00e9l\u00e9na. Regardez !<\/p>\n<p>Star Academy 2025 &#8211; Anouk chante \u00ab Aim\u00e9e pour de vrai \u00bb de HelenaSource : Star Academy<\/p>\n<p><img decoding=\"async\" src=\"https:\/\/photos.tf1info.fr\/images\/383\/215\/anouck-7f2084-6c16d6-0@1x.jpeg\" alt=\"Star Academy 2025 - Anouk chante \u00ab Aim\u00e9e pour de vrai \u00bb de Helena\" loading=\"lazy\" importance=\"low\" fetchpriority=\"low\" class=\"\"\/><img decoding=\"async\" src=\"https:\/\/www.tf1info.fr\/images\/icons\/player-logo-play.svg\" alt=\"Logo lecture\" class=\"jsx-d0de44c05fe3042c PlayerLazyload__Play\"\/>TH\u00c9O P. ET L\u00c9ANE EN DUO22:02<\/p>\n<p>Le premier duo de la soir\u00e9e, c&rsquo;est pour Th\u00e9o P., 25 ans, le kin\u00e9 qui vient de Valenciennes, et L\u00e9ane, 19 ans, une chanteuse et danseuse qui vient de Montpellier. Ils viennent chanter \u00ab\u00a0Perfect\u00a0\u00bb de Ed Sheeran et Beyonc\u00e9. Surprise : au terme de cette jolie ballade, Th\u00e9o passe aux platines pendant que L\u00e9ane est rejointe par une troupe de danseuses pour un \u00ab\u00a0Crazy in Love\u00a0\u00bb endiabl\u00e9 !<\/p>\n<p>REPLAY21:58<\/p>\n<p>Comment \u00e7a ? Vous avez manqu\u00e9 la performance \u00e9poustouflante de Ambre sur \u00ab\u00a0Entrer dans la lumi\u00e8re\u00a0\u00bb de Patricia Kaas ? Eh bien vous pouvez la revoir ici !\u00a0<\/p>\n<p>Star Academy 2025 &#8211; Ambre chante \u00ab Entrer dans la lumi\u00e8re \u00bb de Patricia KaasSource : Star Academy<\/p>\n<p><img decoding=\"async\" src=\"https:\/\/photos.tf1info.fr\/images\/383\/215\/ambre-b35f26-e8d48e-0@1x.jpeg\" alt=\"Star Academy 2025 - Ambre chante \u00ab Entrer dans la lumi\u00e8re \u00bb de Patricia Kaas\" loading=\"lazy\" importance=\"low\" fetchpriority=\"low\" class=\"\"\/><img decoding=\"async\" src=\"https:\/\/www.tf1info.fr\/images\/icons\/player-logo-play.svg\" alt=\"Logo lecture\" class=\"jsx-d0de44c05fe3042c PlayerLazyload__Play\"\/>ANOUK EN SC\u00c8NE21:55<\/p>\n<p>Comme H\u00e9l\u00e9na, Anouk vient de Belgique. Elle a 20 ans et r\u00eave depuis toujours de devenir chanteuse. Sur la sc\u00e8ne du Studio 217, elle parcourt les pages de son journal intime. \u00c9tudiante en droit, elle a \u00e9t\u00e9 inscrite \u00e0 la Star Ac par ses meilleures amies. Dans un d\u00e9cor de salle de classe, elle chante&#8230; \u00ab\u00a0Aim\u00e9e pour de vrai\u00a0\u00bb de sa compatriote H\u00e9l\u00e9na !<\/p>\n<p>TH\u00c9O L. EN REPLAY21:42<\/p>\n<p>Il est arriv\u00e9 en camion pour chanter \u00ab\u00a0Je suis un homme\u00a0\u00bb de Adele. Revivez la performance de Th\u00e9o L.<\/p>\n<p>Star Academy 2025 &#8211; Th\u00e9o L. chante \u00ab Je suis un homme \u00bb de ZazieSource : Star Academy<\/p>\n<p><img decoding=\"async\" src=\"https:\/\/photos.tf1info.fr\/images\/383\/215\/theo-l-chante-je-suis-un-homme-de-zazie-9ce228-d483aa-0@1x.jpeg\" alt=\"Star Academy 2025 - Th\u00e9o L. chante \u00ab Je suis un homme \u00bb de Zazie\" loading=\"lazy\" importance=\"low\" fetchpriority=\"low\" class=\"\"\/><img decoding=\"async\" src=\"https:\/\/www.tf1info.fr\/images\/icons\/player-logo-play.svg\" alt=\"Logo lecture\" class=\"jsx-d0de44c05fe3042c PlayerLazyload__Play\"\/>REPLAY21:40<\/p>\n<p>Revivez la performance de Sarah sur \u00ab\u00a0Someone Like You\u00a0\u00bb de Adele&#8230;<\/p>\n<p>Star Academy 2025 &#8211; Sarah chante \u00ab Someone like you \u00bb d\u2019AdeleSource : Star Academy<\/p>\n<p><img decoding=\"async\" src=\"https:\/\/photos.tf1info.fr\/images\/383\/215\/sarah-85e467-25b589-0@1x.jpeg\" alt=\"Star Academy 2025 - Sarah chante \u00ab Someone like you \u00bb d\u2019Adele\" loading=\"lazy\" importance=\"low\" fetchpriority=\"low\" class=\"\"\/><img decoding=\"async\" src=\"https:\/\/www.tf1info.fr\/images\/icons\/player-logo-play.svg\" alt=\"Logo lecture\" class=\"jsx-d0de44c05fe3042c PlayerLazyload__Play\"\/>PLACE \u00c0 BASTIAAN21:40<\/p>\n<p>Bastiaan a 23 ans et il habite \u00e0 Le Mesnil-le-roi. Moiti\u00e9 fran\u00e7ais, moiti\u00e9-hollandais, il a suivi des cours de com\u00e9die musicale et adore autant chanter que danser. Sur la sc\u00e8ne du Studio 217, il vient interpr\u00e9ter \u00ab\u00a0Grace Kelly\u00a0\u00bb de Mika.<\/p>\n<p>AMBRE DANS LA LUMI\u00c8RE21:34<\/p>\n<p>Troisi\u00e8me \u00e9l\u00e8ve de la soir\u00e9e, Ambre a 18 ans. Elle vit \u00e0 Paris et elle vient d&rsquo;avoir son bac. \u00ab\u00a0J&rsquo;ai le trac mais je suis heureuse d&rsquo;\u00eatre avec vous l\u00e0 ce soir\u00a0\u00bb, avoue-t-elle derri\u00e8re le piano o\u00f9 elle interpr\u00e8te \u00ab\u00a0Entrer dans la lumi\u00e8re\u00a0\u00bb de Patricia \u00a0Kaas. Sa voix puissante scotche tout le monde, \u00e0 commencer par Marine qui en reste bouche b\u00e9e. \u00ab\u00a0J&rsquo;\u00e9tais d\u00e9j\u00e0 choqu\u00e9e et que tu as dit qu&rsquo;elle n&rsquo;avait que 18 ans, j&rsquo;\u00e9tais encore plus choqu\u00e9e\u00a0\u00bb, avoue la pr\u00e9c\u00e9dente gagnante \u00e0 Nikos.<\/p>\n<p>MARINE IS BACK21:31<\/p>\n<p>Laur\u00e9ate de la pr\u00e9c\u00e9dente \u00e9dition, Marine est de retour sur le plateau du Studio 217. Elle s&rsquo;installe \u00e0 c\u00f4t\u00e9 des membres de la nouvelle promo. Avant de chanter avec eux plus tard dans la soir\u00e9e ?<\/p>\n<p>REPLAY21:27<\/p>\n<p>D\u00e9couvrez le portrait de Sarah, la premi\u00e8re \u00e9l\u00e8ve de la saison&#8230;<\/p>\n<p>Star Academy 2025 &#8211; D\u00e9couvrez le portrait de SarahSource : Star Academy<\/p>\n<p><img decoding=\"async\" src=\"https:\/\/photos.tf1info.fr\/images\/383\/215\/sarah-3c7297-00e0a4-0@1x.jpeg\" alt=\"Star Academy 2025 - D\u00e9couvrez le portrait de Sarah\" loading=\"lazy\" importance=\"low\" fetchpriority=\"low\" class=\"\"\/><img decoding=\"async\" src=\"https:\/\/www.tf1info.fr\/images\/icons\/player-logo-play.svg\" alt=\"Logo lecture\" class=\"jsx-d0de44c05fe3042c PlayerLazyload__Play\"\/>PLACE \u00c0 TH\u00c9O L.21:25<\/p>\n<p>Originaire d&rsquo;Orl\u00e9ans, Th\u00e9o L. a 23 ans et travaille dans l&rsquo;\u00e9v\u00e9nementiel. Dans sa r\u00e9gion, il assure les f\u00eates de village, sillonnant les routes avec son gros camion en compagnie de son papy Michel. \u00ab\u00a0C&rsquo;est l&rsquo;heure de passer de l&rsquo;ombre \u00e0 la lumi\u00e8re\u00a0\u00bb, annonce-t-il. Son r\u00eave ? Chanter avec Florent Pagny ou Patrick Fiori. Son premier titre en direct : \u00ab\u00a0Je suis un homme \u00a0\u00bb de Zazie.<\/p>\n<p>PREMI\u00c8RE IMMUNIT\u00c921:23<\/p>\n<p>Michael Goldman r\u00e9v\u00e8le que suite \u00e0 un vote des professeurs, le meilleur \u00e9l\u00e8ve de la soir\u00e9e sera immunis\u00e9 pour le prochain prime. D\u00e9j\u00e0 la pression pour les 17 membres de la nouvelle promo.<\/p>\n<p>SARAH IMPRESSIONNE MICHAEL21:23<\/p>\n<p>\u00ab\u00a0Sarah est totalement autodidacte\u00a0\u00bb, r\u00e9v\u00e8le Michael Goldman \u00e0 propos de la premi\u00e8re candidate de la saison, impatient qu&rsquo;elle travaille avec Sofia Morgavi et Marl\u00e8ne Schaff.<\/p>\n<p>SARAH OUVRE LE BAL21:17<\/p>\n<p>La premi\u00e8re \u00e0 entrer en piste ce soir, c&rsquo;est Sarah ! Seule en sc\u00e8ne, la candidate de 23 raconte son enfance \u00e0 Aubervilliers, sa passion pour Amy Winehouse, ses voyages \u00e0 Londres et en Australie o\u00f9 elle a chant\u00e9 sur un paquebot, d\u00e9couvrant sa vocation. Elle chante \u00ab\u00a0Someone Like You\u00a0\u00bb de Adele&#8230; et c&rsquo;est impressionnant !<\/p>\n<p>17 \u00c9L\u00c8VES DANS LA PROMO21:11<\/p>\n<p>Depuis le Studio 217, Nikos annonce qu&rsquo;ils seront 17 \u00e0 faire partie de la promo 2025 de la Star Academy ! L&rsquo;un ou l&rsquo;une d&rsquo;entre eux succ\u00e8dera \u00e0 Anisha, Pierre Garnier et Marine dans quelques semaines. \u00c0 la cl\u00e9, un ch\u00e8que de 100.000 euros et l&rsquo;enregistrement d&rsquo;un album.<\/p>\n<p>SUR VOS AGENDAS21:07<\/p>\n<p>On ne conna\u00eet pas encore les participants&#8230; Mais les dates de la tourn\u00e9e 2026 de la nouvelle promo sont d\u00e9j\u00e0 fix\u00e9es. Les r\u00e9servations ? C&rsquo;est mardi prochain !<\/p>\n<p>Culture, m\u00e9dias et divertissement<img decoding=\"async\" src=\"https:\/\/www.europesays.com\/fr\/wp-content\/uploads\/2025\/10\/star-academy-2025-logo-6a275a-0@1x.jpeg\" alt=\"&quot;Star Academy&quot; : les dates de la tourn\u00e9e de 2026 d\u00e9j\u00e0 d\u00e9voil\u00e9es \" loading=\"lazy\" importance=\"low\" fetchpriority=\"low\" class=\"\" aria-hidden=\"true\"\/>Publi\u00e9 le 17 octobre 2025 \u00e0 12h28D\u00c9COUVREZ EMA !20:54<\/p>\n<p>Elle s&rsquo;appelle Ema, elle a 25 ans, et ce soir elle entre au Ch\u00e2teau de la Star Academy ! D\u00e9couvrez son portrait en exclusivit\u00e9&#8230;<\/p>\n<p>Star Academy 2025 &#8211; D\u00e9couvrez le portrait d&rsquo;EmaSource : Star Academy<\/p>\n<p><img decoding=\"async\" src=\"https:\/\/www.europesays.com\/fr\/wp-content\/uploads\/2025\/10\/decouvrez-en-avant-premiere-le-portrait-dema-nouvelle-eleve-de-la-promo-ad6d8d-651eda-0@1x.jpg\" alt=\"Star Academy 2025 - D\u00e9couvrez le portrait d'Ema\" loading=\"lazy\" class=\"jsx-d0de44c05fe3042c PlayerLazyload__Image\"\/><img decoding=\"async\" src=\"https:\/\/www.tf1info.fr\/images\/icons\/player-logo-play.svg\" alt=\"Logo lecture\" class=\"jsx-d0de44c05fe3042c PlayerLazyload__Play\"\/>NOUVEAU VISAGE20:26<\/p>\n<p>Apr\u00e8s Malika Benjelloun, c&rsquo;est au tour de Jonathan Jenvrin d&rsquo;assurer les cours de dans cette ann\u00e9e. Voici son portrait&#8230;<\/p>\n<p>Culture, m\u00e9dias et divertissement<img decoding=\"async\" src=\"https:\/\/www.europesays.com\/fr\/wp-content\/uploads\/2025\/10\/jonathan-jenvrin-1b136e-0@1x.jpeg\" alt=\"Jonathan Jenvrin est le nouveau prof de danse de la &quot;Star Academy&quot;.\" loading=\"lazy\" importance=\"low\" fetchpriority=\"low\" class=\"\" aria-hidden=\"true\"\/>LE CH\u00c2TEAU EST PR\u00caT !20:25<\/p>\n<p>Dans quelques heures, la nouvelle promo de la Star Ac va d\u00e9barquer au ch\u00e2teau de Dammarie-les-Lys. La visite avec Karima Charni ? C&rsquo;est par ici !<\/p>\n<p data-module=\"article-paragraph\" class=\"jsx-3046738180 Paragraph Paragraph__End\">De la nouveaut\u00e9, on en trouve \u00e9galement au sein du coll\u00e8ge des professeurs avec <a href=\"https:\/\/www.tf1info.fr\/culture\/video-saison-13-star-academy-je-vais-les-rassurer-et-les-accompagner-qui-est-jonathan-jenvrin-le-nouveau-prof-de-danse-2397716.html\" target=\"_blank\" rel=\"noopener\">Jonathan Jenvrin, le nouveau prof de danse <\/a>qui succ\u00e8de \u00e0 Malika Benjelloun, et Alain Degois, alias Papy, le directeur artistique du Jamel Comedy Club qui assurera les cours de th\u00e9\u00e2tre en lieu et place du Belge Hugues Hamelynck. Tandis que Michael Goldman rempile pour une quatri\u00e8me saison dans son fauteuil de directeur \u2013 avec un bureau tout neuf \u2013 on retrouvera \u00e9galement la prof de chant Sofia Morgavi, la prof d\u2019expression sc\u00e9nique Marl\u00e8ne Schaff, les r\u00e9p\u00e9titrices Lucie Bernardoni et Fanny Delaigue ainsi que le prof de sport Ladji Doucour\u00e9.<\/p>\n<p><a href=\"https:\/\/www.tf1info.fr\/culture\/programme-tv-tf1-date-de-lancement-nouveaux-profs-surprises-tout-ce-qu-il-faut-savoir-sur-la-star-academy-2025-2397557.html\" rel=\"noopener\" class=\"jsx-3308031228 Link flex\" target=\"_blank\"><img decoding=\"async\" src=\"https:\/\/www.europesays.com\/fr\/wp-content\/uploads\/2025\/10\/star-academy-2025-2026-e715a6-0@1x.jpeg\" alt=\"TF1\" loading=\"lazy\" importance=\"low\" fetchpriority=\"low\" class=\"\" aria-hidden=\"true\"\/><\/p>\n<p class=\"jsx-3657663356 ReadMoreArticle__Title\">Lire aussi<\/p>\n<p class=\"jsx-3657663356\">\u00ab\u00a0Star Academy 2025\u00a0\u00bb ce soir : nouveaux profs, surprises\u2026 Tout ce qu&rsquo;il faut savoir sur la nouvelle saison<\/p>\n<p><\/a><\/p>\n<p data-module=\"article-paragraph\" class=\"jsx-3046738180 Paragraph Paragraph__End\">Depuis son retour en 2022 sur TF1, la Star Academy vit une seconde jeunesse, r\u00e9unissant les nostalgiques de la premi\u00e8re \u00e9poque et une nouvelle g\u00e9n\u00e9ration qui pl\u00e9biscite Pierre Garnier, H\u00e9l\u00e9na, Marine, Julien Lieb, Marguerite ou encore Candice dont le nouvel EP, sorti vendredi, est d\u00e9j\u00e0 en t\u00eate des ventes. Un succ\u00e8s qui se confirme sur sc\u00e8ne : alors que la saison n\u2019a pas encore commenc\u00e9, les dates de la prochaine tourn\u00e9e viennent d\u2019\u00eatre annonc\u00e9es, avec en point d\u2019orgue l\u2019Accor Arena \u00e0 Paris le 3 avril. Mise en vente des billets mardi prochain \u00e0 midi\u2026 Le temps de d\u00e9couvrir vos nouveaux favoris !<\/p>\n<p>J\u00e9r\u00f4me VERMELIN<\/p>\n","protected":false},"excerpt":{"rendered":"Quelques mois apr\u00e8s la victoire de Marine, \u00ab\u00a0Star Academy\u00a0\u00bb faisait son retour samedi soir sur TF1. 17 nouveaux&hellip;\n","protected":false},"author":2,"featured_media":473565,"comment_status":"","ping_status":"","sticky":false,"template":"","format":"standard","meta":{"footnotes":""},"categories":[8],"tags":[1111,11,1921,58,59,1011,27,1922,59698,2041,10827,5096,502,5095,59699,199,133,2040],"class_list":{"0":"post-473564","1":"post","2":"type-post","3":"status-publish","4":"format-standard","5":"has-post-thumbnail","7":"category-divertissement","8":"tag-actu","9":"tag-actualites","10":"tag-article-video","11":"tag-divertissement","12":"tag-entertainment","13":"tag-fr","14":"tag-france","15":"tag-info","16":"tag-karima-charni","17":"tag-medias-et-divertissement","18":"tag-nikos-aliagas","19":"tag-pierre-garnier","20":"tag-programme-tv","21":"tag-star-academy","22":"tag-star-academy-2025","23":"tag-tf1","24":"tag-video","25":"tag-video-culture"},"share_on_mastodon":{"url":"https:\/\/pubeurope.com\/@fr\/115397743945007559","error":""},"_links":{"self":[{"href":"https:\/\/www.europesays.com\/fr\/wp-json\/wp\/v2\/posts\/473564","targetHints":{"allow":["GET"]}}],"collection":[{"href":"https:\/\/www.europesays.com\/fr\/wp-json\/wp\/v2\/posts"}],"about":[{"href":"https:\/\/www.europesays.com\/fr\/wp-json\/wp\/v2\/types\/post"}],"author":[{"embeddable":true,"href":"https:\/\/www.europesays.com\/fr\/wp-json\/wp\/v2\/users\/2"}],"replies":[{"embeddable":true,"href":"https:\/\/www.europesays.com\/fr\/wp-json\/wp\/v2\/comments?post=473564"}],"version-history":[{"count":0,"href":"https:\/\/www.europesays.com\/fr\/wp-json\/wp\/v2\/posts\/473564\/revisions"}],"wp:featuredmedia":[{"embeddable":true,"href":"https:\/\/www.europesays.com\/fr\/wp-json\/wp\/v2\/media\/473565"}],"wp:attachment":[{"href":"https:\/\/www.europesays.com\/fr\/wp-json\/wp\/v2\/media?parent=473564"}],"wp:term":[{"taxonomy":"category","embeddable":true,"href":"https:\/\/www.europesays.com\/fr\/wp-json\/wp\/v2\/categories?post=473564"},{"taxonomy":"post_tag","embeddable":true,"href":"https:\/\/www.europesays.com\/fr\/wp-json\/wp\/v2\/tags?post=473564"}],"curies":[{"name":"wp","href":"https:\/\/api.w.org\/{rel}","templated":true}]}}