{"id":473568,"date":"2025-10-18T23:24:12","date_gmt":"2025-10-18T23:24:12","guid":{"rendered":"https:\/\/www.europesays.com\/fr\/473568\/"},"modified":"2025-10-18T23:24:12","modified_gmt":"2025-10-18T23:24:12","slug":"lenquete-sur-la-mort-du-richissime-fondateur-bascule-son-fils-desormais-au-coeur-des-soupcons-liberation","status":"publish","type":"post","link":"https:\/\/www.europesays.com\/fr\/473568\/","title":{"rendered":"l\u2019enqu\u00eate sur la mort du richissime fondateur bascule, son fils d\u00e9sormais au c\u0153ur des soup\u00e7ons \u2013 Lib\u00e9ration"},"content":{"rendered":"<p class=\"sc-cPiKLX AiZTS text-element\">De l\u2019accident \u00e0 l\u2019homicide ? Celui qui avait cr\u00e9\u00e9 de toutes pi\u00e8ces Mango, l\u2019une des plus grandes marques de mode au monde, <a href=\"https:\/\/www.liberation.fr\/international\/europe\/le-fondateur-de-la-marque-espagnole-de-vetements-mango-est-mort-ce-samedi-dans-un-accident-20241214_NIMC43CKFJB6FHNAK5UAERIGF4\/\" target=\"_blank\" rel=\"noreferrer nofollow noopener\" title=\"https:\/\/www.liberation.fr\/international\/europe\/le-fondateur-de-la-marque-espagnole-de-vetements-mango-est-mort-ce-samedi-dans-un-accident-20241214_NIMC43CKFJB6FHNAK5UAERIGF4\/\">Isak Andic est mort en d\u00e9cembre 2024<\/a>, \u00e0 l\u2019\u00e2ge de 71 ans. Sa disparition avait provoqu\u00e9 une grande \u00e9motion dans le monde des affaires, mais elle \u00e9tait &#8211; jusqu\u2019ici &#8211; consid\u00e9r\u00e9e comme accidentelle, caus\u00e9e par une chute lors d\u2019une randonn\u00e9e en montagne dans les environs de Barcelone. <\/p>\n<p class=\"sc-cPiKLX AiZTS text-element\">Mais l\u2019enqu\u00eate semble prendre un nouveau tournant : le quotidien espagnol <a href=\"https:\/\/elpais.com\/espana\/2025-10-16\/los-mossos-investigan-como-posible-homicidio-la-muerte-del-fundador-de-mango-isak-andic.html\" target=\"_blank\" rel=\"noreferrer nofollow noopener\" title=\"https:\/\/elpais.com\/espana\/2025-10-16\/los-mossos-investigan-como-posible-homicidio-la-muerte-del-fundador-de-mango-isak-andic.html\">El Pais<\/a> a r\u00e9v\u00e9l\u00e9 jeudi 16 octobre au soir que la police catalane envisage d\u00e9sormais \u00abun possible homicide\u00bb qui aurait vis\u00e9 celui qui \u00e9tait l\u2019une des plus grandes fortunes d\u2019Espagne. Et le suspect n\u2019est autre que le propre fils de l\u2019homme d\u2019affaires, Jonathan Andic &#8211; seule personne qui l\u2019accompagnait lors de son excursion montagnarde. <\/p>\n<p class=\"sc-cPiKLX AiZTS text-element\">Le journal espagnol, qui cite \u00abdiverses sources proches de l\u2019instruction\u00bb, pointe les \u00abcontradictions\u00bb des d\u00e9clarations de Jonathan, interrog\u00e9 \u00e0 deux reprises depuis la mort de son p\u00e8re. Estefan\u00eda Knuth, golfeuse professionnelle et compagne de la victime, a \u00e9galement d\u00e9crit \u00e0 la police de mauvaises relations p\u00e8re-fils, rapporte le quotidien, ce qui alimente encore les soup\u00e7ons. <\/p>\n<p class=\"sc-cPiKLX AiZTS text-element\">Bien qu\u2019\u00e0 ce jour, les enqu\u00eateurs n\u2019ont trouv\u00e9 aucune preuve directe \u00abet encore moins d\u00e9finitive\u00bb menant \u00e0 des conclusions formelles, le journal barcelonais <a href=\"https:\/\/www.lavanguardia.com\/sucesos\/20251016\/11167671\/jueza-investiga-muerte-isak-andic-imputa-hijo-fundador-mango.html\" target=\"_blank\" rel=\"nofollow noopener\" title=\"https:\/\/www.lavanguardia.com\/sucesos\/20251016\/11167671\/jueza-investiga-muerte-isak-andic-imputa-hijo-fundador-mango.html\">La Vanguardia<\/a> assure que le statut de Jonathan a \u00e9t\u00e9 modifi\u00e9 fin septembre par le juge d\u2019instructions, de t\u00e9moin \u00e0 suspect. La police examine notamment le contenu de son t\u00e9l\u00e9phone. <\/p>\n<p class=\"sc-cPiKLX AiZTS text-element\">Interrog\u00e9s par El Pais, les porte-parole de la famille se sont born\u00e9s \u00e0 d\u00e9clarer que \u00abla famille Andic ne fera aucun commentaire\u00bb, tout en \u00e9voquant leur \u00abrespect pour les proc\u00e9dures\u00bb et en assurant qu\u2019elle \u00abcontinuera \u00e0 collaborer comme jusqu\u2019\u00e0 pr\u00e9sent avec les autorit\u00e9s comp\u00e9tentes\u00bb. Mais son positionnement est clair \u00abl\u2019innocence de Jonathan Andic sera d\u00e9montr\u00e9e\u00bb. Selon le magazine Forbes, la fortune nette d\u2019Isak Andic ainsi que celle de sa famille \u00e9tait \u00e9valu\u00e9e \u00e0 4,5 milliards de dollars. <\/p>\n","protected":false},"excerpt":{"rendered":"De l\u2019accident \u00e0 l\u2019homicide ? Celui qui avait cr\u00e9\u00e9 de toutes pi\u00e8ces Mango, l\u2019une des plus grandes marques&hellip;\n","protected":false},"author":2,"featured_media":473569,"comment_status":"","ping_status":"","sticky":false,"template":"","format":"standard","meta":{"footnotes":""},"categories":[6],"tags":[35,33,34,123,1011,27],"class_list":{"0":"post-473568","1":"post","2":"type-post","3":"status-publish","4":"format-standard","5":"has-post-thumbnail","7":"category-economie","8":"tag-business","9":"tag-economie","10":"tag-economy","11":"tag-espagne","12":"tag-fr","13":"tag-france"},"share_on_mastodon":{"url":"https:\/\/pubeurope.com\/@fr\/115397752538942834","error":""},"_links":{"self":[{"href":"https:\/\/www.europesays.com\/fr\/wp-json\/wp\/v2\/posts\/473568","targetHints":{"allow":["GET"]}}],"collection":[{"href":"https:\/\/www.europesays.com\/fr\/wp-json\/wp\/v2\/posts"}],"about":[{"href":"https:\/\/www.europesays.com\/fr\/wp-json\/wp\/v2\/types\/post"}],"author":[{"embeddable":true,"href":"https:\/\/www.europesays.com\/fr\/wp-json\/wp\/v2\/users\/2"}],"replies":[{"embeddable":true,"href":"https:\/\/www.europesays.com\/fr\/wp-json\/wp\/v2\/comments?post=473568"}],"version-history":[{"count":0,"href":"https:\/\/www.europesays.com\/fr\/wp-json\/wp\/v2\/posts\/473568\/revisions"}],"wp:featuredmedia":[{"embeddable":true,"href":"https:\/\/www.europesays.com\/fr\/wp-json\/wp\/v2\/media\/473569"}],"wp:attachment":[{"href":"https:\/\/www.europesays.com\/fr\/wp-json\/wp\/v2\/media?parent=473568"}],"wp:term":[{"taxonomy":"category","embeddable":true,"href":"https:\/\/www.europesays.com\/fr\/wp-json\/wp\/v2\/categories?post=473568"},{"taxonomy":"post_tag","embeddable":true,"href":"https:\/\/www.europesays.com\/fr\/wp-json\/wp\/v2\/tags?post=473568"}],"curies":[{"name":"wp","href":"https:\/\/api.w.org\/{rel}","templated":true}]}}