{"id":473585,"date":"2025-10-18T23:35:12","date_gmt":"2025-10-18T23:35:12","guid":{"rendered":"https:\/\/www.europesays.com\/fr\/473585\/"},"modified":"2025-10-18T23:35:12","modified_gmt":"2025-10-18T23:35:12","slug":"previsions-du-dimanche-19-octobre-2025","status":"publish","type":"post","link":"https:\/\/www.europesays.com\/fr\/473585\/","title":{"rendered":"pr\u00e9visions du dimanche 19 octobre 2025"},"content":{"rendered":"<p class=\"mb-4 text-lg md:leading-8 break-words\"><strong>M\u00e9t\u00e9o &#8211; Des averses sont annonc\u00e9es aujourd&rsquo;hui, et peuvent perturber les balades. Les temp\u00e9ratures seront de 17\u00b0C le matin et de 19\u00b0C l&rsquo;apr\u00e8s-midi&#8230;<\/strong><\/p>\n<p class=\"mb-4 text-lg md:leading-8 break-words\">Aujourd&rsquo;hui, Montpellier sera travers\u00e9e par de l\u00e9g\u00e8res averses. Les maximales pourront atteindre 19\u00b0C alors que les minimales seront de 13\u00b0C. Un petit vent de sud-est sera ressenti par les habitants. Les valeurs tourneront autour des 17\u00b0C au cours de la matin\u00e9e. Les temp\u00e9ratures afficheront entre 18 et 19\u00b0C durant l&rsquo;apr\u00e8s-midi. Des averses tomberont le soir. Les valeurs s&rsquo;\u00e9chelonneront de 17 \u00e0 18\u00b0C. Pour les passionn\u00e9s d&rsquo;astronomie, sachez que la nuit sera pluvieuse.<\/p>\n<p class=\"mb-4 text-lg md:leading-8 break-words\">On notera la pr\u00e9sence persistante de nuages demain \u00e0 Montpellier. Intemp\u00e9ries : on pr\u00e9voit des pluies \u00e9parses. C&rsquo;est une hausse de quelques degr\u00e9s que vont enregistrer les temp\u00e9ratures. Le mercure affichera 19\u00b0C en moyenne. La grisaille ne se disperse toujours pas, il y aura encore des nuages le matin. Les temp\u00e9ratures seront de 18\u00b0C au plus bas et de 21\u00b0C au maximum. Une brise de nord-est soufflera doucement. Demain apr\u00e8s-midi, encore des nuages dans le ciel qui emp\u00eachent le soleil d&rsquo;appara\u00eetre. Les valeurs s&rsquo;\u00e9chelonneront entre 18 et 20\u00b0C. Les nuages \u00e0 pr\u00e9voir demain soir, et un ciel encore gris. Du mauvais temps est \u00e0 pr\u00e9voir. Des pluies \u00e9parses vont tomber. Un vent de nord-ouest soufflera un peu, avec 7 km\/h.<\/p>\n<p class=\"mb-4 text-lg md:leading-8 break-words\">Le temps va s&rsquo;am\u00e9liorer dans les journ\u00e9es suivantes. Il va faire un temps relativement ensoleill\u00e9 avec des temp\u00e9ratures avoisinant 19\u00b0C.<\/p>\n<p class=\"mb-4 text-lg md:leading-8 break-words\"><a href=\"https:\/\/www.20minutes.fr\/planete\/previsions-meteo\/4180174-20251019-meteo-montpellier-previsions-dimanche-19-octobre-2025?at_medium=RSS%20feed&amp;at_campaign=ynews&amp;utm_source=yahoo&amp;utm_medium=rss&amp;utm_campaign=news_feed&amp;utm_content=read_more_link&quot;\" rel=\"nofollow noopener\" target=\"_blank\" data-ylk=\"slk:Lire la suite sur 20minutes;elm:context_link;itc:0;sec:content-canvas\" class=\"link \">Lire la suite sur 20minutes<\/a><\/p>\n","protected":false},"excerpt":{"rendered":"M\u00e9t\u00e9o &#8211; Des averses sont annonc\u00e9es aujourd&rsquo;hui, et peuvent perturber les balades. Les temp\u00e9ratures seront de 17\u00b0C le&hellip;\n","protected":false},"author":2,"featured_media":473586,"comment_status":"","ping_status":"","sticky":false,"template":"","format":"standard","meta":{"footnotes":""},"categories":[9599],"tags":[1111,11,1777,674,1011,27,44166,2487,2208,12,2680,25],"class_list":{"0":"post-473585","1":"post","2":"type-post","3":"status-publish","4":"format-standard","5":"has-post-thumbnail","7":"category-montpellier","8":"tag-actu","9":"tag-actualites","10":"tag-eu","11":"tag-europe","12":"tag-fr","13":"tag-france","14":"tag-le-matin","15":"tag-meteo","16":"tag-montpellier","17":"tag-news","18":"tag-occitanie","19":"tag-republique-francaise"},"share_on_mastodon":{"url":"https:\/\/pubeurope.com\/@fr\/115397795666209793","error":""},"_links":{"self":[{"href":"https:\/\/www.europesays.com\/fr\/wp-json\/wp\/v2\/posts\/473585","targetHints":{"allow":["GET"]}}],"collection":[{"href":"https:\/\/www.europesays.com\/fr\/wp-json\/wp\/v2\/posts"}],"about":[{"href":"https:\/\/www.europesays.com\/fr\/wp-json\/wp\/v2\/types\/post"}],"author":[{"embeddable":true,"href":"https:\/\/www.europesays.com\/fr\/wp-json\/wp\/v2\/users\/2"}],"replies":[{"embeddable":true,"href":"https:\/\/www.europesays.com\/fr\/wp-json\/wp\/v2\/comments?post=473585"}],"version-history":[{"count":0,"href":"https:\/\/www.europesays.com\/fr\/wp-json\/wp\/v2\/posts\/473585\/revisions"}],"wp:featuredmedia":[{"embeddable":true,"href":"https:\/\/www.europesays.com\/fr\/wp-json\/wp\/v2\/media\/473586"}],"wp:attachment":[{"href":"https:\/\/www.europesays.com\/fr\/wp-json\/wp\/v2\/media?parent=473585"}],"wp:term":[{"taxonomy":"category","embeddable":true,"href":"https:\/\/www.europesays.com\/fr\/wp-json\/wp\/v2\/categories?post=473585"},{"taxonomy":"post_tag","embeddable":true,"href":"https:\/\/www.europesays.com\/fr\/wp-json\/wp\/v2\/tags?post=473585"}],"curies":[{"name":"wp","href":"https:\/\/api.w.org\/{rel}","templated":true}]}}